{"id":226408,"date":"2026-01-12T20:27:22","date_gmt":"2026-01-12T20:27:22","guid":{"rendered":"https:\/\/www.europesays.com\/pt\/226408\/"},"modified":"2026-01-12T20:27:22","modified_gmt":"2026-01-12T20:27:22","slug":"lauana-prado-anuncia-termino-com-a-noiva-tati-dias","status":"publish","type":"post","link":"https:\/\/www.europesays.com\/pt\/226408\/","title":{"rendered":"Lauana Prado anuncia t\u00e9rmino com a noiva Tati Dias"},"content":{"rendered":"<p>  <img class=\"content-first-image wp-image-2772713 size-full\" loading=\"eager\" decoding=\"sync\" fetchpriority=\"high\" src=\"https:\/\/www.europesays.com\/pt\/wp-content\/uploads\/2026\/01\/lauana-prado-e-tati-dias.jpg\" alt=\"Lauana Prado e Tati Dias terminaram noivado\" width=\"1200\" height=\"630\"  \/>Lauana Prado e Tati Dias terminaram noivadoFoto: Reprodu\u00e7\u00e3o\/Redes sociais\/ND Mais<\/p>\n<p>A cantora Lauana Prado e a influenciadora Tati Dias anunciaram, na noite deste domingo (11), o fim do noivado. <a href=\"https:\/\/ndmais.com.br\/musica\/lauana-prado-revela-ter-sofrido-homofobia-dentro-e-fora-do-backstage\/\" rel=\"nofollow noopener\" target=\"_blank\">O casal estava junto<\/a> desde junho de 2024 e havia oficializado o noivado em junho de 2025, durante uma viagem \u00e0 Praia do Forte, na Bahia.<\/p>\n<p>A separa\u00e7\u00e3o foi comunicada por meio de uma mensagem publicada por Lauana nas redes sociais. No texto, a cantora destacou que a decis\u00e3o foi tomada de forma madura e respeitosa, ap\u00f3s ambas perceberem que os caminhos come\u00e7aram a seguir dire\u00e7\u00f5es diferentes.<\/p>\n<ul class=\"slider-galeria-de-foto-wrapper glide__slides\">\n<li id=\"galeria-slide-1\" class=\"slider-galeria-de-foto-slide glide__slide\">\n<p> 1 de 3 <\/p>\n<p> <a href=\"https:\/\/static.ndmais.com.br\/2026\/01\/lauana-prado-e-tati-dias-3.jpg\" title=\"Lauana anunciou t\u00e9rmino pelo Instagram - Reprodu\u00e7\u00e3o\/Redes sociais\/ND Mais\" data-caption=\"Lauana anunciou t\u00e9rmino pelo Instagram - Reprodu\u00e7\u00e3o\/Redes sociais\/ND Mais\" id=\"zoom-gallery-2772718\" class=\"imagem-galeria\" data-fancybox=\"\" rel=\"nofollow noopener\" target=\"_blank\"> <img decoding=\"async\" width=\"800\" height=\"420\" src=\"https:\/\/www.europesays.com\/pt\/wp-content\/uploads\/2026\/01\/lauana-prado-e-tati-dias-3-800x420.jpg\" class=\"\" alt=\"Lauana anunciou t\u00e9rmino pelo Instagram - Reprodu\u00e7\u00e3o\/Redes sociais\/ND Mais\" loading=\"lazy\"  \/> <\/a> <\/p>\n<p> Lauana anunciou t\u00e9rmino pelo Instagram &#8211; Reprodu\u00e7\u00e3o\/Redes sociais\/ND Mais <\/p>\n<\/li>\n<li id=\"galeria-slide-2\" class=\"slider-galeria-de-foto-slide glide__slide\">\n<p> 2 de 3 <\/p>\n<p> <a href=\"https:\/\/static.ndmais.com.br\/2026\/01\/lauana-prado-e-tati-dias-1-1.jpg\" title=\"As duas ficaram noivas em julho de 2025 - Reprodu\u00e7\u00e3o\/Redes sociais\/ND Mais\" data-caption=\"As duas ficaram noivas em julho de 2025 - Reprodu\u00e7\u00e3o\/Redes sociais\/ND Mais\" id=\"zoom-gallery-2772720\" class=\"imagem-galeria\" data-fancybox=\"\" rel=\"nofollow noopener\" target=\"_blank\"> <img decoding=\"async\" width=\"800\" height=\"420\" src=\"https:\/\/www.europesays.com\/pt\/wp-content\/uploads\/2026\/01\/lauana-prado-e-tati-dias-1-1-800x420.jpg\" class=\"\" alt=\"As duas ficaram noivas em julho de 2025 - Reprodu\u00e7\u00e3o\/Redes sociais\/ND Mais\" loading=\"lazy\"  \/> <\/a> <\/p>\n<p> As duas ficaram noivas em julho de 2025 &#8211; Reprodu\u00e7\u00e3o\/Redes sociais\/ND Mais <\/p>\n<\/li>\n<li id=\"galeria-slide-3\" class=\"slider-galeria-de-foto-slide glide__slide\">\n<p> 3 de 3 <\/p>\n<p> <a href=\"https:\/\/static.ndmais.com.br\/2026\/01\/lauana-prado-e-tati-dias-2.jpg\" title=\"Lauana e Tati estavam juntas h\u00e1 dois anos - Reprodu\u00e7\u00e3o\/Redes sociais\/ND Mais\" data-caption=\"Lauana e Tati estavam juntas h\u00e1 dois anos - Reprodu\u00e7\u00e3o\/Redes sociais\/ND Mais\" id=\"zoom-gallery-2772719\" class=\"imagem-galeria\" data-fancybox=\"\" rel=\"nofollow noopener\" target=\"_blank\"> <img decoding=\"async\" width=\"800\" height=\"420\" src=\"https:\/\/www.europesays.com\/pt\/wp-content\/uploads\/2026\/01\/lauana-prado-e-tati-dias-2-800x420.jpg\" class=\"\" alt=\"Lauana e Tati estavam juntas h\u00e1 dois anos - Reprodu\u00e7\u00e3o\/Redes sociais\/ND Mais\" loading=\"lazy\"  \/> <\/a> <\/p>\n<p> Lauana e Tati estavam juntas h\u00e1 dois anos &#8211; Reprodu\u00e7\u00e3o\/Redes sociais\/ND Mais <\/p>\n<\/li>\n<\/ul>\n<p>\u201cA nossa rela\u00e7\u00e3o sempre foi cheia de amor, cuidado e parceria, e isso n\u00e3o muda. Mas entendemos que nossas rotinas, ritmos e perspectivas de vida passaram a n\u00e3o caminhar na mesma dire\u00e7\u00e3o\u201d, escreveu.<\/p>\n<p><a class=\"cta-discover d-flex justify-content-between align-items-center w-100\" target=\"_blank\" rel=\"nofollow noopner noopener\" href=\"https:\/\/profile.google.com\/cp\/Cg0vZy8xMXZ5cjY4NHho\">   Fa\u00e7a como milh\u00f5es de leitores informados: siga o ND Mais no Google.  Seguir<\/a> <\/p>\n<p>Ainda segundo a artista, o t\u00e9rmino ocorre com gratid\u00e3o pela hist\u00f3ria constru\u00edda ao longo do relacionamento. Em outro trecho da declara\u00e7\u00e3o, Lauana desejou felicidade \u00e0 ex-noiva: \u201cDesejo \u00e0 Tati toda a felicidade do mundo, que ela realize cada sonho e encontre tudo o que merece nessa nova fase\u201d.<\/p>\n<p>Em outubro do ano passado, Lauana havia comentado publicamente sobre os preparativos para o casamento, que estava or\u00e7ado em cerca de R$ 2,8 milh\u00f5es.<\/p>\n","protected":false},"excerpt":{"rendered":"Lauana Prado e Tati Dias terminaram noivadoFoto: Reprodu\u00e7\u00e3o\/Redes sociais\/ND Mais A cantora Lauana Prado e a influenciadora Tati&hellip;\n","protected":false},"author":2,"featured_media":226409,"comment_status":"","ping_status":"","sticky":false,"template":"","format":"standard","meta":{"footnotes":""},"categories":[145],"tags":[726,211,210,1967,114,115,980,1968,32,33],"class_list":{"0":"post-226408","1":"post","2":"type-post","3":"status-publish","4":"format-standard","5":"has-post-thumbnail","7":"category-celebridades","8":"tag-brasil","9":"tag-celebridades","10":"tag-celebrities","11":"tag-contedo-de-internet","12":"tag-entertainment","13":"tag-entretenimento","14":"tag-famosos","15":"tag-notcia","16":"tag-portugal","17":"tag-pt"},"share_on_mastodon":{"url":"https:\/\/pubeurope.com\/@pt\/115884015213084065","error":""},"_links":{"self":[{"href":"https:\/\/www.europesays.com\/pt\/wp-json\/wp\/v2\/posts\/226408","targetHints":{"allow":["GET"]}}],"collection":[{"href":"https:\/\/www.europesays.com\/pt\/wp-json\/wp\/v2\/posts"}],"about":[{"href":"https:\/\/www.europesays.com\/pt\/wp-json\/wp\/v2\/types\/post"}],"author":[{"embeddable":true,"href":"https:\/\/www.europesays.com\/pt\/wp-json\/wp\/v2\/users\/2"}],"replies":[{"embeddable":true,"href":"https:\/\/www.europesays.com\/pt\/wp-json\/wp\/v2\/comments?post=226408"}],"version-history":[{"count":0,"href":"https:\/\/www.europesays.com\/pt\/wp-json\/wp\/v2\/posts\/226408\/revisions"}],"wp:featuredmedia":[{"embeddable":true,"href":"https:\/\/www.europesays.com\/pt\/wp-json\/wp\/v2\/media\/226409"}],"wp:attachment":[{"href":"https:\/\/www.europesays.com\/pt\/wp-json\/wp\/v2\/media?parent=226408"}],"wp:term":[{"taxonomy":"category","embeddable":true,"href":"https:\/\/www.europesays.com\/pt\/wp-json\/wp\/v2\/categories?post=226408"},{"taxonomy":"post_tag","embeddable":true,"href":"https:\/\/www.europesays.com\/pt\/wp-json\/wp\/v2\/tags?post=226408"}],"curies":[{"name":"wp","href":"https:\/\/api.w.org\/{rel}","templated":true}]}}