{"id":226410,"date":"2026-01-12T20:32:27","date_gmt":"2026-01-12T20:32:27","guid":{"rendered":"https:\/\/www.europesays.com\/pt\/226410\/"},"modified":"2026-01-12T20:32:27","modified_gmt":"2026-01-12T20:32:27","slug":"ela-nao-e-ajudante-de-ninguem-reforca-novo-cartaz-de-supergirl-confira","status":"publish","type":"post","link":"https:\/\/www.europesays.com\/pt\/226410\/","title":{"rendered":"\u201cEla n\u00e3o \u00e9 ajudante de ningu\u00e9m\u201d, refor\u00e7a novo cartaz de \u2018Supergirl\u2019; Confira!"},"content":{"rendered":"<p><strong>\u2018<a href=\"https:\/\/cinepop.com.br\/tag\/supergirl\/\" title=\"Supergirl\" rel=\"nofollow noopener\" target=\"_blank\">Supergirl<\/a>\u2019<\/strong> \u00e9 o pr\u00f3ximo filme do rec\u00e9m-iniciado DCU e divulgou seu mais novo p\u00f4ster, que destaca a \u00daltima Filha de Krypton ao lado do tem\u00edvel Krypto, o Superc\u00e3o.<\/p>\n<p>Al\u00e9m disso, o cartaz refor\u00e7a a frase \u201cEla n\u00e3o \u00e9 ajudante de ningu\u00e9m\u201d, sublinhando o posicionamento da personagem como uma hero\u00edna independente.<\/p>\n<p>Confira e siga o\u00a0<a href=\"https:\/\/www.youtube.com\/cinepop?sub_confirmation=1\" target=\"_blank\" rel=\"noopener nofollow\"><strong>CinePOP no Youtube<\/strong><\/a>:<\/p>\n<blockquote class=\"twitter-tweet\">\n<p dir=\"ltr\" lang=\"en\">New poster and promo art for <a href=\"https:\/\/twitter.com\/hashtag\/Supergirl?src=hash&amp;ref_src=twsrc%5Etfw\" rel=\"nofollow noopener\" target=\"_blank\">#Supergirl<\/a> Movie <a href=\"https:\/\/t.co\/gxTE1fqrFA\" rel=\"nofollow\">pic.twitter.com\/gxTE1fqrFA<\/a><\/p>\n<p>\u2014 Mikhail Villarreal\ud83e\udd87\u200f (@TaurooAldebaran) <a href=\"https:\/\/twitter.com\/TaurooAldebaran\/status\/2009044945961885726?ref_src=twsrc%5Etfw\" rel=\"nofollow noopener\" target=\"_blank\">January 7, 2026<\/a><\/p>\n<\/blockquote>\n<p><strong>Lembrando que \u2018<a href=\"https:\/\/cinepop.com.br\/tag\/supergirl\/\" title=\"Supergirl\" rel=\"nofollow noopener\" target=\"_blank\">Supergirl<\/a>\u2019 chega aos cinemas nacionais no dia 25 de junho.<\/strong><\/p>\n<p>Quando um inimigo inesperado e implac\u00e1vel surge como uma amea\u00e7a, Kara Zor-El \u00e9 for\u00e7ada, contra a sua vontade, a unir-se a uma companheira improv\u00e1vel. Juntas, elas embarcam numa jornada c\u00f3smica \u00e9pica onde vingan\u00e7a e justi\u00e7a est\u00e3o em jogo \u2013 e onde Kara precisa confrontar as suas origens para encontrar o seu pr\u00f3prio caminho como hero\u00edna.<\/p>\n<p><a href=\"https:\/\/cinepop.com.br\/supergirl-james-gunn-confirma-novo-titulo-oficial-do-filme-do-dcu-660833\/\" rel=\"nofollow noopener\" target=\"_blank\">DC Studios escala roteirista de \u2018Supergirl\u2019 para novo filme da \u2018Mulher-Maravilha\u2019<\/a><\/p>\n<p>Dirigido por <strong><a href=\"https:\/\/cinepop.com.br\/tag\/craig-gillespie\/\" title=\"Craig Gillespie\" rel=\"nofollow noopener\" target=\"_blank\">Craig Gillespie<\/a><\/strong> (\u2018Cruella\u2019), o longa \u00e9 baseado nos quadrinhos <a href=\"https:\/\/cinepop.com.br\/tag\/supergirl\/\" title=\"Supergirl\" rel=\"nofollow noopener\" target=\"_blank\">Supergirl<\/a>: Woman of Tomorrow, da DC.<\/p>\n<p>O elenco ainda conta com <strong><a href=\"https:\/\/cinepop.com.br\/tag\/matthias-schoenaerts\/\" title=\"Matthias Schoenaerts\" rel=\"nofollow noopener\" target=\"_blank\">Matthias Schoenaerts<\/a><\/strong> (Krem), <strong><a href=\"https:\/\/cinepop.com.br\/tag\/eve-ridley\/\" title=\"Eve Ridley\" rel=\"nofollow noopener\" target=\"_blank\">Eve Ridley<\/a><\/strong> (Ruthye), <strong><a href=\"https:\/\/cinepop.com.br\/tag\/david-krumholtz\/\" title=\"David Krumholtz\" rel=\"nofollow noopener\" target=\"_blank\">David Krumholtz<\/a><\/strong> (Zor-El), <strong><a href=\"https:\/\/cinepop.com.br\/tag\/emily-beecham\/\" title=\"Emily Beecham\" rel=\"nofollow noopener\" target=\"_blank\">Emily Beecham<\/a><\/strong> (Alura In-Ze), <strong><a href=\"https:\/\/cinepop.com.br\/tag\/jason-momoa\/\" title=\"Jason Momoa\" rel=\"nofollow noopener\" target=\"_blank\">Jason Momoa<\/a><\/strong> (Lobo) e <strong><a href=\"https:\/\/cinepop.com.br\/tag\/ferdinand-kingsley\/\" title=\"Ferdinand Kingsley\" rel=\"nofollow noopener\" target=\"_blank\">Ferdinand Kingsley<\/a><\/strong> (Elias Knoll).<\/p>\n<p><a href=\"https:\/\/cinepop.com.br\/tenha-cuidado-foi-divulgado-o-cartaz-de-supergirl-apos-o-sucesso-de-superman-680458\/\" rel=\"nofollow noopener\" target=\"_blank\">James Gunn revela detalhes da nova \u2018Supergirl\u2019: \u201cEla n\u00e3o \u00e9 o Superman\u201d<\/a><\/p>\n<p><img fetchpriority=\"high\" decoding=\"async\" class=\"alignnone size-full wp-image-707193\" src=\"https:\/\/www.europesays.com\/pt\/wp-content\/uploads\/2025\/12\/supergirl-poster.jpg\" alt=\"\" width=\"1000\" height=\"1000\"  \/><\/p>\n<p><img decoding=\"async\" class=\"aioseo-author-bio-compact-image\" src=\"https:\/\/www.europesays.com\/pt\/wp-content\/uploads\/2025\/12\/1752016065611.jpg\" alt=\"author avatar\"\/><br \/>\nJornalista e redator apaixonado por cinema, s\u00e9ries e animes, sempre em busca de boas hist\u00f3rias para contar e compartilhar.<script async src=\"https:\/\/platform.twitter.com\/widgets.js\" charset=\"utf-8\"><\/script><\/p>\n","protected":false},"excerpt":{"rendered":"\u2018Supergirl\u2019 \u00e9 o pr\u00f3ximo filme do rec\u00e9m-iniciado DCU e divulgou seu mais novo p\u00f4ster, que destaca a \u00daltima&hellip;\n","protected":false},"author":2,"featured_media":226411,"comment_status":"","ping_status":"","sticky":false,"template":"","format":"standard","meta":{"footnotes":""},"categories":[140],"tags":[114,115,147,148,146,32,33],"class_list":{"0":"post-226410","1":"post","2":"type-post","3":"status-publish","4":"format-standard","5":"has-post-thumbnail","7":"category-filmes","8":"tag-entertainment","9":"tag-entretenimento","10":"tag-film","11":"tag-filmes","12":"tag-movies","13":"tag-portugal","14":"tag-pt"},"share_on_mastodon":{"url":"https:\/\/pubeurope.com\/@pt\/115884034789860537","error":""},"_links":{"self":[{"href":"https:\/\/www.europesays.com\/pt\/wp-json\/wp\/v2\/posts\/226410","targetHints":{"allow":["GET"]}}],"collection":[{"href":"https:\/\/www.europesays.com\/pt\/wp-json\/wp\/v2\/posts"}],"about":[{"href":"https:\/\/www.europesays.com\/pt\/wp-json\/wp\/v2\/types\/post"}],"author":[{"embeddable":true,"href":"https:\/\/www.europesays.com\/pt\/wp-json\/wp\/v2\/users\/2"}],"replies":[{"embeddable":true,"href":"https:\/\/www.europesays.com\/pt\/wp-json\/wp\/v2\/comments?post=226410"}],"version-history":[{"count":0,"href":"https:\/\/www.europesays.com\/pt\/wp-json\/wp\/v2\/posts\/226410\/revisions"}],"wp:featuredmedia":[{"embeddable":true,"href":"https:\/\/www.europesays.com\/pt\/wp-json\/wp\/v2\/media\/226411"}],"wp:attachment":[{"href":"https:\/\/www.europesays.com\/pt\/wp-json\/wp\/v2\/media?parent=226410"}],"wp:term":[{"taxonomy":"category","embeddable":true,"href":"https:\/\/www.europesays.com\/pt\/wp-json\/wp\/v2\/categories?post=226410"},{"taxonomy":"post_tag","embeddable":true,"href":"https:\/\/www.europesays.com\/pt\/wp-json\/wp\/v2\/tags?post=226410"}],"curies":[{"name":"wp","href":"https:\/\/api.w.org\/{rel}","templated":true}]}}