{"id":226414,"date":"2026-01-12T20:36:06","date_gmt":"2026-01-12T20:36:06","guid":{"rendered":"https:\/\/www.europesays.com\/pt\/226414\/"},"modified":"2026-01-12T20:36:06","modified_gmt":"2026-01-12T20:36:06","slug":"o-elo-perdido-novos-fosseis-pre-historicos-podem-ser-a-raiz-da-arvore-genealogica-do-homo-sapiens-national-geographic","status":"publish","type":"post","link":"https:\/\/www.europesays.com\/pt\/226414\/","title":{"rendered":"O elo perdido? Novos f\u00f3sseis pr\u00e9-hist\u00f3ricos podem ser a raiz da \u00e1rvore geneal\u00f3gica do Homo sapiens | National Geographic"},"content":{"rendered":"<p data-paragraph-id=\"3112963-1\" dir=\"ltr\"><strong>Evid\u00eancias gen\u00e9ticas anteriores<\/strong> sugeriam que o\u00a0<strong>ancestral mais antigo\u00a0<\/strong>do\u00a0Homo sapiens moderno viveu\u00a0<strong>entre 765 mil e 550 mil anos\u00a0<\/strong>atr\u00e1s, mas os\u00a0<strong>dados f\u00edsicos desse per\u00edodo s\u00e3o escassos<\/strong>. Berm\u00fadez de Castro e seus colegas<strong> descobriram o anterior candidato<\/strong> a nosso ancestral comum mais antigo, que eles chamaram de\u00a0<strong>Homo antecessor<\/strong>, em\u00a0<strong>Atapuerca,\u00a0<\/strong><a href=\"https:\/\/www.nationalgeographicbrasil.com\/photography\/2018\/08\/milhares-de-pessoas-vivem-nessas-antigas-cavernas-na-espanha\" rel=\"nofollow noopener\" target=\"_blank\"><strong>Espanha<\/strong><\/a>, e estimaram que ele tivesse\u00a0<strong>entre 950 mil e 770 mil anos<\/strong>.\u00a0<\/p>\n<p data-paragraph-id=\"3112963-2\" dir=\"ltr\">A descoberta levou alguns a se perguntar\u00a0<strong>se o\u00a0<\/strong><a href=\"https:\/\/www.nationalgeographicbrasil.com\/video\/tv\/101-origem-da-humanidade\" rel=\"nofollow noopener\" target=\"_blank\"><strong>Homo sapiens\u00a0<\/strong><\/a><strong>desenvolveu\u00a0<\/strong>as c<strong>aracter\u00edsticas anat\u00f4micas que o diferenciavam<\/strong> de seus\u00a0<strong>primos evolutivos na Europa<\/strong>,\u00a0<strong>e n\u00e3o na \u00c1frica<\/strong>. Mas outros consideram esse cen\u00e1rio menos plaus\u00edvel, pois\u00a0<strong>todos os esp\u00e9cimes\u00a0<\/strong>incontest\u00e1veis do<strong>\u00a0<\/strong><strong>Homo sapiens<\/strong><strong> primitivo v\u00eam da \u00c1frica<\/strong>.<\/p>\n<p data-paragraph-id=\"3112963-3\" dir=\"ltr\">O\u00a0<strong>novo trabalho<\/strong> se concentra em alguns esp\u00e9cimes f<strong>\u00f3sseis desenterrados<\/strong> nas \u00faltimas\u00a0<strong>tr\u00eas d\u00e9cadas<\/strong> em um local com uma rica hist\u00f3ria homin\u00eddea conhecido como\u00a0<strong>Thomas Quarry<\/strong> \u2014 que ficou famoso em\u00a0<strong>1969<\/strong> quando um colecionador amador descobriu um\u00a0<strong>fragmento de mand\u00edbula humana na\u00a0<\/strong><strong>Grotte \u00e0 Hominid\u00e9s<\/strong>, no Marrocos.<\/p>\n<p data-paragraph-id=\"3112963-4\" dir=\"ltr\">A pedreira inclui um\u00a0<strong>s\u00edtio arqueol\u00f3gico de 1,3 milh\u00e3o de anos<\/strong> que cont\u00e9m a<strong> primeira evid\u00eancia definitiva<\/strong> da fabrica\u00e7\u00e3o de\u00a0<a href=\"https:\/\/www.nationalgeographicbrasil.com\/historia\/2023\/10\/quais-foram-as-primeiras-ferramentas-de-pedra\" rel=\"nofollow noopener\" target=\"_blank\"><strong>ferramentas de pedra<\/strong><\/a><strong> pelo homem<\/strong> no noroeste da \u00c1frica, bem como<strong> uma \u00e1rea mais recente<\/strong> que inclui a\u00a0Grotte \u00e0 Hominid\u00e9s, onde os f\u00f3sseis mais recentes foram encontrados. No total, os\u00a0<strong>novos restos mortais incluem dois fragmentos de mand\u00edbula de adultos,<\/strong> um de uma crian\u00e7a e\u00a0<strong>v\u00e1rios dentes<\/strong> e v\u00e9rtebras associados.<\/p>\n<p data-paragraph-id=\"3112963-5\" dir=\"ltr\">\u201cO que me impressionou imediatamente foi a inesperada\u00a0<strong>graciosidade da mand\u00edbula adulta<\/strong>\u201d, diz\u00a0<strong>Jean-Jacques Hublin<\/strong>, paleoantrop\u00f3logo do Instituto Max Plank de Antropologia Evolutiva, na Alemanha, e\u00a0<strong>principal autor da pesquisa<\/strong>. \u201cMesmo antes de qualquer an\u00e1lise formal, parecia\u00a0<strong>algo que n\u00e3o se encaixava muito bem<\/strong> na narrativa estabelecida da\u00a0<strong>evolu\u00e7\u00e3o humana<\/strong> nesta parte do mundo.\u201d<\/p>\n<p data-paragraph-id=\"3112963-6\" dir=\"ltr\">Com base em\u00a0<strong>exames de microtomografia computadorizada<\/strong>, Hublin e seus colegas descobriram que\u00a0<strong>os restos mortais s\u00e3o distintos do\u00a0<\/strong><strong>Homo<\/strong><strong> antecessor<\/strong>,\u00a0<strong>sem caracter\u00edsticas<\/strong> nos dentes e mand\u00edbulas\u00a0<strong>que os ligariam aos\u00a0<\/strong><a href=\"https:\/\/www.nationalgeographicbrasil.com\/historia\/2023\/03\/como-eram-realmente-os-neandertais-e-por-que-eles-foram-extintos\" rel=\"nofollow noopener\" target=\"_blank\"><strong>neandertais<\/strong><\/a><strong> da Europa<\/strong>, mantendo\u00a0<strong>caracter\u00edsticas mais \u201cprimitivas\u201d<\/strong> que os mant\u00eam ligados \u00e0\u00a0<strong>\u00c1frica<\/strong>.\u00a0<\/p>\n<p data-paragraph-id=\"3112963-7\" dir=\"ltr\">Os f\u00f3sseis tamb\u00e9m compartilham\u00a0<strong>algumas semelhan\u00e7as com o\u00a0<\/strong><strong>Homo sapiens<\/strong><strong> moderno<\/strong> e poderiam representar\u00a0<strong>uma vers\u00e3o inicial de nossa esp\u00e9cie<\/strong>, mas os pesquisadores argumentam que a interpreta\u00e7\u00e3o mais plaus\u00edvel \u00e9 que eles\u00a0<strong>pertencem a um grupo isolado de\u00a0<\/strong><strong>Homo erectus<\/strong>, uma\u00a0<strong>esp\u00e9cie ainda mais antiga<\/strong>, que estava em processo de\u00a0<strong>diverg\u00eancia<\/strong> de popula\u00e7\u00f5es mais antigas em outros lugares.\u00a0<\/p>\n<p data-paragraph-id=\"3112963-8\" dir=\"ltr\">De qualquer forma, a an\u00e1lise da equipe sugere que<strong> o Homo antecessor e os novos restos mortais<\/strong> provavelmente v\u00eam de uma\u00a0<strong>popula\u00e7\u00e3o mais antiga<\/strong>, com os restos mortais marroquinos levando posteriormente ao<strong> Homo sapiens<\/strong>.<\/p>\n","protected":false},"excerpt":{"rendered":"Evid\u00eancias gen\u00e9ticas anteriores sugeriam que o\u00a0ancestral mais antigo\u00a0do\u00a0Homo sapiens moderno viveu\u00a0entre 765 mil e 550 mil anos\u00a0atr\u00e1s, mas&hellip;\n","protected":false},"author":2,"featured_media":226415,"comment_status":"","ping_status":"","sticky":false,"template":"","format":"standard","meta":{"footnotes":""},"categories":[84],"tags":[27997,3440,109,107,108,5407,9420,736,10547,8666,32,33,105,103,104,106,110],"class_list":{"0":"post-226414","1":"post","2":"type-post","3":"status-publish","4":"format-standard","5":"has-post-thumbnail","7":"category-ciencia-e-tecnologia","8":"tag-ancestrais-humanos","9":"tag-antropologia","10":"tag-ciencia","11":"tag-ciencia-e-tecnologia","12":"tag-cienciaetecnologia","13":"tag-evolucao","14":"tag-fossil","15":"tag-historia","16":"tag-homo-sapiens","17":"tag-paleoantropologia","18":"tag-portugal","19":"tag-pt","20":"tag-science","21":"tag-science-and-technology","22":"tag-scienceandtechnology","23":"tag-technology","24":"tag-tecnologia"},"share_on_mastodon":{"url":"https:\/\/pubeurope.com\/@pt\/115884050524721590","error":""},"_links":{"self":[{"href":"https:\/\/www.europesays.com\/pt\/wp-json\/wp\/v2\/posts\/226414","targetHints":{"allow":["GET"]}}],"collection":[{"href":"https:\/\/www.europesays.com\/pt\/wp-json\/wp\/v2\/posts"}],"about":[{"href":"https:\/\/www.europesays.com\/pt\/wp-json\/wp\/v2\/types\/post"}],"author":[{"embeddable":true,"href":"https:\/\/www.europesays.com\/pt\/wp-json\/wp\/v2\/users\/2"}],"replies":[{"embeddable":true,"href":"https:\/\/www.europesays.com\/pt\/wp-json\/wp\/v2\/comments?post=226414"}],"version-history":[{"count":0,"href":"https:\/\/www.europesays.com\/pt\/wp-json\/wp\/v2\/posts\/226414\/revisions"}],"wp:featuredmedia":[{"embeddable":true,"href":"https:\/\/www.europesays.com\/pt\/wp-json\/wp\/v2\/media\/226415"}],"wp:attachment":[{"href":"https:\/\/www.europesays.com\/pt\/wp-json\/wp\/v2\/media?parent=226414"}],"wp:term":[{"taxonomy":"category","embeddable":true,"href":"https:\/\/www.europesays.com\/pt\/wp-json\/wp\/v2\/categories?post=226414"},{"taxonomy":"post_tag","embeddable":true,"href":"https:\/\/www.europesays.com\/pt\/wp-json\/wp\/v2\/tags?post=226414"}],"curies":[{"name":"wp","href":"https:\/\/api.w.org\/{rel}","templated":true}]}}