{"id":226420,"date":"2026-01-12T20:55:23","date_gmt":"2026-01-12T20:55:23","guid":{"rendered":"https:\/\/www.europesays.com\/pt\/226420\/"},"modified":"2026-01-12T20:55:23","modified_gmt":"2026-01-12T20:55:23","slug":"jordana-teria-se-autodeclarado-negra-em-concurso","status":"publish","type":"post","link":"https:\/\/www.europesays.com\/pt\/226420\/","title":{"rendered":"Jordana teria se autodeclarado negra em concurso"},"content":{"rendered":"<p>Selecionada para o <a href=\"https:\/\/www.otempo.com.br\/entretenimento\/realities\/bbb\/2026\" target=\"_blank\" rel=\"noopener nofollow\"><strong>BBB 26<\/strong><\/a> pela Casa de Vidro do Centro-Oeste,\u00a0<strong>Jordana Morais<\/strong> virou assunto nas redes sociais neste domingo (11) ap\u00f3s a sister ser acusada de se autodeclarar negra para concorrer a um concurso do Tribunal de Justi\u00e7a do Distrito Federal (TJDFT).<\/p>\n<p>Uma publica\u00e7\u00e3o no X, antigo Twitter, mostra um documento do Centro Brasileiro de Pesquisa em Avalia\u00e7\u00e3o e Sele\u00e7\u00e3o e de Promo\u00e7\u00e3o de Eventos (Cebraspe), que mostra o nome da participante <strong>BBB 26<\/strong>, <strong>Jordana Ribeiro Morais<\/strong>, entre os candidatos que se autodeclararam negros.<\/p>\n<p>A imagem em quest\u00e3o refere-se a um concurso de 2015 do TJDFT para forma\u00e7\u00e3o de cadastro de reserva nos cargos de analista judici\u00e1rio e de t\u00e9cnico judici\u00e1rio. Na \u00e9poca,\u00a0<strong>Jordana<\/strong> teria 18 anos e o cargo t\u00e9cnico exigia apenas ensino m\u00e9dio completo.<\/p>\n<p>Na mesma rede social, o jornalista Gabriel Perline repercutiu a not\u00edcia e contou que\u00a0<strong>Jordana\u00a0<\/strong>n\u00e3o passou no concurso e destacou que o pai da participante do\u00a0<strong>BBB 26\u00a0<\/strong>\u00e9 negro, sugerindo que partiria da\u00ed a atitude da sister de se autodeclarar negra.<\/p>\n<p>At\u00e9 a conclus\u00e3o desta nota, a equipe ou a fam\u00edlia de <strong>Jordana Morais\u00a0<\/strong>n\u00e3o se pronunciaram sobre o assunto.<\/p>\n<p>Confira:<\/p>\n<blockquote class=\"twitter-tweet\"><p>&#13;<\/p>\n<p dir=\"ltr\" lang=\"pt\">\ud83d\udea8 URGENTE: Jordana, a &#8220;princesinha&#8221; da Casa de Vidro do <a href=\"https:\/\/twitter.com\/hashtag\/BBB26?src=hash&amp;ref_src=twsrc%5Etfw\" rel=\"nofollow noopener\" target=\"_blank\">#BBB26<\/a>, se autodeclarou NEGRA para concorrer no concurso do Tribunal de Justi\u00e7a do Distrito Federal. Qual opini\u00e3o de voc\u00eas? <a href=\"https:\/\/t.co\/Oarl8XwDKB\" rel=\"nofollow\">pic.twitter.com\/Oarl8XwDKB<\/a><\/p>\n<p>&#13;<br \/>\n\u2014 Ygona comenta\ud83c\udf3e (@YgonaComenta) <a href=\"https:\/\/twitter.com\/YgonaComenta\/status\/2010359644758151647?ref_src=twsrc%5Etfw\" rel=\"nofollow noopener\" target=\"_blank\">January 11, 2026<\/a><\/p><\/blockquote>\n<p>            <script async src=\"https:\/\/platform.twitter.com\/widgets.js\" charset=\"utf-8\"><\/script><\/p>\n","protected":false},"excerpt":{"rendered":"Selecionada para o BBB 26 pela Casa de Vidro do Centro-Oeste,\u00a0Jordana Morais virou assunto nas redes sociais neste&hellip;\n","protected":false},"author":2,"featured_media":226421,"comment_status":"","ping_status":"","sticky":false,"template":"","format":"standard","meta":{"footnotes":""},"categories":[145],"tags":[15986,211,210,114,115,43561,32,33],"class_list":{"0":"post-226420","1":"post","2":"type-post","3":"status-publish","4":"format-standard","5":"has-post-thumbnail","7":"category-celebridades","8":"tag-bbb-26","9":"tag-celebridades","10":"tag-celebrities","11":"tag-entertainment","12":"tag-entretenimento","13":"tag-jordana","14":"tag-portugal","15":"tag-pt"},"share_on_mastodon":{"url":"https:\/\/pubeurope.com\/@pt\/115884125233727165","error":""},"_links":{"self":[{"href":"https:\/\/www.europesays.com\/pt\/wp-json\/wp\/v2\/posts\/226420","targetHints":{"allow":["GET"]}}],"collection":[{"href":"https:\/\/www.europesays.com\/pt\/wp-json\/wp\/v2\/posts"}],"about":[{"href":"https:\/\/www.europesays.com\/pt\/wp-json\/wp\/v2\/types\/post"}],"author":[{"embeddable":true,"href":"https:\/\/www.europesays.com\/pt\/wp-json\/wp\/v2\/users\/2"}],"replies":[{"embeddable":true,"href":"https:\/\/www.europesays.com\/pt\/wp-json\/wp\/v2\/comments?post=226420"}],"version-history":[{"count":0,"href":"https:\/\/www.europesays.com\/pt\/wp-json\/wp\/v2\/posts\/226420\/revisions"}],"wp:featuredmedia":[{"embeddable":true,"href":"https:\/\/www.europesays.com\/pt\/wp-json\/wp\/v2\/media\/226421"}],"wp:attachment":[{"href":"https:\/\/www.europesays.com\/pt\/wp-json\/wp\/v2\/media?parent=226420"}],"wp:term":[{"taxonomy":"category","embeddable":true,"href":"https:\/\/www.europesays.com\/pt\/wp-json\/wp\/v2\/categories?post=226420"},{"taxonomy":"post_tag","embeddable":true,"href":"https:\/\/www.europesays.com\/pt\/wp-json\/wp\/v2\/tags?post=226420"}],"curies":[{"name":"wp","href":"https:\/\/api.w.org\/{rel}","templated":true}]}}