{"id":226452,"date":"2026-01-12T22:35:23","date_gmt":"2026-01-12T22:35:23","guid":{"rendered":"https:\/\/www.europesays.com\/pt\/226452\/"},"modified":"2026-01-12T22:35:23","modified_gmt":"2026-01-12T22:35:23","slug":"brasil-faz-historia-nos-globos-de-ouro-com-wagner-moura-e-o-agente-secreto-3","status":"publish","type":"post","link":"https:\/\/www.europesays.com\/pt\/226452\/","title":{"rendered":"Brasil faz hist\u00f3ria nos Globos de Ouro com Wagner Moura e &#8220;O Agente Secreto&#8221;"},"content":{"rendered":"<p>\t                Foi a primeira vez que o Globo de Ouro de Melhor Ator foi entregue a um brasileiro<\/p>\n<p>O cinema brasileiro fez hist\u00f3ria esta madrugada ao vencer duas estatuetas nos Globos de Ouro, com o filme \u201cO Agente Secreto\u201d a ser considerado o Melhor em L\u00edngua N\u00e3o Inglesa e Wagner Moura a ser distinguido como Melhor Ator.\u00a0<\/p>\n<p>\u201cO Agente Secreto \u00e9 um filme sobre mem\u00f3ria, a falta de mem\u00f3ria e trauma geracional\u201d, disse Wagner Moura, ao aceitar o Globo de Ouro. \u201cSe o trauma pode ser passado de gera\u00e7\u00e3o em gera\u00e7\u00e3o, os valores tamb\u00e9m podem\u201d, continuou, dedicando o pr\u00e9mio aos que continuam a \u201cdefender os seus valores em momentos dif\u00edceis\u201d.\u00a0<\/p>\n<p>Foi a primeira vez que o Globo de Ouro de Melhor Ator foi entregue a um brasileiro. Moura, que venceu numa categoria onde tamb\u00e9m estavam Michael B. Jordan, Dwayne Johnson, Joel Edgerton, Oscar Isaac e Jeremy Allen White, terminou o discurso falando em portugu\u00eas para toda a gente no Brasil que assistiu \u00e0 cerim\u00f3nia.<\/p>\n<p>\u201cDedico isto aos cineastas jovens\u201d, tinha dito, minutos antes, o realizador Kl\u00e9ber Mendon\u00e7a Filho, ao receber o Globo de Ouro para Melhor Filme em L\u00edngua N\u00e3o Inglesa. \u201cEste \u00e9 um momento muito importante na Hist\u00f3ria para fazer filmes, tanto aqui nos Estados Unidos como no Brasil\u201d, afirmou, em ingl\u00eas.\u00a0<\/p>\n<p>\u201cO Agente Secreto\u201d tamb\u00e9m estava nomeado para Melhor Filme Dram\u00e1tico, mas perdeu a estatueta para \u201cHamnet\u201d, o filme de \u00e9poca realizado por Chlo\u00e9 Zhao sobre a vida privada de William Shakespeare.\u00a0<\/p>\n<p>A realizadora lembrou palavras do protagonista, Paul Mescal, que lhe disse que a coisa mais importante no artista \u00e9 ser vulner\u00e1vel o suficiente para poder ser visto realmente como \u00e9.\u00a0<\/p>\n<p>\u201cTantos de voc\u00eas tornaram-se fortes e suaves ao mesmo tempo\u201d, disse Zhao, dirigindo-se aos cineastas da sala. \u201cVamos deixar que nos vejam\u201d, acrescentou. A protagonista do filme, Jessie Buckley, tamb\u00e9m levou para casa o Globo de Melhor Atriz em Filme Dram\u00e1tico.\u00a0<\/p>\n<p>O outro grande vencedor da noite, que marcou a 83\u00aa edi\u00e7\u00e3o dos pr\u00e9mios, foi \u201cBatalha Atr\u00e1s de Batalha\u201d, que levou para casa as estatuetas de Melhor Filme Musical ou Com\u00e9dia, Melhor Argumento, Melhor Realizador para Paul Thomas Anderson e Melhor Atriz Secund\u00e1ria para Teyana Taylor.\u00a0<\/p>\n<p>\u201cO prop\u00f3sito encontra sempre o seu momento\u201d, afirmou a atriz, que foi a primeira vencedora da noite em Los Angeles. \u201cA nossa luz n\u00e3o precisa de permiss\u00e3o para brilhar\u201d, disse, dirigindo-se \u00e0s \u201cirm\u00e3s e raparigas de cor\u201d que a viram triunfar na cerim\u00f3nia.\u00a0<\/p>\n<p>Na categoria de Musical ou Com\u00e9dia, Rose Byrne foi a Melhor Atriz por \u201cIf I had Legs I\u2019d Kick You\u201d e Timoth\u00e9e Chalamet foi Melhor Ator por \u201cMarty Supreme\u201d.\u00a0<\/p>\n<p>J\u00e1 Stellan Skarsgard emergiu vitorioso como Melhor Ator Secund\u00e1rio por \u201cValor Sentimental\u201d, um filme independente falado em noruegu\u00eas que se tornou num dos favoritos do ano.\u00a0<\/p>\n<p>Mas um dos mais cotados, \u201cSinners\u201d, acabou por levar para casa apenas dois Globos de Ouro: o de Melhor Banda Sonora, da autoria de Ludwig G\u00f6ransson, e Conquista Cinem\u00e1tica e de Bilheteira.\u00a0<\/p>\n<p>Na anima\u00e7\u00e3o, \u201cKPop Demon Hunters\u201d, da Netflix, levou o pr\u00e9mio para casa, juntamente com Melhor Can\u00e7\u00e3o Original, com \u201cGolden\u201d.<\/p>\n<p> <img loading=\"lazy\" decoding=\"async\" alt=\"\" height=\"400\" src=\"https:\/\/www.europesays.com\/pt\/wp-content\/uploads\/2026\/01\/69649088d34e0ec52ec1f93b.webp\" width=\"600\"\/> <\/p>\n<p>   Wagner Moura distinguido como Melhor Ator (AP) <\/p>\n<p>Eis a lista de vencedores nas categorias de Cinema:\u00a0 <\/p>\n<p><strong>Melhor Realizador<\/strong><\/p>\n<p>Paul Thomas Anderson, \u201cBatalha Atr\u00e1s de Batalha\u201d (Warner Bros.)<\/p>\n<p><strong>Melhor Argumento<\/strong><\/p>\n<p>Paul Thomas Anderson, \u201cBatalha Atr\u00e1s de Batalha\u201d (Warner Bros.)<\/p>\n<p><strong>Melhor Filme Dram\u00e1tico<\/strong><\/p>\n<p>\u201cHamnet\u201d (Focus Features)<\/p>\n<p><strong>Melhor Atriz em Filme Dram\u00e1tico<\/strong><\/p>\n<p>Jessie Buckley, \u201cHamnet\u201d (Focus Features)<\/p>\n<p><strong>Melhor Ator em Filme Dram\u00e1tico<\/strong><\/p>\n<p>Wagner Moura, \u201cO Agente Secreto\u201d\u00a0<\/p>\n<p><strong>Melhor Atriz Secund\u00e1ria em Filme\u00a0<\/strong><\/p>\n<p>Teyana Taylor, \u201cBatalha Atr\u00e1s de Batalha\u201d (Warner Bros)<\/p>\n<p><strong>Melhor Ator Secund\u00e1rio em Filme\u00a0<\/strong><\/p>\n<p>Stellan Skarsg\u00e5rd, \u201cValor Sentimental\u201d (Neon)<\/p>\n<p><strong>Melhor Filme Musical ou Com\u00e9dia<\/strong><\/p>\n<p>\u201cBatalha Atr\u00e1s de Batalha\u201d (Warner Bros)<\/p>\n<p><strong>Melhor Atriz em Filme musical ou com\u00e9dia<\/strong><\/p>\n<p>Rose Byrne, \u201cIf I Had Legs I\u2019d Kick You\u201d (A24)<\/p>\n<p><strong>Melhor Ator em Filme musical ou com\u00e9dia<\/strong><\/p>\n<p>Timoth\u00e9e Chalamet, \u201cMarty Supreme\u201d (A24)<\/p>\n<p><strong>Melhor Filme de Anima\u00e7\u00e3o<\/strong><\/p>\n<p>\u201cKPop Demon Hunters\u201d (Netflix)<\/p>\n<p><strong>Melhor Filme em L\u00edngua N\u00e3o Inglesa\u00a0<\/strong><\/p>\n<p>\u201cO Agente Secreto\u201d, Brasil (Neon)<\/p>\n<p><strong>Melhor Can\u00e7\u00e3o Original<\/strong><\/p>\n<p>\u201cGolden\u201d, \u201cKPop Demon Hunters\u201d (Netflix)<\/p>\n<p><strong>Melhor Banda Sonora<\/strong><\/p>\n<p>Ludwig G\u00f6ransson, \u201cSinners\u201d (Warner Bros)<\/p>\n<p><strong>Conquista cinem\u00e1tica e de bilheteira<\/strong><\/p>\n<p>\u201cSinners\u201d (Warner Bros.)<\/p>\n","protected":false},"excerpt":{"rendered":"Foi a primeira vez que o Globo de Ouro de Melhor Ator foi entregue a um brasileiro O&hellip;\n","protected":false},"author":2,"featured_media":226453,"comment_status":"","ping_status":"","sticky":false,"template":"","format":"standard","meta":{"footnotes":""},"categories":[145],"tags":[609,836,611,726,27,211,210,607,608,333,832,604,135,610,476,114,115,148,21393,43541,301,830,603,570,831,833,62,834,13,2158,835,602,52,32,16818,33,29,12348],"class_list":{"0":"post-226452","1":"post","2":"type-post","3":"status-publish","4":"format-standard","5":"has-post-thumbnail","7":"category-celebridades","8":"tag-alerta","9":"tag-analise","10":"tag-ao-minuto","11":"tag-brasil","12":"tag-breaking-news","13":"tag-celebridades","14":"tag-celebrities","15":"tag-cnn","16":"tag-cnn-portugal","17":"tag-comentadores","18":"tag-costa","19":"tag-crime","20":"tag-desporto","21":"tag-direto","22":"tag-economia","23":"tag-entertainment","24":"tag-entretenimento","25":"tag-filmes","26":"tag-globos-de-ouro","27":"tag-golden-globes","28":"tag-governo","29":"tag-guerra","30":"tag-justica","31":"tag-live","32":"tag-mais-vistas","33":"tag-marcelo","34":"tag-mundo","35":"tag-negocios","36":"tag-noticias","37":"tag-o-agente-secreto","38":"tag-opiniao","39":"tag-pais","40":"tag-politica","41":"tag-portugal","42":"tag-premios","43":"tag-pt","44":"tag-ultimas","45":"tag-wagner-moura"},"share_on_mastodon":{"url":"https:\/\/pubeurope.com\/@pt\/115884518436990264","error":""},"_links":{"self":[{"href":"https:\/\/www.europesays.com\/pt\/wp-json\/wp\/v2\/posts\/226452","targetHints":{"allow":["GET"]}}],"collection":[{"href":"https:\/\/www.europesays.com\/pt\/wp-json\/wp\/v2\/posts"}],"about":[{"href":"https:\/\/www.europesays.com\/pt\/wp-json\/wp\/v2\/types\/post"}],"author":[{"embeddable":true,"href":"https:\/\/www.europesays.com\/pt\/wp-json\/wp\/v2\/users\/2"}],"replies":[{"embeddable":true,"href":"https:\/\/www.europesays.com\/pt\/wp-json\/wp\/v2\/comments?post=226452"}],"version-history":[{"count":0,"href":"https:\/\/www.europesays.com\/pt\/wp-json\/wp\/v2\/posts\/226452\/revisions"}],"wp:featuredmedia":[{"embeddable":true,"href":"https:\/\/www.europesays.com\/pt\/wp-json\/wp\/v2\/media\/226453"}],"wp:attachment":[{"href":"https:\/\/www.europesays.com\/pt\/wp-json\/wp\/v2\/media?parent=226452"}],"wp:term":[{"taxonomy":"category","embeddable":true,"href":"https:\/\/www.europesays.com\/pt\/wp-json\/wp\/v2\/categories?post=226452"},{"taxonomy":"post_tag","embeddable":true,"href":"https:\/\/www.europesays.com\/pt\/wp-json\/wp\/v2\/tags?post=226452"}],"curies":[{"name":"wp","href":"https:\/\/api.w.org\/{rel}","templated":true}]}}