{"id":226455,"date":"2026-01-12T22:44:17","date_gmt":"2026-01-12T22:44:17","guid":{"rendered":"https:\/\/www.europesays.com\/pt\/226455\/"},"modified":"2026-01-12T22:44:17","modified_gmt":"2026-01-12T22:44:17","slug":"apple-vai-usar-gemini-para-alimentar-as-novas-capacidades-de-ia-da-siri","status":"publish","type":"post","link":"https:\/\/www.europesays.com\/pt\/226455\/","title":{"rendered":"Apple vai usar Gemini para alimentar as novas capacidades de IA da Siri"},"content":{"rendered":"<p>Depois de muita especula\u00e7\u00e3o sobre que LLM iria a Apple usar para dar capacidades de IA \u00e0 Siri, chega a confirma\u00e7\u00e3o oficial: ser\u00e1 o Gemini, da Google.<\/p>\n<p>Num <a href=\"https:\/\/blog.google\/company-news\/inside-google\/company-announcements\/joint-statement-google-apple\/\" target=\"_blank\" rel=\"noopener nofollow\">curto comunicado de dois par\u00e1grafos<\/a>, as duas empresas explicam o acordo. De acordo com ambas, a nova Siri \u00abmais personalizada chega ainda este ano\u00bb, juntamente com as novas capacidades do Apple Intelligence.<\/p>\n<p>\u00abAp\u00f3s uma avalia\u00e7\u00e3o cuidada, a Apple concluiu que a tecnologia de IA da Google oferece a base mais capaz para os Apple Foundation Models e est\u00e1 entusiasmada com as novas experi\u00eancias inovadoras que isto ir\u00e1 desbloquear para os utilizadores Apple\u00bb, pode ler-se no comunicado.<\/p>\n<p>Esta \u201calian\u00e7a\u201d n\u00e3o vai, contudo, fazer com que o Apple Intelligence funcione fora do ecossistema da marca: isto \u00abcontinuar\u00e1\u00bb a ser feito \u00abnos dispositivos da Apple e na sua Private Cloud Compute, mantendo os elevados padr\u00f5es de privacidade pelos quais a empresa \u00e9 reconhecida\u00bb, esclarecem as duas empresas.<\/p>\n<p>Lembre-se que, ao longo de 2025, a Apple dizia estar a trabalhar numa vers\u00e3o da Siri refor\u00e7ada por IA, pensada para executar ac\u00e7\u00f5es em nome do utilizador e compreender melhor o seu contexto pessoal. Em <a href=\"https:\/\/www.pcguia.pt\/2025\/10\/apple-diz-que-a-nova-siri-com-ia-avancada-chega-em-marco-de-2026\/\" target=\"_blank\" rel=\"noopener nofollow\">Outubro<\/a> de 2025, a marca j\u00e1 tinha apontado Mar\u00e7o de 2026 como data para lan\u00e7ar o seu novo assistente.<\/p>\n","protected":false},"excerpt":{"rendered":"Depois de muita especula\u00e7\u00e3o sobre que LLM iria a Apple usar para dar capacidades de IA \u00e0 Siri,&hellip;\n","protected":false},"author":2,"featured_media":226456,"comment_status":"","ping_status":"","sticky":false,"template":"","format":"standard","meta":{"footnotes":""},"categories":[84],"tags":[109,107,108,32,33,105,103,104,106,110],"class_list":{"0":"post-226455","1":"post","2":"type-post","3":"status-publish","4":"format-standard","5":"has-post-thumbnail","7":"category-ciencia-e-tecnologia","8":"tag-ciencia","9":"tag-ciencia-e-tecnologia","10":"tag-cienciaetecnologia","11":"tag-portugal","12":"tag-pt","13":"tag-science","14":"tag-science-and-technology","15":"tag-scienceandtechnology","16":"tag-technology","17":"tag-tecnologia"},"share_on_mastodon":{"url":"https:\/\/pubeurope.com\/@pt\/115884553835238282","error":""},"_links":{"self":[{"href":"https:\/\/www.europesays.com\/pt\/wp-json\/wp\/v2\/posts\/226455","targetHints":{"allow":["GET"]}}],"collection":[{"href":"https:\/\/www.europesays.com\/pt\/wp-json\/wp\/v2\/posts"}],"about":[{"href":"https:\/\/www.europesays.com\/pt\/wp-json\/wp\/v2\/types\/post"}],"author":[{"embeddable":true,"href":"https:\/\/www.europesays.com\/pt\/wp-json\/wp\/v2\/users\/2"}],"replies":[{"embeddable":true,"href":"https:\/\/www.europesays.com\/pt\/wp-json\/wp\/v2\/comments?post=226455"}],"version-history":[{"count":0,"href":"https:\/\/www.europesays.com\/pt\/wp-json\/wp\/v2\/posts\/226455\/revisions"}],"wp:featuredmedia":[{"embeddable":true,"href":"https:\/\/www.europesays.com\/pt\/wp-json\/wp\/v2\/media\/226456"}],"wp:attachment":[{"href":"https:\/\/www.europesays.com\/pt\/wp-json\/wp\/v2\/media?parent=226455"}],"wp:term":[{"taxonomy":"category","embeddable":true,"href":"https:\/\/www.europesays.com\/pt\/wp-json\/wp\/v2\/categories?post=226455"},{"taxonomy":"post_tag","embeddable":true,"href":"https:\/\/www.europesays.com\/pt\/wp-json\/wp\/v2\/tags?post=226455"}],"curies":[{"name":"wp","href":"https:\/\/api.w.org\/{rel}","templated":true}]}}