{"id":226457,"date":"2026-01-12T22:49:30","date_gmt":"2026-01-12T22:49:30","guid":{"rendered":"https:\/\/www.europesays.com\/pt\/226457\/"},"modified":"2026-01-12T22:49:30","modified_gmt":"2026-01-12T22:49:30","slug":"saiba-qual-atriz-era-o-sonho-de-manoel-carlos-mas-nunca-trabalhou-com-ele","status":"publish","type":"post","link":"https:\/\/www.europesays.com\/pt\/226457\/","title":{"rendered":"Saiba qual atriz era o sonho de Manoel Carlos, mas nunca trabalhou com ele"},"content":{"rendered":"\n<p>Ao longo de sua trajet\u00f3ria na televis\u00e3o, Manoel Carlos revelou ter um desejo profissional que nunca se concretizou: trabalhar com a atriz Gl\u00f3ria Pires. A declara\u00e7\u00e3o foi feita em 2012, em entrevista ao blog Eu Prefiro Mel\u00e3o, quando o autor foi questionado sobre artistas com quem gostaria de ter colaborado.<\/p>\n<p>\u201cGl\u00f3ria Pires, sem nenhuma d\u00favida. E n\u00e3o perdi a esperan\u00e7a\u201d, afirmou na ocasi\u00e3o. A admira\u00e7\u00e3o voltou a ser mencionada no ano seguinte, em entrevista \u00e0 revista Veja Rio, quando Maneco voltou a destacar o talento da atriz, sem que, at\u00e9 ent\u00e3o, os dois tivessem dividido um mesmo projeto.<\/p>\n<p><img decoding=\"async\" alt=\"\" height=\"512\" loading=\"lazy\" src=\"https:\/\/www.europesays.com\/pt\/wp-content\/uploads\/2026\/01\/gloria-pires-divulgacao-tv-globo.jpg\" width=\"768\"\/><\/p>\n<p>Apesar da extensa lista de protagonistas femininas criadas pelo autor ao longo de d\u00e9cadas, Gl\u00f3ria nunca integrou um elenco de novelas escritas por ele.<\/p>\n<p>Essa rela\u00e7\u00e3o de admira\u00e7\u00e3o ganhou novo destaque neste domingo (11), quando ela relembrou um texto escrito pelo autor e publicado originalmente em formato de cr\u00f4nica.<\/p>\n<p>A atriz citou o conte\u00fado como homenagem ao autor, que morreu no s\u00e1bado (10), aos 92 anos. Ao comentar a lembran\u00e7a, afirmou que \u201cinfelizmente o desejo rec\u00edproco de trabalharmos juntos n\u00e3o aconteceu\u201d.<\/p>\n<p>Na cr\u00f4nica, Maneco reflete sobre o papel do teatro na forma\u00e7\u00e3o do ator e na hist\u00f3ria da arte dram\u00e1tica. O autor parte de uma passagem de Hamlet para discutir o teatro como espa\u00e7o de den\u00fancia, aprendizado e constru\u00e7\u00e3o art\u00edstica.<\/p>\n<p>\u201cO teatro \u00e9 a armadilha onde vou apanhar a consci\u00eancia do rei\u201d, escreve, ao associar a pr\u00e1tica teatral \u00e0 exig\u00eancia t\u00e9cnica e \u00e9tica da profiss\u00e3o.<\/p>\n<p>Ao longo do texto, ele diferencia a forma\u00e7\u00e3o teatral da experi\u00eancia no cinema e na televis\u00e3o, sem estabelecer hierarquias diretas, mas apontando o palco como espa\u00e7o central de aprendizado.<\/p>\n<p>\u201cNada contra a televis\u00e3o e o cinema, mas h\u00e1 que reconhecer que \u00e9 em cima de um palco que se aprende o que h\u00e1 de melhor na arte de representar\u201d, afirma.<br \/>\u00c9 nesse contexto que Manoel Carlos menciona Gl\u00f3ria de forma direta, ao antecipar poss\u00edveis questionamentos sobre atrizes que n\u00e3o passaram pelo teatro.<\/p>\n<p>\u201cAlguns me dir\u00e3o: \u2018Mas e a Gl\u00f3ria Pires, como \u00e9 que sabe tanto, \u00e9 t\u00e3o completa, t\u00e3o admirada, se nunca pisou num palco?\u2019\u201d, escreve. Em seguida, responde: \u201cEla \u00e9 simplesmente a exce\u00e7\u00e3o que confirma a regra. A Gl\u00f3ria \u00e9 a gl\u00f3ria. N\u00e3o se explica. Admira-se. Ama-se\u201d.<\/p>\n<p>A lembran\u00e7a do texto ocorre ao dia seguinte da morte do autor, que enfrentava um quadro de sa\u00fade fragilizado nos \u00faltimos meses. Segundo informa\u00e7\u00f5es, havia comprometimento motor e cognitivo, com necessidade de cuidados m\u00e9dicos e familiares em tempo integral.<\/p>\n","protected":false},"excerpt":{"rendered":"Ao longo de sua trajet\u00f3ria na televis\u00e3o, Manoel Carlos revelou ter um desejo profissional que nunca se concretizou:&hellip;\n","protected":false},"author":2,"featured_media":226458,"comment_status":"","ping_status":"","sticky":false,"template":"","format":"standard","meta":{"footnotes":""},"categories":[145],"tags":[211,210,114,115,10407,11549,32,33,11301],"class_list":{"0":"post-226457","1":"post","2":"type-post","3":"status-publish","4":"format-standard","5":"has-post-thumbnail","7":"category-celebridades","8":"tag-celebridades","9":"tag-celebrities","10":"tag-entertainment","11":"tag-entretenimento","12":"tag-gloria-pires","13":"tag-manoel-carlos","14":"tag-portugal","15":"tag-pt","16":"tag-sonho"},"share_on_mastodon":{"url":"https:\/\/pubeurope.com\/@pt\/115884573543036706","error":""},"_links":{"self":[{"href":"https:\/\/www.europesays.com\/pt\/wp-json\/wp\/v2\/posts\/226457","targetHints":{"allow":["GET"]}}],"collection":[{"href":"https:\/\/www.europesays.com\/pt\/wp-json\/wp\/v2\/posts"}],"about":[{"href":"https:\/\/www.europesays.com\/pt\/wp-json\/wp\/v2\/types\/post"}],"author":[{"embeddable":true,"href":"https:\/\/www.europesays.com\/pt\/wp-json\/wp\/v2\/users\/2"}],"replies":[{"embeddable":true,"href":"https:\/\/www.europesays.com\/pt\/wp-json\/wp\/v2\/comments?post=226457"}],"version-history":[{"count":0,"href":"https:\/\/www.europesays.com\/pt\/wp-json\/wp\/v2\/posts\/226457\/revisions"}],"wp:featuredmedia":[{"embeddable":true,"href":"https:\/\/www.europesays.com\/pt\/wp-json\/wp\/v2\/media\/226458"}],"wp:attachment":[{"href":"https:\/\/www.europesays.com\/pt\/wp-json\/wp\/v2\/media?parent=226457"}],"wp:term":[{"taxonomy":"category","embeddable":true,"href":"https:\/\/www.europesays.com\/pt\/wp-json\/wp\/v2\/categories?post=226457"},{"taxonomy":"post_tag","embeddable":true,"href":"https:\/\/www.europesays.com\/pt\/wp-json\/wp\/v2\/tags?post=226457"}],"curies":[{"name":"wp","href":"https:\/\/api.w.org\/{rel}","templated":true}]}}