{"id":226518,"date":"2026-01-13T02:50:36","date_gmt":"2026-01-13T02:50:36","guid":{"rendered":"https:\/\/www.europesays.com\/pt\/226518\/"},"modified":"2026-01-13T02:50:36","modified_gmt":"2026-01-13T02:50:36","slug":"comite-municipal-de-mobilizacao-e-combate-as-arboviroses-retoma-atividades-dia-15-de-janeiro-prefeitura-tres-lagoas","status":"publish","type":"post","link":"https:\/\/www.europesays.com\/pt\/226518\/","title":{"rendered":"Comit\u00ea Municipal de Mobiliza\u00e7\u00e3o e Combate \u00e0s Arboviroses retoma atividades dia 15 de janeiro \u2013 Prefeitura Tr\u00eas Lagoas"},"content":{"rendered":"<p>    <a data-lightbox=\"image\" href=\"https:\/\/www.treslagoas.ms.gov.br\/wp-content\/uploads\/2025\/06\/COMITE-DA-DENGUE-26-06-9-scaled.jpg\" class=\"hoverBorder pull-left kl-blog-post-img kl-blog-post--default-view\" rel=\"nofollow noopener\" target=\"_blank\"><img loading=\"lazy\" decoding=\"async\" src=\"https:\/\/www.europesays.com\/pt\/wp-content\/uploads\/2025\/08\/COMITE-DA-DENGUE-26-06-9-scaled-420x280_c.jpg\" width=\"420\" height=\"280\" alt=\"\" title=\"COMITE DA DENGUE 26-06 (9)\"\/><\/a>    <\/p>\n<p>A Prefeitura de Tr\u00eas Lagoas, por meio da Secretaria Municipal de Sa\u00fade (SMS), informa a retomada das atividades do Comit\u00ea Municipal de Mobiliza\u00e7\u00e3o e Combate \u00e0s Arboviroses, com a realiza\u00e7\u00e3o da primeira reuni\u00e3o do ano marcada para o dia 15 de janeiro, \u00e0s 8h, no audit\u00f3rio do Sindicato dos Servidores P\u00fablicos Municipais (SSPM).<\/p>\n<p>O encontro reunir\u00e1 representantes de diversos setores e institui\u00e7\u00f5es parceiras, com o objetivo de discutir metas, alinhar estrat\u00e9gias e planejar a\u00e7\u00f5es integradas de preven\u00e7\u00e3o e combate \u00e0s arboviroses, como dengue, zika e chikungunya, que exigem aten\u00e7\u00e3o cont\u00ednua, especialmente no per\u00edodo de maior incid\u00eancia dessas doen\u00e7as.<\/p>\n<p>De acordo com a coordena\u00e7\u00e3o do comit\u00ea, a participa\u00e7\u00e3o da popula\u00e7\u00e3o \u00e9 fundamental para o fortalecimento das a\u00e7\u00f5es previstas ao longo do ano de 2026, contribuindo para a promo\u00e7\u00e3o da sa\u00fade e a redu\u00e7\u00e3o dos casos no munic\u00edpio.<\/p>\n<p>                    <a href=\"#\" rel=\"nofollow\" onclick=\"window.print(); return false;\" title=\"Printer Friendly, PDF &amp; Email\"><br \/>\n                    <img decoding=\"async\" src=\"https:\/\/www.europesays.com\/pt\/wp-content\/uploads\/2025\/10\/printfriendly-icon-lg.png\" alt=\"Print Friendly, PDF &amp; Email\" class=\"pf-button-img\" style=\"width: 25px;height: 25px;\"\/>Imprimir<br \/>\n                    <\/a><\/p>\n","protected":false},"excerpt":{"rendered":"A Prefeitura de Tr\u00eas Lagoas, por meio da Secretaria Municipal de Sa\u00fade (SMS), informa a retomada das atividades&hellip;\n","protected":false},"author":2,"featured_media":45484,"comment_status":"","ping_status":"","sticky":false,"template":"","format":"standard","meta":{"footnotes":""},"categories":[86],"tags":[116,32,33,117],"class_list":{"0":"post-226518","1":"post","2":"type-post","3":"status-publish","4":"format-standard","5":"has-post-thumbnail","7":"category-saude","8":"tag-health","9":"tag-portugal","10":"tag-pt","11":"tag-saude"},"share_on_mastodon":{"url":"https:\/\/pubeurope.com\/@pt\/115885521145369197","error":""},"_links":{"self":[{"href":"https:\/\/www.europesays.com\/pt\/wp-json\/wp\/v2\/posts\/226518","targetHints":{"allow":["GET"]}}],"collection":[{"href":"https:\/\/www.europesays.com\/pt\/wp-json\/wp\/v2\/posts"}],"about":[{"href":"https:\/\/www.europesays.com\/pt\/wp-json\/wp\/v2\/types\/post"}],"author":[{"embeddable":true,"href":"https:\/\/www.europesays.com\/pt\/wp-json\/wp\/v2\/users\/2"}],"replies":[{"embeddable":true,"href":"https:\/\/www.europesays.com\/pt\/wp-json\/wp\/v2\/comments?post=226518"}],"version-history":[{"count":0,"href":"https:\/\/www.europesays.com\/pt\/wp-json\/wp\/v2\/posts\/226518\/revisions"}],"wp:featuredmedia":[{"embeddable":true,"href":"https:\/\/www.europesays.com\/pt\/wp-json\/wp\/v2\/media\/45484"}],"wp:attachment":[{"href":"https:\/\/www.europesays.com\/pt\/wp-json\/wp\/v2\/media?parent=226518"}],"wp:term":[{"taxonomy":"category","embeddable":true,"href":"https:\/\/www.europesays.com\/pt\/wp-json\/wp\/v2\/categories?post=226518"},{"taxonomy":"post_tag","embeddable":true,"href":"https:\/\/www.europesays.com\/pt\/wp-json\/wp\/v2\/tags?post=226518"}],"curies":[{"name":"wp","href":"https:\/\/api.w.org\/{rel}","templated":true}]}}