{"id":226521,"date":"2026-01-13T03:04:28","date_gmt":"2026-01-13T03:04:28","guid":{"rendered":"https:\/\/www.europesays.com\/pt\/226521\/"},"modified":"2026-01-13T03:04:28","modified_gmt":"2026-01-13T03:04:28","slug":"prefeitura-de-tres-lagoas-informa-sobre-a-incorporacao-do-nirsevimabe-ao-sus-em-2026-prefeitura-tres-lagoas","status":"publish","type":"post","link":"https:\/\/www.europesays.com\/pt\/226521\/","title":{"rendered":"Prefeitura de Tr\u00eas Lagoas informa sobre a incorpora\u00e7\u00e3o do nirsevimabe ao SUS em 2026 \u2013 Prefeitura Tr\u00eas Lagoas"},"content":{"rendered":"<p>    <a data-lightbox=\"image\" href=\"https:\/\/www.treslagoas.ms.gov.br\/wp-content\/uploads\/2025\/04\/VACINACAO-CEI-GUANABARA-09-04-4-scaled-e1761317752775.jpg\" class=\"hoverBorder pull-left kl-blog-post-img kl-blog-post--default-view\" rel=\"nofollow noopener\" target=\"_blank\"><img loading=\"lazy\" decoding=\"async\" src=\"https:\/\/www.europesays.com\/pt\/wp-content\/uploads\/2025\/10\/VACINACAO-CEI-GUANABARA-09-04-4-scaled-e1761317752775-420x280_c.jpg\" width=\"420\" height=\"280\" alt=\"\" title=\"VACINA\u00c7\u00c3O CEI GUANABARA 09-04 (4)\"\/><\/a>    <\/p>\n<p>A Prefeitura de Tr\u00eas Lagoas, por meio da Secretaria Municipal de Sa\u00fade (SMS), informa sobre a incorpora\u00e7\u00e3o do nirsevimabe, anticorpo monoclonal humano indicado para a preven\u00e7\u00e3o da infec\u00e7\u00e3o pelo V\u00edrus Sincicial Respirat\u00f3rio (VSR), ao Sistema \u00danico de Sa\u00fade (SUS), conforme a Nota T\u00e9cnica n\u00ba 109\/2025-CGICI\/DPNI\/SVSA\/MS.<\/p>\n<p>A nota t\u00e9cnica apresenta a descri\u00e7\u00e3o das maternidades com interna\u00e7\u00f5es p\u00fablicas que ir\u00e3o dispensar o nirsevimabe, al\u00e9m de orientar sobre o sistema de informa\u00e7\u00e3o adequado para o registro das doses aplicadas, garantindo o acompanhamento e a correta vigil\u00e2ncia da imuniza\u00e7\u00e3o. Nesse contexto, a Secretaria Municipal de Sa\u00fade informa que j\u00e1 est\u00e1 em tratativas com a Maternidade do Hospital Auxiliadora para viabilizar o processo de implanta\u00e7\u00e3o da dispensa\u00e7\u00e3o do imunobiol\u00f3gico no munic\u00edpio, alinhando fluxos e procedimentos conforme as diretrizes do Minist\u00e9rio da Sa\u00fade.<\/p>\n<p>O V\u00edrus Sincicial Respirat\u00f3rio (VSR) \u00e9 um v\u00edrus de \u00e1cido ribonucleico (RNA), pertencente \u00e0 fam\u00edlia Pneumoviridae, e figura entre as principais causas de infec\u00e7\u00e3o do trato respirat\u00f3rio inferior (ITRI) em todo o mundo. Em beb\u00eas e crian\u00e7as pequenas, especialmente naquelas com menos de seis meses de idade, a primeira infec\u00e7\u00e3o pode evoluir para bronquiolite grave e, em casos mais severos, levar ao \u00f3bito.<\/p>\n<p>A incorpora\u00e7\u00e3o do nirsevimabe foi aprovada pelo Minist\u00e9rio da Sa\u00fade, por meio da Comiss\u00e3o Nacional de Incorpora\u00e7\u00e3o de Tecnologias no SUS (CONITEC), conforme estabelece a Portaria SECTICS\/MS n\u00ba 15, de 28 de fevereiro de 2025. O medicamento ser\u00e1 disponibilizado pelo SUS a partir de fevereiro de 2026, antes do in\u00edcio da pr\u00f3xima sazonalidade do v\u00edrus.<\/p>\n<p>O nirsevimabe \u00e9 indicado para:<\/p>\n<ul class=\"wp-block-list\">\n<li>Beb\u00eas prematuros, nascidos com idade gestacional igual ou inferior a 36 semanas e 6 dias, com qualquer peso corp\u00f3reo;<\/li>\n<li>Crian\u00e7as de at\u00e9 24 meses que apresentem pelo menos uma das seguintes comorbidades: cardiopatia cong\u00eanita, broncodisplasia, imunocomprometimento, s\u00edndrome de Down, fibrose c\u00edstica, doen\u00e7a neuromuscular e anomalias cong\u00eanitas das vias a\u00e9reas.<\/li>\n<\/ul>\n<p>A Secretaria refor\u00e7a que a incorpora\u00e7\u00e3o do nirsevimabe representa um avan\u00e7o importante na prote\u00e7\u00e3o da sa\u00fade infantil, contribuindo para a redu\u00e7\u00e3o de interna\u00e7\u00f5es e de casos graves causados pelo VSR. Novas orienta\u00e7\u00f5es sobre o in\u00edcio da dispensa\u00e7\u00e3o e os fluxos de atendimento ser\u00e3o divulgadas oportunamente \u00e0 popula\u00e7\u00e3o.<\/p>\n<p>                    <a href=\"#\" rel=\"nofollow\" onclick=\"window.print(); return false;\" title=\"Printer Friendly, PDF &amp; Email\"><br \/>\n                    <img decoding=\"async\" src=\"https:\/\/www.europesays.com\/pt\/wp-content\/uploads\/2025\/10\/printfriendly-icon-lg.png\" alt=\"Print Friendly, PDF &amp; Email\" class=\"pf-button-img\" style=\"width: 25px;height: 25px;\"\/>Imprimir<br \/>\n                    <\/a><\/p>\n","protected":false},"excerpt":{"rendered":"A Prefeitura de Tr\u00eas Lagoas, por meio da Secretaria Municipal de Sa\u00fade (SMS), informa sobre a incorpora\u00e7\u00e3o do&hellip;\n","protected":false},"author":2,"featured_media":124716,"comment_status":"","ping_status":"","sticky":false,"template":"","format":"standard","meta":{"footnotes":""},"categories":[86],"tags":[116,32,33,117],"class_list":{"0":"post-226521","1":"post","2":"type-post","3":"status-publish","4":"format-standard","5":"has-post-thumbnail","7":"category-saude","8":"tag-health","9":"tag-portugal","10":"tag-pt","11":"tag-saude"},"share_on_mastodon":{"url":"https:\/\/pubeurope.com\/@pt\/115885576245474761","error":""},"_links":{"self":[{"href":"https:\/\/www.europesays.com\/pt\/wp-json\/wp\/v2\/posts\/226521","targetHints":{"allow":["GET"]}}],"collection":[{"href":"https:\/\/www.europesays.com\/pt\/wp-json\/wp\/v2\/posts"}],"about":[{"href":"https:\/\/www.europesays.com\/pt\/wp-json\/wp\/v2\/types\/post"}],"author":[{"embeddable":true,"href":"https:\/\/www.europesays.com\/pt\/wp-json\/wp\/v2\/users\/2"}],"replies":[{"embeddable":true,"href":"https:\/\/www.europesays.com\/pt\/wp-json\/wp\/v2\/comments?post=226521"}],"version-history":[{"count":0,"href":"https:\/\/www.europesays.com\/pt\/wp-json\/wp\/v2\/posts\/226521\/revisions"}],"wp:featuredmedia":[{"embeddable":true,"href":"https:\/\/www.europesays.com\/pt\/wp-json\/wp\/v2\/media\/124716"}],"wp:attachment":[{"href":"https:\/\/www.europesays.com\/pt\/wp-json\/wp\/v2\/media?parent=226521"}],"wp:term":[{"taxonomy":"category","embeddable":true,"href":"https:\/\/www.europesays.com\/pt\/wp-json\/wp\/v2\/categories?post=226521"},{"taxonomy":"post_tag","embeddable":true,"href":"https:\/\/www.europesays.com\/pt\/wp-json\/wp\/v2\/tags?post=226521"}],"curies":[{"name":"wp","href":"https:\/\/api.w.org\/{rel}","templated":true}]}}