{"id":226551,"date":"2026-01-13T05:57:23","date_gmt":"2026-01-13T05:57:23","guid":{"rendered":"https:\/\/www.europesays.com\/pt\/226551\/"},"modified":"2026-01-13T05:57:23","modified_gmt":"2026-01-13T05:57:23","slug":"onze-distritos-sob-aviso-amarelo-na-terca-feira-devido-a-chuva","status":"publish","type":"post","link":"https:\/\/www.europesays.com\/pt\/226551\/","title":{"rendered":"Onze distritos sob aviso amarelo na ter\u00e7a-feira devido \u00e0 chuva"},"content":{"rendered":"<p>&#13;<br \/>\nOs distritos de Viana do Castelo e Braga estar\u00e3o j\u00e1 a partir das 21h00 de hoje e at\u00e9 \u00e0s 09h00 de ter\u00e7a-feira com aviso amarelo por causa da chuva por vezes forte.&#13;<br \/>\nExplicou \u00e0 Antena 1 o meteorologista Jorge Ponte.<\/p>\n<p>          <img decoding=\"async\" itemprop=\"image\" class=\"img-fluid\"   src=\"https:\/\/www.europesays.com\/pt\/wp-content\/uploads\/2026\/01\/1768283843_335_bg_playeraudio_2.jpg\"\/><\/p>\n<p>O IPMA emitiu tamb\u00e9m aviso amarelo para estes dois distritos entre as 21h00 de hoje e as 06h00 de ter\u00e7a-feira por causa do vento, prevendo-se rajadas at\u00e9 75 quil\u00f3metros por hora (km\/h) na faixa costeira e at\u00e9 90 km\/h nas serras.\u00a0<\/p>\n<p>&#13;<br \/>\nNa ter\u00e7a-feira, entre as 00h00 e as 09h00, tamb\u00e9m devido \u00e0 chuva, v\u00e3o estar sob aviso amarelo os distritos de Faro, Porto, Set\u00fabal, Santar\u00e9m, Lisboa, Leiria, Beja, Aveiro e Coimbra.&#13;\n<\/p>\n<p>&#13;<br \/>\nO Instituto colocou tamb\u00e9m sob aviso amarelo por causa da chuva por vezes forte entre 18h00 de hoje e as 00h00 de ter\u00e7a-feira a costa sul e as regi\u00f5es montanhosas da ilha da Madeira.&#13;\n<\/p>\n<p>&#13;<br \/>\nAs costas norte e sul da ilha da Madeira e o Porto Santo v\u00e3o estar tamb\u00e9m sob aviso amarelo entre as 09h00 e as 21h00 de ter\u00e7a-feira por causa da agita\u00e7\u00e3o mar\u00edtima, prevendo-se ondas de noroeste com quatro a cinco metros.&#13;\n<\/p>\n<p>&#13;<br \/>\nO IPMA emitiu avisos laranja para o grupo ocidental dos A\u00e7ores (Flores e Corvo) devido \u00e0 agita\u00e7\u00e3o mar\u00edtima forte at\u00e9 \u00e0s 12h00 de hoje, passando depois a amarelo at\u00e9 \u00e0s 15h00 de hoje.&#13;\n<\/p>\n<p>&#13;<br \/>\nO grupo ocidental est\u00e1 tamb\u00e9m sob aviso amarelo at\u00e9 \u00e0s 12h00 de hoje devido \u00e0 previs\u00e3o de vento forte.&#13;\n<\/p>\n<p>&#13;<br \/>\nOs grupos Oriental (Santa Maria e S\u00e3o Miguel) e central (Terceira, Graciosa, Faial, Pico e S\u00e3o Jorge) est\u00e3o tamb\u00e9m sob aviso amarelo por causa da agita\u00e7\u00e3o mar\u00edtima (at\u00e9 \u00e0s 18h00 de hoje) e do vento forte (at\u00e9 \u00e0s 21h00 de hoje).&#13;\n<\/p>\n<p>&#13;<br \/>\nO aviso laranja \u00e9 emitido pelo IPMA sempre que existe &#8220;situa\u00e7\u00e3o meteorol\u00f3gica de risco moderado a elevado, e o amarelo quando h\u00e1 uma situa\u00e7\u00e3o de risco para determinadas atividades dependentes da situa\u00e7\u00e3o meteorol\u00f3gica.&#13;<\/p>\n","protected":false},"excerpt":{"rendered":"&#13; Os distritos de Viana do Castelo e Braga estar\u00e3o j\u00e1 a partir das 21h00 de hoje e&hellip;\n","protected":false},"author":2,"featured_media":226552,"comment_status":"","ping_status":"","sticky":false,"template":"","format":"standard","meta":{"footnotes":""},"categories":[10],"tags":[609,27,28,2139,15,16,14,25,26,21,22,12,13,19,20,32,23,24,33,17,18,29,30,31,9417],"class_list":{"0":"post-226551","1":"post","2":"type-post","3":"status-publish","4":"format-standard","5":"has-post-thumbnail","7":"category-portugal","8":"tag-alerta","9":"tag-breaking-news","10":"tag-breakingnews","11":"tag-chuva","12":"tag-featured-news","13":"tag-featurednews","14":"tag-headlines","15":"tag-latest-news","16":"tag-latestnews","17":"tag-main-news","18":"tag-mainnews","19":"tag-news","20":"tag-noticias","21":"tag-noticias-principais","22":"tag-noticiasprincipais","23":"tag-portugal","24":"tag-principais-noticias","25":"tag-principaisnoticias","26":"tag-pt","27":"tag-top-stories","28":"tag-topstories","29":"tag-ultimas","30":"tag-ultimas-noticias","31":"tag-ultimasnoticias","32":"tag-vento"},"share_on_mastodon":{"url":"https:\/\/pubeurope.com\/@pt\/115886256477980324","error":""},"_links":{"self":[{"href":"https:\/\/www.europesays.com\/pt\/wp-json\/wp\/v2\/posts\/226551","targetHints":{"allow":["GET"]}}],"collection":[{"href":"https:\/\/www.europesays.com\/pt\/wp-json\/wp\/v2\/posts"}],"about":[{"href":"https:\/\/www.europesays.com\/pt\/wp-json\/wp\/v2\/types\/post"}],"author":[{"embeddable":true,"href":"https:\/\/www.europesays.com\/pt\/wp-json\/wp\/v2\/users\/2"}],"replies":[{"embeddable":true,"href":"https:\/\/www.europesays.com\/pt\/wp-json\/wp\/v2\/comments?post=226551"}],"version-history":[{"count":0,"href":"https:\/\/www.europesays.com\/pt\/wp-json\/wp\/v2\/posts\/226551\/revisions"}],"wp:featuredmedia":[{"embeddable":true,"href":"https:\/\/www.europesays.com\/pt\/wp-json\/wp\/v2\/media\/226552"}],"wp:attachment":[{"href":"https:\/\/www.europesays.com\/pt\/wp-json\/wp\/v2\/media?parent=226551"}],"wp:term":[{"taxonomy":"category","embeddable":true,"href":"https:\/\/www.europesays.com\/pt\/wp-json\/wp\/v2\/categories?post=226551"},{"taxonomy":"post_tag","embeddable":true,"href":"https:\/\/www.europesays.com\/pt\/wp-json\/wp\/v2\/tags?post=226551"}],"curies":[{"name":"wp","href":"https:\/\/api.w.org\/{rel}","templated":true}]}}