{"id":226553,"date":"2026-01-13T06:02:47","date_gmt":"2026-01-13T06:02:47","guid":{"rendered":"https:\/\/www.europesays.com\/pt\/226553\/"},"modified":"2026-01-13T06:02:47","modified_gmt":"2026-01-13T06:02:47","slug":"quem-esta-em-coracao-acelerado-veja-quais-sao-os-personagens-da-nova-trama-das-7","status":"publish","type":"post","link":"https:\/\/www.europesays.com\/pt\/226553\/","title":{"rendered":"Quem est\u00e1 em &#8216;Cora\u00e7\u00e3o acelerado&#8217;? Veja quais s\u00e3o os personagens da nova trama das 7"},"content":{"rendered":"\n<p class=\" content-text__container \" data-track-category=\"Link no Texto\" data-track-links=\"\"> \u00cddolo do sertanejo, conhecido como \u201cMoz\u00e3o do Brasil\u201d, canta profissionalmente desde crian\u00e7a e faz enorme sucesso com m\u00fasicas que j\u00e1 n\u00e3o lhe empolgam mais. N\u00e3o est\u00e1 feliz com a carreira, mas vai continuar como est\u00e1 no que depender de seu empres\u00e1rio, Ronei Soares (Thomas Aquino), que mant\u00e9m seu principal agenciado sob a r\u00e9dea curta. Jo\u00e3o Raul aceita a situa\u00e7\u00e3o por causa do pai, Walmir (Antonio Calloni), que o adotou o astro ainda beb\u00ea e o criou com muito sacrif\u00edcio e amor. <\/p>\n","protected":false},"excerpt":{"rendered":"\u00cddolo do sertanejo, conhecido como \u201cMoz\u00e3o do Brasil\u201d, canta profissionalmente desde crian\u00e7a e faz enorme sucesso com m\u00fasicas&hellip;\n","protected":false},"author":2,"featured_media":226554,"comment_status":"","ping_status":"","sticky":false,"template":"","format":"standard","meta":{"footnotes":""},"categories":[142],"tags":[114,115,32,33,151],"class_list":{"0":"post-226553","1":"post","2":"type-post","3":"status-publish","4":"format-standard","5":"has-post-thumbnail","7":"category-tv","8":"tag-entertainment","9":"tag-entretenimento","10":"tag-portugal","11":"tag-pt","12":"tag-tv"},"share_on_mastodon":{"url":"https:\/\/pubeurope.com\/@pt\/115886280038130498","error":""},"_links":{"self":[{"href":"https:\/\/www.europesays.com\/pt\/wp-json\/wp\/v2\/posts\/226553","targetHints":{"allow":["GET"]}}],"collection":[{"href":"https:\/\/www.europesays.com\/pt\/wp-json\/wp\/v2\/posts"}],"about":[{"href":"https:\/\/www.europesays.com\/pt\/wp-json\/wp\/v2\/types\/post"}],"author":[{"embeddable":true,"href":"https:\/\/www.europesays.com\/pt\/wp-json\/wp\/v2\/users\/2"}],"replies":[{"embeddable":true,"href":"https:\/\/www.europesays.com\/pt\/wp-json\/wp\/v2\/comments?post=226553"}],"version-history":[{"count":0,"href":"https:\/\/www.europesays.com\/pt\/wp-json\/wp\/v2\/posts\/226553\/revisions"}],"wp:featuredmedia":[{"embeddable":true,"href":"https:\/\/www.europesays.com\/pt\/wp-json\/wp\/v2\/media\/226554"}],"wp:attachment":[{"href":"https:\/\/www.europesays.com\/pt\/wp-json\/wp\/v2\/media?parent=226553"}],"wp:term":[{"taxonomy":"category","embeddable":true,"href":"https:\/\/www.europesays.com\/pt\/wp-json\/wp\/v2\/categories?post=226553"},{"taxonomy":"post_tag","embeddable":true,"href":"https:\/\/www.europesays.com\/pt\/wp-json\/wp\/v2\/tags?post=226553"}],"curies":[{"name":"wp","href":"https:\/\/api.w.org\/{rel}","templated":true}]}}