{"id":226555,"date":"2026-01-13T06:07:09","date_gmt":"2026-01-13T06:07:09","guid":{"rendered":"https:\/\/www.europesays.com\/pt\/226555\/"},"modified":"2026-01-13T06:07:09","modified_gmt":"2026-01-13T06:07:09","slug":"alimentos-gordurosos-reprogramam-o-figado-e-aumentam-risco-de-cancer-aponta-estudo-noticias-r7","status":"publish","type":"post","link":"https:\/\/www.europesays.com\/pt\/226555\/","title":{"rendered":"Alimentos gordurosos reprogramam o f\u00edgado e aumentam risco de c\u00e2ncer, aponta estudo \u2013 Noticias R7"},"content":{"rendered":"<p><img decoding=\"async\" data-chromatic=\"ignore\" alt=\"\" class=\"c-image\" loading=\"lazy\" src=\"https:\/\/www.europesays.com\/pt\/wp-content\/uploads\/2026\/01\/X4DJBWR7RVHSHI4KE7RPBQTYMU.jpeg\"  width=\"2048\" height=\"1152\"\/>Excesso de gordura favorece tumores hep\u00e1ticos. (Foto: Getty Images via Canva) Fala Ci\u00eancia <\/p>\n<p class=\"jarvics:base-text-neutral-high-400 base-text-[calc(theme(fontSize.xs)_*_var(--font-size,_1))] base-font-normal base-font-primary base-text-neutral-low-500 base-text-left\">\n<p>O impacto de uma alimenta\u00e7\u00e3o rica em gordura vai muito al\u00e9m do ac\u00famulo de tecido adiposo. Evid\u00eancias cient\u00edficas recentes indicam que esse padr\u00e3o alimentar pode provocar uma <strong>transforma\u00e7\u00e3o silenciosa nas c\u00e9lulas do f\u00edgado<\/strong>, reduzindo sua capacidade funcional e aumentando progressivamente o risco de <strong>c\u00e2ncer hep\u00e1tico<\/strong>.\u00a0<\/p>\n<\/p>\n<p class=\"jarvics:base-text-neutral-high-400 base-text-[calc(theme(fontSize.xs)_*_var(--font-size,_1))] base-font-normal base-font-primary base-text-neutral-low-500 base-text-left\">\n<p>Um estudo do Instituto de Tecnologia de Massachusetts revelou como o excesso de gordura for\u00e7a o f\u00edgado a adotar estrat\u00e9gias de sobreviv\u00eancia que, a longo prazo, criam um ambiente prop\u00edcio \u00e0 forma\u00e7\u00e3o de tumores.<\/p>\n<\/p>\n<p class=\"jarvics:base-text-neutral-high-400 base-text-[calc(theme(fontSize.xs)_*_var(--font-size,_1))] base-font-normal base-font-primary base-text-neutral-low-500 base-text-left\">O f\u00edgado sob press\u00e3o constante<\/p>\n<p class=\"jarvics:base-text-neutral-high-400 base-text-[calc(theme(fontSize.xs)_*_var(--font-size,_1))] base-font-normal base-font-primary base-text-neutral-low-500 base-text-left\">\n<p>Quando submetido repetidamente a dietas ricas em gordura, o f\u00edgado enfrenta um <strong>estresse metab\u00f3lico cont\u00ednuo<\/strong>. Para lidar com esse cen\u00e1rio adverso, as c\u00e9lulas hep\u00e1ticas maduras, chamadas <strong>hepat\u00f3citos<\/strong>, passam por uma reconfigura\u00e7\u00e3o profunda do seu funcionamento.<\/p>\n<\/p>\n<p class=\"jarvics:base-text-neutral-high-400 base-text-[calc(theme(fontSize.xs)_*_var(--font-size,_1))] base-font-normal base-font-primary base-text-neutral-low-500 base-text-left\">\n<p>O estudo <strong>\u201cA adapta\u00e7\u00e3o hep\u00e1tica ao estresse metab\u00f3lico cr\u00f4nico prepara a tumorig\u00eanese\u201d<\/strong>, publicado na revista cient\u00edfica <strong>Cell<\/strong>, demonstrou que essas c\u00e9lulas deixam de priorizar suas fun\u00e7\u00f5es especializadas, como o metabolismo de nutrientes e a produ\u00e7\u00e3o de prote\u00ednas essenciais, e passam a operar em um modo voltado principalmente \u00e0 sobreviv\u00eancia.<\/p>\n<\/p>\n<p class=\"jarvics:base-text-neutral-high-400 base-text-[calc(theme(fontSize.xs)_*_var(--font-size,_1))] base-font-normal base-font-primary base-text-neutral-low-500 base-text-left\">Volta a estados celulares mais primitivos<\/p>\n<p class=\"jarvics:base-text-neutral-high-400 base-text-[calc(theme(fontSize.xs)_*_var(--font-size,_1))] base-font-normal base-font-primary base-text-neutral-low-500 base-text-left\">\n<p>Durante esse processo, os hepat\u00f3citos abandonam parcialmente sua identidade madura e assumem caracter\u00edsticas semelhantes \u00e0s de <strong>c\u00e9lulas-tronco<\/strong>. Essa mudan\u00e7a oferece vantagens tempor\u00e1rias, permitindo maior resist\u00eancia \u00e0 inflama\u00e7\u00e3o e ao ac\u00famulo de gordura. No entanto, o custo biol\u00f3gico \u00e9 elevado.<\/p>\n<\/p>\n<p class=\"jarvics:base-text-neutral-high-400 base-text-[calc(theme(fontSize.xs)_*_var(--font-size,_1))] base-font-normal base-font-primary base-text-neutral-low-500 base-text-left\">\n<p>C\u00e9lulas menos diferenciadas apresentam maior capacidade de divis\u00e3o e menor controle sobre seu crescimento. Esse cen\u00e1rio aumenta significativamente a probabilidade de que <strong>altera\u00e7\u00f5es gen\u00e9ticas prejudiciais<\/strong> resultem em prolifera\u00e7\u00e3o descontrolada, um passo fundamental para o surgimento do c\u00e2ncer.<\/p>\n<\/p>\n<p class=\"jarvics:base-text-neutral-high-400 base-text-[calc(theme(fontSize.xs)_*_var(--font-size,_1))] base-font-normal base-font-primary base-text-neutral-low-500 base-text-left\">Genes que se desligam e genes que assumem o controle<\/p>\n<p><img decoding=\"async\" data-chromatic=\"ignore\" alt=\"\" class=\"c-image\" loading=\"lazy\" src=\"https:\/\/www.europesays.com\/pt\/wp-content\/uploads\/2026\/01\/JMAPP4RMUJAJPJN7ZNTE6DANPI.jpeg\"  width=\"1024\" height=\"576\"\/>Alimenta\u00e7\u00e3o gordurosa afeta genes do f\u00edgado. (Foto: Getty Images via Canva) Fala Ci\u00eancia <\/p>\n<p class=\"jarvics:base-text-neutral-high-400 base-text-[calc(theme(fontSize.xs)_*_var(--font-size,_1))] base-font-normal base-font-primary base-text-neutral-low-500 base-text-left\">\n<p>A equipe utilizou <strong>sequenciamento de RNA de c\u00e9lula \u00fanica<\/strong> para mapear, com precis\u00e3o, como a atividade g\u00eanica muda ao longo do tempo. Os resultados revelaram um padr\u00e3o consistente:<\/p>\n<\/p>\n<p class=\"jarvics:base-text-neutral-high-400 base-text-[calc(theme(fontSize.xs)_*_var(--font-size,_1))] base-font-normal base-font-primary base-text-neutral-low-500 base-text-left\">\n<ul class=\"wp-block-list\">\n<li>Ativa\u00e7\u00e3o de genes ligados \u00e0 <strong>resist\u00eancia celular<\/strong>\n<\/li>\n<li>Supress\u00e3o gradual de genes respons\u00e1veis pelo <strong>funcionamento normal do f\u00edgado<\/strong>\n<\/li>\n<li>Altera\u00e7\u00f5es progressivas que acompanham a evolu\u00e7\u00e3o da doen\u00e7a hep\u00e1tica<\/li>\n<\/ul>\n<p class=\"jarvics:base-text-neutral-high-400 base-text-[calc(theme(fontSize.xs)_*_var(--font-size,_1))] base-font-normal base-font-primary base-text-neutral-low-500 base-text-left\">\n<p>Essas mudan\u00e7as n\u00e3o ocorrem de forma abrupta. Algumas surgem rapidamente, enquanto outras se acumulam ao longo de meses ou anos, tornando o dano dif\u00edcil de perceber nos est\u00e1gios iniciais.<\/p>\n<\/p>\n<p class=\"jarvics:base-text-neutral-high-400 base-text-[calc(theme(fontSize.xs)_*_var(--font-size,_1))] base-font-normal base-font-primary base-text-neutral-low-500 base-text-left\">Confirma\u00e7\u00e3o em tecidos humanos<\/p>\n<p class=\"jarvics:base-text-neutral-high-400 base-text-[calc(theme(fontSize.xs)_*_var(--font-size,_1))] base-font-normal base-font-primary base-text-neutral-low-500 base-text-left\">\n<p>Para avaliar a relev\u00e2ncia cl\u00ednica dos achados, os pesquisadores analisaram amostras de f\u00edgado humano em diferentes fases da doen\u00e7a hep\u00e1tica. Os padr\u00f5es observados foram semelhantes aos identificados nos modelos experimentais.<\/p>\n<\/p>\n<p class=\"jarvics:base-text-neutral-high-400 base-text-[calc(theme(fontSize.xs)_*_var(--font-size,_1))] base-font-normal base-font-primary base-text-neutral-low-500 base-text-left\">\n<p>Pacientes que apresentavam maior express\u00e3o de genes associados \u00e0 sobreviv\u00eancia celular e menor atividade de genes ligados \u00e0 fun\u00e7\u00e3o hep\u00e1tica normal tiveram <strong>pior progn\u00f3stico<\/strong> ap\u00f3s o desenvolvimento de tumores. Esses dados refor\u00e7am que a reprograma\u00e7\u00e3o celular induzida pela dieta pode influenciar diretamente a evolu\u00e7\u00e3o da doen\u00e7a em humanos.<\/p>\n<\/p>\n<p class=\"jarvics:base-text-neutral-high-400 base-text-[calc(theme(fontSize.xs)_*_var(--font-size,_1))] base-font-normal base-font-primary base-text-neutral-low-500 base-text-left\">Alvos moleculares e novas possibilidades<\/p>\n<p class=\"jarvics:base-text-neutral-high-400 base-text-[calc(theme(fontSize.xs)_*_var(--font-size,_1))] base-font-normal base-font-primary base-text-neutral-low-500 base-text-left\">\n<p>O estudo tamb\u00e9m identificou <strong>fatores de transcri\u00e7\u00e3o<\/strong> e vias moleculares que coordenam essa mudan\u00e7a de identidade celular. Alguns desses alvos j\u00e1 est\u00e3o sendo explorados em terapias para doen\u00e7as hep\u00e1ticas metab\u00f3licas, enquanto outros representam potenciais estrat\u00e9gias para <strong>prevenir a progress\u00e3o para o c\u00e2ncer<\/strong>.<\/p>\n<\/p>\n<p class=\"jarvics:base-text-neutral-high-400 base-text-[calc(theme(fontSize.xs)_*_var(--font-size,_1))] base-font-normal base-font-primary base-text-neutral-low-500 base-text-left\">\n<p>Al\u00e9m disso, h\u00e1 interesse crescente em investigar se <strong>interven\u00e7\u00f5es nutricionais<\/strong>, perda de peso ou medicamentos voltados ao metabolismo podem reverter parte dessas altera\u00e7\u00f5es celulares antes que o dano se torne irrevers\u00edvel.<\/p><\/p>\n","protected":false},"excerpt":{"rendered":"Excesso de gordura favorece tumores hep\u00e1ticos. (Foto: Getty Images via Canva) Fala Ci\u00eancia O impacto de uma alimenta\u00e7\u00e3o&hellip;\n","protected":false},"author":2,"featured_media":226556,"comment_status":"","ping_status":"","sticky":false,"template":"","format":"standard","meta":{"footnotes":""},"categories":[86],"tags":[116,32,33,117],"class_list":{"0":"post-226555","1":"post","2":"type-post","3":"status-publish","4":"format-standard","5":"has-post-thumbnail","7":"category-saude","8":"tag-health","9":"tag-portugal","10":"tag-pt","11":"tag-saude"},"share_on_mastodon":{"url":"https:\/\/pubeurope.com\/@pt\/115886295789498755","error":""},"_links":{"self":[{"href":"https:\/\/www.europesays.com\/pt\/wp-json\/wp\/v2\/posts\/226555","targetHints":{"allow":["GET"]}}],"collection":[{"href":"https:\/\/www.europesays.com\/pt\/wp-json\/wp\/v2\/posts"}],"about":[{"href":"https:\/\/www.europesays.com\/pt\/wp-json\/wp\/v2\/types\/post"}],"author":[{"embeddable":true,"href":"https:\/\/www.europesays.com\/pt\/wp-json\/wp\/v2\/users\/2"}],"replies":[{"embeddable":true,"href":"https:\/\/www.europesays.com\/pt\/wp-json\/wp\/v2\/comments?post=226555"}],"version-history":[{"count":0,"href":"https:\/\/www.europesays.com\/pt\/wp-json\/wp\/v2\/posts\/226555\/revisions"}],"wp:featuredmedia":[{"embeddable":true,"href":"https:\/\/www.europesays.com\/pt\/wp-json\/wp\/v2\/media\/226556"}],"wp:attachment":[{"href":"https:\/\/www.europesays.com\/pt\/wp-json\/wp\/v2\/media?parent=226555"}],"wp:term":[{"taxonomy":"category","embeddable":true,"href":"https:\/\/www.europesays.com\/pt\/wp-json\/wp\/v2\/categories?post=226555"},{"taxonomy":"post_tag","embeddable":true,"href":"https:\/\/www.europesays.com\/pt\/wp-json\/wp\/v2\/tags?post=226555"}],"curies":[{"name":"wp","href":"https:\/\/api.w.org\/{rel}","templated":true}]}}