{"id":226559,"date":"2026-01-13T06:17:17","date_gmt":"2026-01-13T06:17:17","guid":{"rendered":"https:\/\/www.europesays.com\/pt\/226559\/"},"modified":"2026-01-13T06:17:17","modified_gmt":"2026-01-13T06:17:17","slug":"tres-gracas-alem-de-historia-possui-um-dos-melhores-elencos-da-globo","status":"publish","type":"post","link":"https:\/\/www.europesays.com\/pt\/226559\/","title":{"rendered":"Tr\u00eas Gra\u00e7as, al\u00e9m de hist\u00f3ria, possui um dos melhores elencos da Globo"},"content":{"rendered":"<p>Trama de Aguinaldo Silva, Virg\u00edlio Silva e Z\u00e9 Dassilva re\u00fane um time de peso liderado por Sophie Charlotte   &#13;<br \/>\n&#13;\n<\/p>\n<p style=\"font-weight: 400;\">Se tem algo que o telespectador de \u201cTr\u00eas Gra\u00e7as\u201d, da Globo, n\u00e3o pode reclamar, al\u00e9m da sua hist\u00f3ria, \u00e9 do time de atores escolhido para viver as tantas situa\u00e7\u00f5es.<\/p>\n<p style=\"font-weight: 400;\">H\u00e1 grandes nomes espalhados por v\u00e1rios setores, at\u00e9 mesmo naqueles em que n\u00e3o aparecem com maior destaque, como \u00e9 o caso de Augusto Madeira, o Rivaldo, porteiro do pr\u00e9dio em frente \u00e0 mans\u00e3o de Arminda (Grazi Massafera). Quem viu o trabalho dele em \u201cBeleza Fatal\u201d, na HBO Max, sabe do que estamos falando..<\/p>\n<p style=\"font-weight: 400;\">Trata-se de um ator talentoso que daria, sim, perfeitamente conta de uma participa\u00e7\u00e3o maior na novela.<\/p>\n<p style=\"font-weight: 400;\">Assim como sua mulher na trama, Ala\u00edde, papel de Juliana Alves. Falta um pouco mais dos dois.<\/p>\n<p style=\"font-weight: 400;\">\u201cTr\u00eas Gra\u00e7as\u201d possui um dos melhores elencos de j\u00e1 formados pela Globo, mas, tem como desafio, oferecer o merecido espa\u00e7o para todo esse pessoal.<\/p>\n<p style=\"font-weight: 400;\">Um desafio que s\u00f3 deve aumentar, a partir dessa chegada de Eduardo Moscovis, Viviane Ara\u00fajo, Marcelo Serrado e, quem sabe, Susana Vieira.<\/p>\n","protected":false},"excerpt":{"rendered":"Trama de Aguinaldo Silva, Virg\u00edlio Silva e Z\u00e9 Dassilva re\u00fane um time de peso liderado por Sophie Charlotte&hellip;\n","protected":false},"author":2,"featured_media":226560,"comment_status":"","ping_status":"","sticky":false,"template":"","format":"standard","meta":{"footnotes":""},"categories":[142],"tags":[114,115,32,33,151],"class_list":{"0":"post-226559","1":"post","2":"type-post","3":"status-publish","4":"format-standard","5":"has-post-thumbnail","7":"category-tv","8":"tag-entertainment","9":"tag-entretenimento","10":"tag-portugal","11":"tag-pt","12":"tag-tv"},"share_on_mastodon":{"url":"https:\/\/pubeurope.com\/@pt\/115886335118173210","error":""},"_links":{"self":[{"href":"https:\/\/www.europesays.com\/pt\/wp-json\/wp\/v2\/posts\/226559","targetHints":{"allow":["GET"]}}],"collection":[{"href":"https:\/\/www.europesays.com\/pt\/wp-json\/wp\/v2\/posts"}],"about":[{"href":"https:\/\/www.europesays.com\/pt\/wp-json\/wp\/v2\/types\/post"}],"author":[{"embeddable":true,"href":"https:\/\/www.europesays.com\/pt\/wp-json\/wp\/v2\/users\/2"}],"replies":[{"embeddable":true,"href":"https:\/\/www.europesays.com\/pt\/wp-json\/wp\/v2\/comments?post=226559"}],"version-history":[{"count":0,"href":"https:\/\/www.europesays.com\/pt\/wp-json\/wp\/v2\/posts\/226559\/revisions"}],"wp:featuredmedia":[{"embeddable":true,"href":"https:\/\/www.europesays.com\/pt\/wp-json\/wp\/v2\/media\/226560"}],"wp:attachment":[{"href":"https:\/\/www.europesays.com\/pt\/wp-json\/wp\/v2\/media?parent=226559"}],"wp:term":[{"taxonomy":"category","embeddable":true,"href":"https:\/\/www.europesays.com\/pt\/wp-json\/wp\/v2\/categories?post=226559"},{"taxonomy":"post_tag","embeddable":true,"href":"https:\/\/www.europesays.com\/pt\/wp-json\/wp\/v2\/tags?post=226559"}],"curies":[{"name":"wp","href":"https:\/\/api.w.org\/{rel}","templated":true}]}}