{"id":226564,"date":"2026-01-13T06:40:27","date_gmt":"2026-01-13T06:40:27","guid":{"rendered":"https:\/\/www.europesays.com\/pt\/226564\/"},"modified":"2026-01-13T06:40:27","modified_gmt":"2026-01-13T06:40:27","slug":"linha-900-da-stcp-passa-a-ligar-centro-do-porto-as-praias-de-gaia","status":"publish","type":"post","link":"https:\/\/www.europesays.com\/pt\/226564\/","title":{"rendered":"Linha 900 da STCP passa a ligar centro do Porto \u00e0s praias de Gaia"},"content":{"rendered":"<p data-remotead-prev-elm=\"true\" data-remotead-elm-id=\"inread\">&#8220;A nova Linha 900 assumir\u00e1 o percurso anteriormente servido pela Linha ZF, resultando na supress\u00e3o desta \u00faltima. Esta reestrutura\u00e7\u00e3o operacional permite a expans\u00e3o da Linha 900 com a adi\u00e7\u00e3o de mais de 30 paragens, otimizando a resposta \u00e0s necessidades de mobilidade nos concelhos servidos&#8221;, diz a STCP.<\/p>\n<p>De acordo com a empresa, a principal vantagem desta mudan\u00e7a para os utilizadores da antiga linha ZF (unia a Esta\u00e7\u00e3o de Valadares a Francelos, em Gaia) \u00e9 o aumento da disponibilidade do servi\u00e7o, que passa a operar tamb\u00e9m ao fim de semana.<\/p>\n<p>&#8220;Al\u00e9m disso, os passageiros de Francelos passam a usufruir de uma liga\u00e7\u00e3o direta ao centro do Porto, sem necessidade de transbordo. No sentido inverso, quem parte do Porto tem agora uma forma mais r\u00e1pida e simples de chegar \u00e0s praias de Gaia&#8221;, acrescenta.<\/p>\n<p>Todos os hor\u00e1rios e informa\u00e7\u00f5es podem ser consultados no <a href=\"http:\/\/www.stcp.pt\" target=\"_blank\" rel=\"nofollow noopener\">site da STCP<\/a>, nas paragens dos autocarros e atrav\u00e9s da Linha Azul (linhaazul@stcp.pt ou 226 158 158).<\/p>\n","protected":false},"excerpt":{"rendered":"&#8220;A nova Linha 900 assumir\u00e1 o percurso anteriormente servido pela Linha ZF, resultando na supress\u00e3o desta \u00faltima. Esta&hellip;\n","protected":false},"author":2,"featured_media":226565,"comment_status":"","ping_status":"","sticky":false,"template":"","format":"standard","meta":{"footnotes":""},"categories":[10],"tags":[27,28,20018,19635,15,16,14,25,26,21,22,12,13,19,20,32,23,24,33,24049,17,18,29,30,31],"class_list":{"0":"post-226564","1":"post","2":"type-post","3":"status-publish","4":"format-standard","5":"has-post-thumbnail","7":"category-portugal","8":"tag-breaking-news","9":"tag-breakingnews","10":"tag-concelho-porto","11":"tag-concelho-vila-nova-de-gaia","12":"tag-featured-news","13":"tag-featurednews","14":"tag-headlines","15":"tag-latest-news","16":"tag-latestnews","17":"tag-main-news","18":"tag-mainnews","19":"tag-news","20":"tag-noticias","21":"tag-noticias-principais","22":"tag-noticiasprincipais","23":"tag-portugal","24":"tag-principais-noticias","25":"tag-principaisnoticias","26":"tag-pt","27":"tag-stcp","28":"tag-top-stories","29":"tag-topstories","30":"tag-ultimas","31":"tag-ultimas-noticias","32":"tag-ultimasnoticias"},"share_on_mastodon":{"url":"https:\/\/pubeurope.com\/@pt\/115886425538217341","error":""},"_links":{"self":[{"href":"https:\/\/www.europesays.com\/pt\/wp-json\/wp\/v2\/posts\/226564","targetHints":{"allow":["GET"]}}],"collection":[{"href":"https:\/\/www.europesays.com\/pt\/wp-json\/wp\/v2\/posts"}],"about":[{"href":"https:\/\/www.europesays.com\/pt\/wp-json\/wp\/v2\/types\/post"}],"author":[{"embeddable":true,"href":"https:\/\/www.europesays.com\/pt\/wp-json\/wp\/v2\/users\/2"}],"replies":[{"embeddable":true,"href":"https:\/\/www.europesays.com\/pt\/wp-json\/wp\/v2\/comments?post=226564"}],"version-history":[{"count":0,"href":"https:\/\/www.europesays.com\/pt\/wp-json\/wp\/v2\/posts\/226564\/revisions"}],"wp:featuredmedia":[{"embeddable":true,"href":"https:\/\/www.europesays.com\/pt\/wp-json\/wp\/v2\/media\/226565"}],"wp:attachment":[{"href":"https:\/\/www.europesays.com\/pt\/wp-json\/wp\/v2\/media?parent=226564"}],"wp:term":[{"taxonomy":"category","embeddable":true,"href":"https:\/\/www.europesays.com\/pt\/wp-json\/wp\/v2\/categories?post=226564"},{"taxonomy":"post_tag","embeddable":true,"href":"https:\/\/www.europesays.com\/pt\/wp-json\/wp\/v2\/tags?post=226564"}],"curies":[{"name":"wp","href":"https:\/\/api.w.org\/{rel}","templated":true}]}}