{"id":226577,"date":"2026-01-13T07:59:07","date_gmt":"2026-01-13T07:59:07","guid":{"rendered":"https:\/\/www.europesays.com\/pt\/226577\/"},"modified":"2026-01-13T07:59:07","modified_gmt":"2026-01-13T07:59:07","slug":"sp-intensifica-vacinacao-contra-sarampo-e-febre-amarela-na-capital","status":"publish","type":"post","link":"https:\/\/www.europesays.com\/pt\/226577\/","title":{"rendered":"SP intensifica vacina\u00e7\u00e3o contra sarampo e febre amarela na capital"},"content":{"rendered":"<p>O Minist\u00e9rio da Sa\u00fade (<a href=\"https:\/\/www.gov.br\/saude\/pt-br\" rel=\"nofollow noopener\" target=\"_blank\">MS<\/a>), em parceria com a Secretaria de Estado da Sa\u00fade de <strong>S\u00e3o Paulo<\/strong> (<a href=\"https:\/\/www.saude.sp.gov.br\/\" rel=\"nofollow noopener\" target=\"_blank\">SES-SP<\/a>), deu in\u00edcio nesta segunda-feira (12) a uma nova etapa da campanha de vacina\u00e7\u00e3o, com foco no <strong>refor\u00e7o dos imunizantes contra o <a href=\"https:\/\/www.gov.br\/saude\/pt-br\/assuntos\/saude-de-a-a-z\/s\/sarampo\" rel=\"nofollow noopener\" target=\"_blank\">sarampo<\/a> e a <a href=\"https:\/\/www.gov.br\/saude\/pt-br\/assuntos\/saude-de-a-a-z\/f\/febre-amarela\" rel=\"nofollow noopener\" target=\"_blank\">febre amarela<\/a> na capital<\/strong>. O <strong><a href=\"https:\/\/www.instagram.com\/p\/DJeH-I8R8_h\/?utm_source=ig_web_copy_link\" rel=\"nofollow noopener\" target=\"_blank\">Dia D<\/a> de mobiliza\u00e7\u00e3o<\/strong>, destinado para a popula\u00e7\u00e3o em geral, est\u00e1 <strong>marcado para 24 de janeiro<\/strong>.\u00a0<\/p>\n<p>Embora o sarampo esteja erradicado no Brasil, com reconhecimento da Organiza\u00e7\u00e3o Pan-Americana da Sa\u00fade e pela Organiza\u00e7\u00e3o Mundial da Sa\u00fade (<a href=\"https:\/\/www.paho.org\/pt\/brasil\" rel=\"nofollow noopener\" target=\"_blank\">OPAS\/OMS<\/a>), a <strong>iniciativa ocorre ap\u00f3s a confirma\u00e7\u00e3o de dois casos importados no ano passado<\/strong>.<\/p>\n<p>A estrat\u00e9gia tem como objetivo <strong>ampliar a cobertura vacinal, atualizar cadernetas <\/strong>e, consequentemente,<strong> reduzir o n\u00famero de pessoas suscet\u00edveis \u00e0s doen\u00e7as<\/strong>. Com esses prop\u00f3sitos, a <strong>a\u00e7\u00e3o prioriza locais de grande circula\u00e7\u00e3o<\/strong> de pessoas, como:<\/p>\n<ul>&#13;<\/p>\n<li>terminais rodovi\u00e1rios,\u00a0<\/li>\n<p>&#13;<\/p>\n<li>esta\u00e7\u00f5es de metr\u00f4,\u00a0<\/li>\n<p>&#13;<\/p>\n<li>shoppings; e\u00a0<\/li>\n<p>&#13;<\/p>\n<li>aeroportos.<\/li>\n<p>&#13;\n<\/ul>\n<p>Al\u00e9m de <strong>a\u00e7\u00f5es direcionadas a p\u00fablicos espec\u00edficos entre os dias 19 e 23 de janeiro<\/strong>, como profissionais da seguran\u00e7a p\u00fablica, taxistas e trabalhadores do setor hoteleiro.<\/p>\n<p>Segundo o diretor do Programa Nacional de Imuniza\u00e7\u00f5es (<a href=\"https:\/\/www.gov.br\/saude\/pt-br\/composicao\/svsa\/pni\" rel=\"nofollow noopener\" target=\"_blank\">PNI<\/a>), do Minist\u00e9rio da Sa\u00fade, Eder Gatti, \u201ca vacina\u00e7\u00e3o \u00e9 a principal ferramenta de prote\u00e7\u00e3o. Ao refor\u00e7ar as a\u00e7\u00f5es em grandes centros urbanos, conseguimos interromper cadeias de transmiss\u00e3o e proteger a popula\u00e7\u00e3o de forma coletiva\u201d.<\/p>\n<p>Quem deve se vacinar?<\/p>\n<p>A vacina contra o <strong>sarampo<\/strong> \u00e9 destinada a pessoas de <strong>12 meses a 59 anos<\/strong>. J\u00e1 a imuniza\u00e7\u00e3o contra a <strong>febre amarela<\/strong> \u00e9 indicada para quem tem entre <strong>9 meses e 59 anos<\/strong>.<\/p>\n<p>Para se vacinar, a popula\u00e7\u00e3o deve procurar uma Unidade B\u00e1sica de Sa\u00fade (<a href=\"https:\/\/www.gov.br\/saude\/pt-br\/assuntos\/novo-pac-saude\/unidades-basicas-de-saude\" rel=\"nofollow noopener\" target=\"_blank\">UBS<\/a>) ou um dos pontos instalados em locais de grande circula\u00e7\u00e3o no munic\u00edpio. As vacinas s\u00e3o oferecidas gratuitamente pelo Sistema \u00danico de Sa\u00fade (<a href=\"https:\/\/www.gov.br\/saude\/pt-br\/sus\" rel=\"nofollow noopener\" target=\"_blank\">SUS<\/a>).<\/p>\n<p>Cen\u00e1rio epidemiol\u00f3gico<\/p>\n<p>Em 2025, o Brasil confirmou <strong>38 casos importados de sarampo<\/strong>, de acordo com o <a href=\"https:\/\/www.gov.br\/saude\/pt-br\/assuntos\/noticias\/2026\/janeiro\/vacinacao-contra-sarampo-e-febre-amarela-e-intensificada-em-locais-de-grande-circulacao-na-capital-paulista\" rel=\"nofollow noopener\" target=\"_blank\">MS<\/a>. A maioria associada a viagens internacionais ou ao contato com regi\u00f5es de baixa cobertura vacinal. No estado de S\u00e3o Paulo, at\u00e9 dezembro, foram registradas 1,4 mil notifica\u00e7\u00f5es da doen\u00e7a, sendo 359 no munic\u00edpio.<\/p>\n<p>Em rela\u00e7\u00e3o \u00e0 <strong>febre amarela<\/strong>, entre julho de 2024 e junho de 2025, foram confirmados <strong>123 casos no pa\u00eds<\/strong>, dos quais 63 no estado de S\u00e3o Paulo. <strong>No per\u00edodo atual de monitoramento (2025\/2026), n\u00e3o h\u00e1 registros da doen\u00e7a<\/strong>.<\/p>\n<p><strong>VEJA MAIS:<\/strong><\/p>\n<p><script async src=\"\/\/www.instagram.com\/embed.js\"><\/script><\/p>\n","protected":false},"excerpt":{"rendered":"O Minist\u00e9rio da Sa\u00fade (MS), em parceria com a Secretaria de Estado da Sa\u00fade de S\u00e3o Paulo (SES-SP),&hellip;\n","protected":false},"author":2,"featured_media":226578,"comment_status":"","ping_status":"","sticky":false,"template":"","format":"standard","meta":{"footnotes":""},"categories":[86],"tags":[1430,1425,1420,1419,1427,1426,1422,1424,1421,1423,116,1428,1703,52,32,1429,33,654,1670,117,2820],"class_list":{"0":"post-226577","1":"post","2":"type-post","3":"status-publish","4":"format-standard","5":"has-post-thumbnail","7":"category-saude","8":"tag-agronegocios","9":"tag-audio-para-radio","10":"tag-brasi-61","11":"tag-brasil61","12":"tag-brasilia","13":"tag-congresso","14":"tag-conteudo-para-blog","15":"tag-conteudo-para-gratuito","16":"tag-conteudo-para-radios","17":"tag-conteudo-para-site","18":"tag-health","19":"tag-jornalismo","20":"tag-ministerio-da-saude","21":"tag-politica","22":"tag-portugal","23":"tag-previsao-do-tempo","24":"tag-pt","25":"tag-sao-paulo","26":"tag-sarampo","27":"tag-saude","28":"tag-vacinacao"},"share_on_mastodon":{"url":"https:\/\/pubeurope.com\/@pt\/115886736200137501","error":""},"_links":{"self":[{"href":"https:\/\/www.europesays.com\/pt\/wp-json\/wp\/v2\/posts\/226577","targetHints":{"allow":["GET"]}}],"collection":[{"href":"https:\/\/www.europesays.com\/pt\/wp-json\/wp\/v2\/posts"}],"about":[{"href":"https:\/\/www.europesays.com\/pt\/wp-json\/wp\/v2\/types\/post"}],"author":[{"embeddable":true,"href":"https:\/\/www.europesays.com\/pt\/wp-json\/wp\/v2\/users\/2"}],"replies":[{"embeddable":true,"href":"https:\/\/www.europesays.com\/pt\/wp-json\/wp\/v2\/comments?post=226577"}],"version-history":[{"count":0,"href":"https:\/\/www.europesays.com\/pt\/wp-json\/wp\/v2\/posts\/226577\/revisions"}],"wp:featuredmedia":[{"embeddable":true,"href":"https:\/\/www.europesays.com\/pt\/wp-json\/wp\/v2\/media\/226578"}],"wp:attachment":[{"href":"https:\/\/www.europesays.com\/pt\/wp-json\/wp\/v2\/media?parent=226577"}],"wp:term":[{"taxonomy":"category","embeddable":true,"href":"https:\/\/www.europesays.com\/pt\/wp-json\/wp\/v2\/categories?post=226577"},{"taxonomy":"post_tag","embeddable":true,"href":"https:\/\/www.europesays.com\/pt\/wp-json\/wp\/v2\/tags?post=226577"}],"curies":[{"name":"wp","href":"https:\/\/api.w.org\/{rel}","templated":true}]}}