{"id":226600,"date":"2026-01-13T10:19:51","date_gmt":"2026-01-13T10:19:51","guid":{"rendered":"https:\/\/www.europesays.com\/pt\/226600\/"},"modified":"2026-01-13T10:19:51","modified_gmt":"2026-01-13T10:19:51","slug":"dengue-com-chuva-e-calor-o-risco-aumenta-prefeitura-de-jatai","status":"publish","type":"post","link":"https:\/\/www.europesays.com\/pt\/226600\/","title":{"rendered":"Dengue: Com chuva e calor, o risco aumenta! &#8211; Prefeitura de Jata\u00ed"},"content":{"rendered":"<ol>\n<li><a href=\"https:\/\/news.google.com\/rss\/articles\/CBMieEFVX3lxTE9kc0hBU2FGOTFXWmNUVUNKZm5KNXNxMUV2MVcwc2FrZFE5R2lFd05PajZYR3ZSQVJvUklOUmFWa243NkQxU1p5ZGhIWEFibE4yR0VfRnhLTmE4cmlGaXZGdFZfZDV6a0NicDB5MjJfZTZkN1MwSVdyVg?oc=5\" target=\"_blank\" rel=\"nofollow noopener\">Dengue: Com chuva e calor, o risco aumenta!<\/a>&nbsp;&nbsp;Prefeitura de Jata\u00ed<\/li>\n<li><a href=\"https:\/\/news.google.com\/rss\/articles\/CBMizgFBVV95cUxQRXVYTk9NY2tkYy1DX0tkNTVjbmxfam5rTGljd1ZKdkVISHAtSjhZSW96OTlVS2o3MEJlSDZzV2pReG5PV3gyWDJEd1dYd2taUFkyMzktUnI3WE8wQjRra2UwSWRHMmJQbUlQU2k1YUZ4bWMybFFFdHhyLTJjQnJHUWlDdnQ1WHE4ZV94aUxYX094NUxLTzlnSWFuRV9xbDBpLXZESDBGNTFtQk82ckh5eTBLVWNqZWlCUDBwNldKQjdjT3B4SjNsaG5DRXUyZw?oc=5\" target=\"_blank\" rel=\"nofollow noopener\">Per\u00edodo chuvoso acende alerta para a dengue no Brasil<\/a>&nbsp;&nbsp;Terra<\/li>\n<li><a href=\"https:\/\/news.google.com\/rss\/articles\/CBMiygFBVV95cUxNS3RIcGoxOF9vSXFtNDQxSlM0cHY0Y3hnYng3T1Z6cjVJTHJLMmxBbERjUE5wZFRUMXA0WlZkRHlQTGUyTGIwVG9FRjVYUFpoeGxZb0pJQWduYks2emw4UHpoQjRUb1d1dnFtUXBUNlJOT2ZObkhmYzFiU2x0Z3hLa2tOTEpkX3FubGp3dEI0LVJfZGlmNzFDcHZrQTM4ME5RQ0hra3NXOWF2Wi1jUXJyS1doRjhRREpvUEN6cGVMX1ZHT1c3dVpCekZ30gHPAUFVX3lxTE9sM0dCR2dPN0NmcXVxcFZraDMzalZGM2I3OWtJN2RxSzdZM2tVVGFkLUhiZTdCS2I4NC1DcTN3VzdjcS1uUkdMR055RzJtVkI3MXRpX3JvTTcyZmxRZmcxNE5EdWxka2xicWpsNmZBVjNiT2t2TElwenVxTlBmRUpROVdpMlZTQlpJVjZiYmxIYXl3Qks1dG5LMmN2dlZYdmh5b05WSUNjbGFNSnRSTDFxNFl5VGdpS1NYT1VMQ0tKNmxoRlA1YUx4VjQ3N0ZMRQ?oc=5\" target=\"_blank\" rel=\"nofollow noopener\">Calor, chuva e alerta: ver\u00e3o acende sinal de preven\u00e7\u00e3o contra arboviroses em Maca\u00e9<\/a>&nbsp;&nbsp;O Dia<\/li>\n<li><a href=\"https:\/\/news.google.com\/rss\/articles\/CBMizgFBVV95cUxOSWQ0LWI1dGlVbXUzbVl4VFNNTjdjQXBPM0NxZWhBVVBoQlRPdVhsb2RhOVRLZ2Z4Mk5FT3EwWmYyN2xCZzdPc1doaUR0QkpEaFRwQkxxcDdHSDRlalVTV2UyT3VlT0pQS0lOZUZsa0Z3cWtXNndEM2lRZkdwOEJBZkJhc0dyU0ctV3NNSll1RlFoUnFNSDVaWVNKNVluQWdzWUlDVUZqd280X21UQ1ljd3U4YVFGTEluQTBDT05VNUhVeGJaMXBNSmpqSzJkUdIB0wFBVV95cUxPak9ueW9zeHZVQzJ5NGVOZ2Y4TVcwZVpqN2lxTk9NYXpvYU93Z002NUxBdUNtamtTd1dfaVVLb2dDTTNBMWxzcUQtcTJnc3QwbFJaY2xsZlg0cEIxanVPcHd0QUlXNXNTWXFEVVhveE8tX1N0NGVTN3RGWE8yUTRrT2JJcDhlTjI0VDNraUczcHc5Wi10NEZMeXp3ajlDZnl0Nm05Um1tOTZuMGFHSmtwYkpuQlpiMWs1dzFkZlJUaGcxV2tUVHh1ZEdLR0ZqYmxvektZ?oc=5\" target=\"_blank\" rel=\"nofollow noopener\">Prefeitura de Bonito realiza a\u00e7\u00f5es integradas para fortalecer preven\u00e7\u00e3o e controle da dengue &#8211; Prefeitura<\/a>&nbsp;&nbsp;Prefeitura Municipal de Bonito &#8211; MS<\/li>\n<li><a href=\"https:\/\/news.google.com\/rss\/articles\/CBMimwFBVV95cUxQa0pkUWhKQUtuLWJZUkJBRWVMYWxYdGZ1ZFktNXN5OGdDYkhEOEx4cjVvMC03eDhKaDVMN0JSVlRoc1EyUmZucjdLRGRfWnZFZ2dzcWtHUEdlUFNXbXhkWHUtSkpieURGZUd1cjVxUlVDNzJCdEJ2OXpJa0lka29QajZ2SWFnM3A2cVIxUUZzcDNQV0dqWlQ1X1F3dw?oc=5\" target=\"_blank\" rel=\"nofollow noopener\">Maca\u00e9 divulga a\u00e7\u00f5es de vigil\u00e2ncia ambiental em v\u00e1rios bairros nesta semana<\/a>&nbsp;&nbsp;Rede Hits Fm<\/li>\n<\/ol>\n","protected":false},"excerpt":{"rendered":"Dengue: Com chuva e calor, o risco aumenta!&nbsp;&nbsp;Prefeitura de Jata\u00ed Per\u00edodo chuvoso acende alerta para a dengue no&hellip;\n","protected":false},"author":2,"featured_media":226601,"comment_status":"","ping_status":"","sticky":false,"template":"","format":"standard","meta":{"footnotes":""},"categories":[86],"tags":[116,32,33,117],"class_list":{"0":"post-226600","1":"post","2":"type-post","3":"status-publish","4":"format-standard","5":"has-post-thumbnail","7":"category-saude","8":"tag-health","9":"tag-portugal","10":"tag-pt","11":"tag-saude"},"share_on_mastodon":{"url":"https:\/\/pubeurope.com\/@pt\/115887290621551401","error":""},"_links":{"self":[{"href":"https:\/\/www.europesays.com\/pt\/wp-json\/wp\/v2\/posts\/226600","targetHints":{"allow":["GET"]}}],"collection":[{"href":"https:\/\/www.europesays.com\/pt\/wp-json\/wp\/v2\/posts"}],"about":[{"href":"https:\/\/www.europesays.com\/pt\/wp-json\/wp\/v2\/types\/post"}],"author":[{"embeddable":true,"href":"https:\/\/www.europesays.com\/pt\/wp-json\/wp\/v2\/users\/2"}],"replies":[{"embeddable":true,"href":"https:\/\/www.europesays.com\/pt\/wp-json\/wp\/v2\/comments?post=226600"}],"version-history":[{"count":0,"href":"https:\/\/www.europesays.com\/pt\/wp-json\/wp\/v2\/posts\/226600\/revisions"}],"wp:featuredmedia":[{"embeddable":true,"href":"https:\/\/www.europesays.com\/pt\/wp-json\/wp\/v2\/media\/226601"}],"wp:attachment":[{"href":"https:\/\/www.europesays.com\/pt\/wp-json\/wp\/v2\/media?parent=226600"}],"wp:term":[{"taxonomy":"category","embeddable":true,"href":"https:\/\/www.europesays.com\/pt\/wp-json\/wp\/v2\/categories?post=226600"},{"taxonomy":"post_tag","embeddable":true,"href":"https:\/\/www.europesays.com\/pt\/wp-json\/wp\/v2\/tags?post=226600"}],"curies":[{"name":"wp","href":"https:\/\/api.w.org\/{rel}","templated":true}]}}