{"id":226637,"date":"2026-01-13T12:19:20","date_gmt":"2026-01-13T12:19:20","guid":{"rendered":"https:\/\/www.europesays.com\/pt\/226637\/"},"modified":"2026-01-13T12:19:20","modified_gmt":"2026-01-13T12:19:20","slug":"rival-de-wagner-moura-no-oscar-timothee-chalamet-entra-na-mira-dos-brasileiros","status":"publish","type":"post","link":"https:\/\/www.europesays.com\/pt\/226637\/","title":{"rendered":"Rival de Wagner Moura no Oscar, Timoth\u00e9e Chalamet entra na mira dos brasileiros"},"content":{"rendered":"<p>\t\t<a href=\"http:\/\/www.facebook.com\/sharer\/sharer.php?u=https:\/\/www.diariodocentrodomundo.com.br\/essencial\/rival-de-wagner-moura-no-oscar-timothee-chalamet-entra-na-mira-dos-brasileiros\/\" target=\"_blank\" class=\"facebook-share\" rel=\"nofollow noopener\"><\/a><br \/>\n\t\t<a href=\"https:\/\/twitter.com\/share?url=https:\/\/www.diariodocentrodomundo.com.br\/essencial\/rival-de-wagner-moura-no-oscar-timothee-chalamet-entra-na-mira-dos-brasileiros\/\" target=\"_blank\" class=\"twitter-share\" rel=\"nofollow noopener\"><\/a><br \/>\n\t\t<a href=\"#\" class=\"whatsapp-share\" data-url=\"https:\/\/www.diariodocentrodomundo.com.br\/essencial\/rival-de-wagner-moura-no-oscar-timothee-chalamet-entra-na-mira-dos-brasileiros\/\" data-title=\"Rival de Wagner Moura no Oscar, Timoth\u00e9e Chalamet entra na mira dos brasileiros\"><\/a><br \/>\n\t<a href=\"https:\/\/www.linkedin.com\/sharing\/share-offsite\/?url=https:\/\/www.diariodocentrodomundo.com.br\/essencial\/rival-de-wagner-moura-no-oscar-timothee-chalamet-entra-na-mira-dos-brasileiros\/\" target=\"_blank\" class=\"linkedin-share\" rel=\"nofollow noopener\"><\/a><br \/>\n   <a href=\"https:\/\/www.threads.net\/intent\/post?text=Rival+de+Wagner+Moura+no+Oscar%2C+Timoth%C3%A9e+Chalamet+entra+na+mira+dos+brasileiros&amp;url=https%3A%2F%2Fwww.diariodocentrodomundo.com.br%2Fessencial%2Frival-de-wagner-moura-no-oscar-timothee-chalamet-entra-na-mira-dos-brasileiros%2F\" target=\"_blank\" class=\"threads-share\" rel=\"nofollow noopener\"><img decoding=\"async\" class=\"threads-icon perfmatters-lazy\" src=\"https:\/\/www.diariodocentrodomundo.com.br\/wp-content\/themes\/Newsmag\/images\/icons\/threads.svg\"\/><\/a> <\/p>\n<p>            <img fetchpriority=\"high\" decoding=\"async\" class=\"size-full wp-image-1533559\" src=\"https:\/\/www.europesays.com\/pt\/wp-content\/uploads\/2026\/01\/imagem_2026-01-12_075010604.png\" alt=\"\" width=\"888\" height=\"567\"  \/>Timoth\u00e9e Chalamet com o pr\u00eamio do Globo de Ouro. Foto: Etienne Laurent\/AFP<\/p>\n<p>Brasileiros inundaram as redes sociais com amea\u00e7as bem-humoradas de vasculhar a vida do ator Timoth\u00e9e Chalamet ap\u00f3s ele vencer o Globo de Ouro de Melhor Ator em Com\u00e9dia\/Musical. A rea\u00e7\u00e3o ocorre porque o brasileiro Wagner Moura, protagonista de \u201cO Agente Secreto\u201d, venceu na categoria de Drama, tornando ambos favoritos ao Oscar.<\/p>\n<p>Nos memes, os f\u00e3s de Moura prometem repetir uma estrat\u00e9gia usada anteriormente contra Karla Sof\u00eda Gasc\u00f3n, advers\u00e1ria de Fernanda Torres no Oscar passado. O objetivo declarado \u00e9 encontrar \u201cpodres\u201d do astro de \u201cMarty Supreme\u201d para prejudicar sua campanha rumo \u00e0 premia\u00e7\u00e3o do cinema mundial.<\/p>\n<p>Os dois atores aparecem na lista de favoritos para uma indica\u00e7\u00e3o ao Oscar de Melhor Ator, ao lado de nomes como Leonardo DiCaprio e Michael B. Jordan. A briga nas redes sinaliza um acirramento da disputa antes do an\u00fancio dos indicados.\u00a0<strong>Veja os memes:\u00a0<\/strong><\/p>\n<blockquote class=\"twitter-tweet\">\n<p dir=\"ltr\" lang=\"pt\">ATEN\u00c7\u00c3O TIMOTH\u00c9E CHALAMET APROVEITE SEU \u00daLTIMO DIA DE SOSSEGO AMANH\u00c3 A GENTE COME\u00c7A SEU EXU MIRIM PIMENTA VAI TRABALHAR VAI CORRER GIRA <a href=\"https:\/\/t.co\/I5RK5cYh6o\" rel=\"nofollow\">pic.twitter.com\/I5RK5cYh6o<\/a><\/p>\n<p>\u2014 jairme (@jairmearrependi) <a href=\"https:\/\/twitter.com\/jairmearrependi\/status\/2010563051234140244?ref_src=twsrc%5Etfw\" rel=\"nofollow noopener\" target=\"_blank\">January 12, 2026<\/a><\/p>\n<\/blockquote>\n<blockquote class=\"twitter-tweet\">\n<p dir=\"ltr\" lang=\"pt\">wagner: me traz uma \u00e1gua<br \/>timothee: mas eu sou o timothee chalamet<br \/>wagner: hii timothee me traz uma \u00e1gua<\/p>\n<p>\u2014 sarah jur\u00eddico WAGNER MOURA WINNER (@ssarahvmoura) <a href=\"https:\/\/twitter.com\/ssarahvmoura\/status\/2010520197396873223?ref_src=twsrc%5Etfw\" rel=\"nofollow noopener\" target=\"_blank\">January 12, 2026<\/a><\/p>\n<\/blockquote>\n<blockquote class=\"twitter-tweet\">\n<p dir=\"ltr\" lang=\"pt\">procurem os maiores podres do ratinho do chalamet esse oscar precisa ser nosso<br \/><a href=\"https:\/\/t.co\/GKK1kTZMxs\" rel=\"nofollow\">pic.twitter.com\/GKK1kTZMxs<\/a><\/p>\n<p>\u2014 joao victor (@holozyyy) <a href=\"https:\/\/twitter.com\/holozyyy\/status\/2010655567765975508?ref_src=twsrc%5Etfw\" rel=\"nofollow noopener\" target=\"_blank\">January 12, 2026<\/a><\/p>\n<\/blockquote>\n<blockquote class=\"twitter-tweet\">\n<p dir=\"ltr\" lang=\"pt\">TEM QUE DESENTERRAR OS PODRES DO TIMOTHEE CHALAMET URGENTE EU TENHO CERTEZA QUE ELE JA PIPOCOU A N-WORD<a href=\"https:\/\/t.co\/N0612Uoji4\" rel=\"nofollow\">pic.twitter.com\/N0612Uoji4<\/a><\/p>\n<p>\u2014 darius (@scarzulli) <a href=\"https:\/\/twitter.com\/scarzulli\/status\/2010563899251171651?ref_src=twsrc%5Etfw\" rel=\"nofollow noopener\" target=\"_blank\">January 12, 2026<\/a><\/p>\n<\/blockquote>\n<blockquote class=\"twitter-tweet\">\n<p dir=\"ltr\" lang=\"pt\">Eu desejo tudo de ruim pro chalamet apenas desgra\u00e7as pra carreira dele joga senhor caminhada derradeira filmes de baixo or\u00e7amento figurino com sarna joga ostracismo na vida desse moleque que ele n\u00e3o ganhe nem pr\u00eamio framboesa na vida dele <a href=\"https:\/\/t.co\/ruYRJiBflI\" rel=\"nofollow\">pic.twitter.com\/ruYRJiBflI<\/a><\/p>\n<p>\u2014 maricita\ud83e\uddc3 (@marythevirgen) <a href=\"https:\/\/twitter.com\/marythevirgen\/status\/2010570668015042931?ref_src=twsrc%5Etfw\" rel=\"nofollow noopener\" target=\"_blank\">January 12, 2026<\/a><\/p>\n<\/blockquote>\n<blockquote class=\"twitter-tweet\">\n<p dir=\"ltr\" lang=\"pt\">Ano passado tivemos Karla Sofia Gascon esse ano o inimigo se chama Timothee Chalamet achem os podres desse gigol\u00f4 <a href=\"https:\/\/t.co\/CckdYUTS2D\" rel=\"nofollow\">pic.twitter.com\/CckdYUTS2D<\/a><\/p>\n<p>\u2014 gabineu na monster pit (@gabrielsva) <a href=\"https:\/\/twitter.com\/gabrielsva\/status\/2010567246163108193?ref_src=twsrc%5Etfw\" rel=\"nofollow noopener\" target=\"_blank\">January 12, 2026<\/a><\/p>\n<\/blockquote>\n<blockquote class=\"twitter-tweet\">\n<p dir=\"ltr\" lang=\"pt\">n\u00e3o vou aguentar ver esse press\u00e3o baixa do timoth\u00e9e chalamet ganhando do wagner moura no oscar <a href=\"https:\/\/t.co\/wDborEIO9z\" rel=\"nofollow\">pic.twitter.com\/wDborEIO9z<\/a><\/p>\n<p>\u2014 gi zenilder (@oopsfavs) <a href=\"https:\/\/twitter.com\/oopsfavs\/status\/2010538356829036699?ref_src=twsrc%5Etfw\" rel=\"nofollow noopener\" target=\"_blank\">January 12, 2026<\/a><\/p>\n<\/blockquote>\n<p>        <script async src=\"https:\/\/platform.twitter.com\/widgets.js\" charset=\"utf-8\"><\/script><\/p>\n","protected":false},"excerpt":{"rendered":"Timoth\u00e9e Chalamet com o pr\u00eamio do Globo de Ouro. Foto: Etienne Laurent\/AFP Brasileiros inundaram as redes sociais com&hellip;\n","protected":false},"author":2,"featured_media":226638,"comment_status":"","ping_status":"","sticky":false,"template":"","format":"standard","meta":{"footnotes":""},"categories":[145],"tags":[211,210,114,115,32,33],"class_list":{"0":"post-226637","1":"post","2":"type-post","3":"status-publish","4":"format-standard","5":"has-post-thumbnail","7":"category-celebridades","8":"tag-celebridades","9":"tag-celebrities","10":"tag-entertainment","11":"tag-entretenimento","12":"tag-portugal","13":"tag-pt"},"share_on_mastodon":{"url":"https:\/\/pubeurope.com\/@pt\/115887758598227552","error":""},"_links":{"self":[{"href":"https:\/\/www.europesays.com\/pt\/wp-json\/wp\/v2\/posts\/226637","targetHints":{"allow":["GET"]}}],"collection":[{"href":"https:\/\/www.europesays.com\/pt\/wp-json\/wp\/v2\/posts"}],"about":[{"href":"https:\/\/www.europesays.com\/pt\/wp-json\/wp\/v2\/types\/post"}],"author":[{"embeddable":true,"href":"https:\/\/www.europesays.com\/pt\/wp-json\/wp\/v2\/users\/2"}],"replies":[{"embeddable":true,"href":"https:\/\/www.europesays.com\/pt\/wp-json\/wp\/v2\/comments?post=226637"}],"version-history":[{"count":0,"href":"https:\/\/www.europesays.com\/pt\/wp-json\/wp\/v2\/posts\/226637\/revisions"}],"wp:featuredmedia":[{"embeddable":true,"href":"https:\/\/www.europesays.com\/pt\/wp-json\/wp\/v2\/media\/226638"}],"wp:attachment":[{"href":"https:\/\/www.europesays.com\/pt\/wp-json\/wp\/v2\/media?parent=226637"}],"wp:term":[{"taxonomy":"category","embeddable":true,"href":"https:\/\/www.europesays.com\/pt\/wp-json\/wp\/v2\/categories?post=226637"},{"taxonomy":"post_tag","embeddable":true,"href":"https:\/\/www.europesays.com\/pt\/wp-json\/wp\/v2\/tags?post=226637"}],"curies":[{"name":"wp","href":"https:\/\/api.w.org\/{rel}","templated":true}]}}