{"id":226651,"date":"2026-01-13T12:42:41","date_gmt":"2026-01-13T12:42:41","guid":{"rendered":"https:\/\/www.europesays.com\/pt\/226651\/"},"modified":"2026-01-13T12:42:41","modified_gmt":"2026-01-13T12:42:41","slug":"os-surpreendentes-tracos-de-personalidade-compartilhados-por-gemeos-identicos-separados-ao-nascer","status":"publish","type":"post","link":"https:\/\/www.europesays.com\/pt\/226651\/","title":{"rendered":"Os surpreendentes tra\u00e7os de personalidade compartilhados por g\u00eameos id\u00eanticos separados ao nascer"},"content":{"rendered":"<p><img fetchpriority=\"high\" decoding=\"async\" src=\"https:\/\/www.europesays.com\/pt\/wp-content\/uploads\/2026\/01\/7640b5c0-66ed-11f0-a08d-214bf7cc019d.jpg.webp.webp\"   alt=\"Duas g\u00eameas id\u00eanticas sorriem enquanto tiram uma selfie juntas&#10;\" loading=\"eager\" width=\"2060\" height=\"1159\" style=\"aspect-ratio:2060 \/ 1159\" class=\"css-1seqhu9\"\/><\/p>\n<p class=\"css-by8ykd\" role=\"text\">Cr\u00e9dito, Jim Craigmyle\/Getty Images<\/p>\n<p>Legenda da foto, O fasc\u00ednio e o encanto em torno de duas pessoas que s\u00e3o indiv\u00edduos distintos, mas surpreendentemente parecidos, inspirou mitologias antigas, al\u00e9m de obras da m\u00fasica, do cinema e da literatura<\/p>\n<p>11 janeiro 2026<\/p>\n<p>Tempo de leitura: 6 min<\/p>\n<p dir=\"ltr\" class=\"css-s4cjt0 e1yuyadm0\">G\u00eameos parecem sempre despertar fasc\u00ednio. Quem \u00e9 <a href=\"https:\/\/www.bbc.com\/portuguese\/articles\/czd3d3prjp8o\" class=\"focusIndicatorReducedWidth css-n8oauk e1h2ur550\" rel=\"nofollow noopener\" target=\"_blank\">g\u00eameo<\/a> conhece de cor o repert\u00f3rio de perguntas:<\/p>\n<p dir=\"ltr\" class=\"css-s4cjt0 e1yuyadm0\">&#8220;Voc\u00eas t\u00eam poderes ps\u00edquicos?&#8221;<\/p>\n<p dir=\"ltr\" class=\"css-s4cjt0 e1yuyadm0\">&#8220;Sentem a dor um do outro?&#8221;<\/p>\n<p dir=\"ltr\" class=\"css-s4cjt0 e1yuyadm0\">&#8220;J\u00e1 trocaram de lugar alguma vez?&#8221;<\/p>\n<p dir=\"ltr\" class=\"css-s4cjt0 e1yuyadm0\">O fasc\u00ednio e o encanto em torno de duas pessoas que s\u00e3o indiv\u00edduos distintos, mas surpreendentemente parecidos, inspirou mitologias antigas, al\u00e9m de obras da m\u00fasica, do cinema e da literatura.<\/p>\n<p dir=\"ltr\" class=\"css-s4cjt0 e1yuyadm0\">Mas o interesse pelos g\u00eameos tamb\u00e9m \u00e9 objeto central da <a href=\"https:\/\/www.bbc.com\/portuguese\/topics\/cr50y580rjxt\" class=\"focusIndicatorReducedWidth css-n8oauk e1h2ur550\" rel=\"nofollow noopener\" target=\"_blank\">ci\u00eancia<\/a>, por oferecerem uma oportunidade \u00fanica de analisar como <a href=\"https:\/\/www.bbc.com\/portuguese\/topics\/cyx5kx4k0wjt\" class=\"focusIndicatorReducedWidth css-n8oauk e1h2ur550\" rel=\"nofollow noopener\" target=\"_blank\">gen\u00e9tica<\/a> e ambiente moldam caracter\u00edsticas f\u00edsicas e comportamentos. Afinal, \u00e9 a natureza ou a cria\u00e7\u00e3o que nos faz quem somos?<\/p>\n<p><img decoding=\"async\" src=\"https:\/\/www.europesays.com\/pt\/wp-content\/uploads\/2026\/01\/dff3ecc0-66ee-11f0-a08d-214bf7cc019d.jpg.webp.webp\"   alt=\"Meninas rec\u00e9m-nascidas, com cinco dias de vida, dormem sobre um cobertor\" loading=\"lazy\" width=\"3000\" height=\"1688\" style=\"aspect-ratio:3000 \/ 1688\" class=\"css-1seqhu9\"\/>Legenda da foto, G\u00eameas id\u00eanticas tendem a compartilhar praticamente todos os genes e a ter apar\u00eancia muito semelhante<\/p>\n<p dir=\"ltr\" class=\"css-s4cjt0 e1yuyadm0\">Existem dois tipos de g\u00eameos. Os n\u00e3o id\u00eanticos, ou fraternos, resultam de dois \u00f3vulos distintos, liberados ao mesmo tempo e fecundados por espermatoz\u00f3ides diferentes. Assim como irm\u00e3os comuns, compartilham, em m\u00e9dia, metade do material gen\u00e9tico.<\/p>\n<p dir=\"ltr\" class=\"css-s4cjt0 e1yuyadm0\">Os g\u00eameos id\u00eanticos, por sua vez, se formam a partir de um \u00fanico \u00f3vulo fecundado por um \u00fanico espermatoz\u00f3ide, que se divide em dois embri\u00f5es. Por isso, compartilham quase todos os genes e, com frequ\u00eancia, t\u00eam apar\u00eancia muito semelhante. S\u00e3o raros: ocorrem em cerca de 3 a cada 1.000 nascimentos.<\/p>\n<p dir=\"ltr\" class=\"css-s4cjt0 e1yuyadm0\">A professora Nancy Segal, ela pr\u00f3pria uma g\u00eamea fraterna, dedicou toda a sua carreira a esse campo de pesquisa. Ela \u00e9 geneticista comportamental e psic\u00f3loga da California State University, Fullerton (EUA), onde dirige o Twin Studies Center.<\/p>\n<p dir=\"ltr\" class=\"css-s4cjt0 e1yuyadm0\">&#8220;Os g\u00eameos nos permitem analisar a influ\u00eancia gen\u00e9tica e ambiental de praticamente qualquer caracter\u00edstica, da intelig\u00eancia \u00e0 velocidade de corrida, da personalidade \u00e0 altura e ao peso&#8221;, afirma Segal.<\/p>\n<p dir=\"ltr\" class=\"css-s4cjt0 e1yuyadm0\">Estudos t\u00edpicos com g\u00eameos comparam g\u00eameos geneticamente id\u00eanticos a g\u00eameos fraternos. Quando os g\u00eameos id\u00eanticos se mostram mais semelhantes em determinada caracter\u00edstica, isso indica que os genes desempenham algum papel no desenvolvimento daquele tra\u00e7o.<\/p>\n<p dir=\"ltr\" class=\"css-s4cjt0 e1yuyadm0\">Talvez n\u00e3o seja surpresa que os genes participem da forma\u00e7\u00e3o da nossa altura, do peso e at\u00e9 da intelig\u00eancia. Mas estudos com g\u00eameos tamb\u00e9m mostram que a heran\u00e7a gen\u00e9tica influencia alguns dos tra\u00e7os e comportamentos mais pessoais.<\/p>\n<p dir=\"ltr\" class=\"css-s4cjt0 e1yuyadm0\">&#8220;G\u00eameos t\u00eam sido usados para estudar uma enorme variedade de comportamentos: religiosidade e atitudes sociais, se a pessoa \u00e9 a favor da pena de morte, uso de drogas e at\u00e9 quanto investe em suas finan\u00e7as&#8221;, afirma Segal.<\/p>\n<p dir=\"ltr\" class=\"css-s4cjt0 e1yuyadm0\">Pesquisas realizadas nos Estados Unidos, na Holanda e na Austr\u00e1lia constataram, por exemplo, que g\u00eameos id\u00eanticos tendem a compartilhar vis\u00f5es semelhantes sobre religi\u00e3o com mais frequ\u00eancia do que g\u00eameos n\u00e3o id\u00eanticos, especialmente na vida adulta. Isso sugere que os genes exercem algum papel na f\u00e9.<\/p>\n<p dir=\"ltr\" class=\"css-s4cjt0 e1yuyadm0\">Segundo Segal, n\u00e3o se trata de uma predisposi\u00e7\u00e3o gen\u00e9tica para acreditar em Deus, mas da influ\u00eancia dos genes sobre um conjunto complexo de caracter\u00edsticas, como intelig\u00eancia ou sensibilidade, que pode tornar uma pessoa mais propensa a desenvolver esse tipo de cren\u00e7a.<\/p>\n<p><img decoding=\"async\" src=\"https:\/\/www.europesays.com\/pt\/wp-content\/uploads\/2026\/01\/52229e30-66f0-11f0-8c3a-8db24e8d09c1.jpg.webp.webp\"   alt=\"Uma mulher de jaqueta rosa est\u00e1 entre duas mulheres idosas, que sorriem e riem\" loading=\"lazy\" width=\"885\" height=\"498\" style=\"aspect-ratio:885 \/ 498\" class=\"css-1seqhu9\"\/><\/p>\n<p class=\"css-by8ykd\" role=\"text\">Cr\u00e9dito, Leonard Ortiz\/Digital First Media\/Orange County Register via Getty Images<\/p>\n<p>Legenda da foto, Elizabeth Hamel (\u00e0 esquerda) e Ann Hunt (\u00e0 direita) ficaram separadas por 78 anos antes de se reencontrarem, o que ofereceu \u00e0 Nancy Segal (ao centro) um estudo de caso ideal para sua pesquisa<\/p>\n<p>G\u00eameos criados separados<\/p>\n<p dir=\"ltr\" class=\"css-s4cjt0 e1yuyadm0\">As descobertas mais impressionantes das pesquisas de Segal v\u00eam do estudo de casos raros de g\u00eameos id\u00eanticos que n\u00e3o cresceram juntos.<\/p>\n<p dir=\"ltr\" class=\"css-s4cjt0 e1yuyadm0\">&#8220;Um dos aspectos \u00e9 a personalidade. O que \u00e9 fascinante sobre isso [\u00e9] em agressividade e qu\u00e3o tradicional voc\u00ea \u00e9\u2026 g\u00eameos id\u00eanticos criados separados s\u00e3o t\u00e3o semelhantes quanto g\u00eameos id\u00eanticos criados juntos. Isso mostra que, para os parentes que vivem juntos, s\u00e3o as influ\u00eancias gen\u00e9ticas, e n\u00e3o o ambiente compartilhado, que explicam a semelhan\u00e7a&#8221;, afirma.<\/p>\n<p dir=\"ltr\" class=\"css-s4cjt0 e1yuyadm0\">Um dos estudos mais conhecidos conduzidos por Segal teve como foco Ann Hunt e Elizabeth Hamel, g\u00eameas id\u00eanticas separadas quase ao nascer.<\/p>\n<p dir=\"ltr\" class=\"css-s4cjt0 e1yuyadm0\">Elas entraram para o Guinness World Records como as g\u00eameas que passaram mais tempo separadas: 78 anos. O reencontro ocorreu nos Estados Unidos, onde Elizabeth vivia, depois que Ann, nascida, criada e residente no Reino Unido, iniciou a busca pela irm\u00e3.<\/p>\n<p dir=\"ltr\" class=\"css-s4cjt0 e1yuyadm0\">Os resultados desse estudo mostraram que Ann e Elizabeth compartilhavam diversos tra\u00e7os de personalidade e que ambas chegaram a se casar com homens chamados Jim.<\/p>\n<p dir=\"ltr\" class=\"css-s4cjt0 e1yuyadm0\">Algumas semelhan\u00e7as observadas em outros estudos s\u00e3o ainda mais curiosas.<\/p>\n<p dir=\"ltr\" class=\"css-s4cjt0 e1yuyadm0\">&#8220;At\u00e9 h\u00e1bitos e comportamentos incomuns se repetem. Por exemplo, um par de g\u00eameos id\u00eanticos usava a mesma marca sueca de creme dental. Outro par, criado separado, se reencontrou em um aeroporto de Minnesota e ambos usavam sete an\u00e9is, tr\u00eas pulseiras e um rel\u00f3gio&#8221;, afirma a professora Segal.<\/p>\n<p dir=\"ltr\" class=\"css-s4cjt0 e1yuyadm0\">E as coincid\u00eancias n\u00e3o pararam por a\u00ed.<\/p>\n<p dir=\"ltr\" class=\"css-s4cjt0 e1yuyadm0\">&#8220;Outro conjunto de g\u00eameos id\u00eanticos tinha o h\u00e1bito de colocar el\u00e1sticos nos pulsos e de lavar as m\u00e3os antes e depois de usar o banheiro. Talvez sejam muito sens\u00edveis a germes e extremamente rigorosos com a limpeza&#8221;, diz Segal.<\/p>\n<p dir=\"ltr\" class=\"css-s4cjt0 e1yuyadm0\">Um par de g\u00eameos id\u00eanticos escoceses, criados separados, costumava cortar a torrada em quatro quadrados e comer apenas tr\u00eas. Isso sugere, acrescenta a pesquisadora, uma preocupa\u00e7\u00e3o em controlar o apetite ou em n\u00e3o comer tudo o que est\u00e1 no prato.<\/p>\n<p dir=\"ltr\" class=\"css-s4cjt0 e1yuyadm0\">&#8220;Esses exemplos\u2026 indicam que o acaso n\u00e3o explica tudo. Todos n\u00f3s temos h\u00e1bitos estranhos ou peculiares, e eles n\u00e3o surgem do nada, refletem quem somos em alguma medida&#8221;, conclui Segal.<\/p>\n<p><img decoding=\"async\" src=\"https:\/\/www.europesays.com\/pt\/wp-content\/uploads\/2026\/01\/7e0cf9c0-6874-11f0-8f9f-1d38db11c370.jpg.webp.webp\"   alt=\"Um carrinho de beb\u00ea para g\u00eameos, de cor vermelha, sendo empurrado por um dos pais\" loading=\"lazy\" width=\"1733\" height=\"974\" style=\"aspect-ratio:1733 \/ 974\" class=\"css-1seqhu9\"\/><\/p>\n<p class=\"css-by8ykd\" role=\"text\">Cr\u00e9dito, japatino via Getty Images<\/p>\n<p>Legenda da foto, Especialistas afirmam que os tra\u00e7os de personalidade compartilhados por g\u00eameos resultam de uma combina\u00e7\u00e3o entre ambiente e gen\u00e9tica<\/p>\n<p>Os g\u00eameos Jim<\/p>\n<p dir=\"ltr\" class=\"css-s4cjt0 e1yuyadm0\">Um dos casos mais extremos de sincronicidade entre g\u00eameos \u00e9 o dos chamados g\u00eameos Jim, de Minnesota, nos Estados Unidos. Ambos se chamavam Jim, foram separados ao nascer e se reencontraram aos 39 anos, quando descobriram que suas vidas eram surpreendentemente semelhantes. Os dois haviam se casado com mulheres chamadas Linda e, depois, voltaram a se casar com mulheres chamadas Betty. Ambos tinham um cachorro chamado Toy e um filho chamado James Alan. Al\u00e9m disso, ro\u00edam as unhas e costumavam passar f\u00e9rias na mesma praia.<\/p>\n<p dir=\"ltr\" class=\"css-s4cjt0 e1yuyadm0\">Os g\u00eameos participaram de um estudo conduzido por Thomas Bouchard, da Universidade do Minnesota (EUA), que constatou que eles obtiveram resultados notavelmente semelhantes em testes de personalidade, apesar de nunca terem tido contato entre si.<\/p>\n<p dir=\"ltr\" class=\"css-s4cjt0 e1yuyadm0\">Exemplos t\u00e3o extraordin\u00e1rios levantam uma quest\u00e3o inevit\u00e1vel: afinal, temos tanto controle sobre nossas escolhas e comportamentos quanto gostamos de imaginar?<\/p>\n<p dir=\"ltr\" class=\"css-s4cjt0 e1yuyadm0\">&#8220;S\u00f3 porque algo tem influ\u00eancia gen\u00e9tica n\u00e3o significa que voc\u00ea n\u00e3o tenha autonomia&#8221;, afirma Segal, da California State University. Ela cita o div\u00f3rcio como exemplo de um grande evento de vida que pode ser influenciado, mas n\u00e3o totalmente determinado, pela gen\u00e9tica.<\/p>\n<p dir=\"ltr\" class=\"css-s4cjt0 e1yuyadm0\">Mas que papel espec\u00edfico os genes desempenham nisso?<\/p>\n<p dir=\"ltr\" class=\"css-s4cjt0 e1yuyadm0\">&#8220;Provavelmente tra\u00e7os como personalidades dif\u00edceis, teimosia [e] caracter\u00edsticas desse tipo. Mas os genes n\u00e3o dizem: &#8216;div\u00f3rcio!&#8217;. A decis\u00e3o de se divorciar \u00e9 sua. Portanto, n\u00e3o acho que o livre-arb\u00edtrio seja prejudicado por isso&#8221;, diz.<\/p>\n<p dir=\"ltr\" class=\"css-s4cjt0 e1yuyadm0\">A chave, segundo Segal, \u00e9 n\u00e3o pensar em termos absolutos. Quando se trata de personalidade e tra\u00e7os individuais, n\u00e3o h\u00e1 uma \u00fanica fonte definitiva que nos molde por completo nas pessoas que nos tornamos.<\/p>\n<p dir=\"ltr\" class=\"css-s4cjt0 e1yuyadm0\">&#8220;As pessoas tendem a gostar de pensar que o ambiente nos moldou completamente. Mas acho que isso \u00e9 um equ\u00edvoco&#8221;, afirma Segal.<\/p>\n<p dir=\"ltr\" class=\"css-s4cjt0 e1yuyadm0\">Texto baseado em um epis\u00f3dio do programa de r\u00e1dio CrowdScience, do BBC World Service.<\/p>\n","protected":false},"excerpt":{"rendered":"Cr\u00e9dito, Jim Craigmyle\/Getty Images Legenda da foto, O fasc\u00ednio e o encanto em torno de duas pessoas que&hellip;\n","protected":false},"author":2,"featured_media":226652,"comment_status":"","ping_status":"","sticky":false,"template":"","format":"standard","meta":{"footnotes":""},"categories":[84],"tags":[109,107,108,32,33,105,103,104,106,110],"class_list":{"0":"post-226651","1":"post","2":"type-post","3":"status-publish","4":"format-standard","5":"has-post-thumbnail","7":"category-ciencia-e-tecnologia","8":"tag-ciencia","9":"tag-ciencia-e-tecnologia","10":"tag-cienciaetecnologia","11":"tag-portugal","12":"tag-pt","13":"tag-science","14":"tag-science-and-technology","15":"tag-scienceandtechnology","16":"tag-technology","17":"tag-tecnologia"},"share_on_mastodon":{"url":"https:\/\/pubeurope.com\/@pt\/115887849024827470","error":""},"_links":{"self":[{"href":"https:\/\/www.europesays.com\/pt\/wp-json\/wp\/v2\/posts\/226651","targetHints":{"allow":["GET"]}}],"collection":[{"href":"https:\/\/www.europesays.com\/pt\/wp-json\/wp\/v2\/posts"}],"about":[{"href":"https:\/\/www.europesays.com\/pt\/wp-json\/wp\/v2\/types\/post"}],"author":[{"embeddable":true,"href":"https:\/\/www.europesays.com\/pt\/wp-json\/wp\/v2\/users\/2"}],"replies":[{"embeddable":true,"href":"https:\/\/www.europesays.com\/pt\/wp-json\/wp\/v2\/comments?post=226651"}],"version-history":[{"count":0,"href":"https:\/\/www.europesays.com\/pt\/wp-json\/wp\/v2\/posts\/226651\/revisions"}],"wp:featuredmedia":[{"embeddable":true,"href":"https:\/\/www.europesays.com\/pt\/wp-json\/wp\/v2\/media\/226652"}],"wp:attachment":[{"href":"https:\/\/www.europesays.com\/pt\/wp-json\/wp\/v2\/media?parent=226651"}],"wp:term":[{"taxonomy":"category","embeddable":true,"href":"https:\/\/www.europesays.com\/pt\/wp-json\/wp\/v2\/categories?post=226651"},{"taxonomy":"post_tag","embeddable":true,"href":"https:\/\/www.europesays.com\/pt\/wp-json\/wp\/v2\/tags?post=226651"}],"curies":[{"name":"wp","href":"https:\/\/api.w.org\/{rel}","templated":true}]}}