{"id":226655,"date":"2026-01-13T12:51:09","date_gmt":"2026-01-13T12:51:09","guid":{"rendered":"https:\/\/www.europesays.com\/pt\/226655\/"},"modified":"2026-01-13T12:51:09","modified_gmt":"2026-01-13T12:51:09","slug":"o-tormento-de-michael-jackson-segundo-o-amigo","status":"publish","type":"post","link":"https:\/\/www.europesays.com\/pt\/226655\/","title":{"rendered":"o tormento de Michael Jackson, segundo o amigo"},"content":{"rendered":"<p>\t\t<a href=\"http:\/\/www.facebook.com\/sharer\/sharer.php?u=https:\/\/www.diariodocentrodomundo.com.br\/essencial\/acusacoes-de-abuso-e-noites-sem-dormir-o-tormento-de-michael-jackson-segundo-o-amigo\/\" target=\"_blank\" class=\"facebook-share\" rel=\"nofollow noopener\"><\/a><br \/>\n\t\t<a href=\"https:\/\/twitter.com\/share?url=https:\/\/www.diariodocentrodomundo.com.br\/essencial\/acusacoes-de-abuso-e-noites-sem-dormir-o-tormento-de-michael-jackson-segundo-o-amigo\/\" target=\"_blank\" class=\"twitter-share\" rel=\"nofollow noopener\"><\/a><br \/>\n\t\t<a href=\"#\" class=\"whatsapp-share\" data-url=\"https:\/\/www.diariodocentrodomundo.com.br\/essencial\/acusacoes-de-abuso-e-noites-sem-dormir-o-tormento-de-michael-jackson-segundo-o-amigo\/\" data-title=\"Acusa\u00e7\u00f5es de abuso e noites sem dormir: o tormento de Michael Jackson, segundo o amigo\"><\/a><br \/>\n\t<a href=\"https:\/\/www.linkedin.com\/sharing\/share-offsite\/?url=https:\/\/www.diariodocentrodomundo.com.br\/essencial\/acusacoes-de-abuso-e-noites-sem-dormir-o-tormento-de-michael-jackson-segundo-o-amigo\/\" target=\"_blank\" class=\"linkedin-share\" rel=\"nofollow noopener\"><\/a><br \/>\n   <a href=\"https:\/\/www.threads.net\/intent\/post?text=Acusa%C3%A7%C3%B5es+de+abuso+e+noites+sem+dormir%3A+o+tormento+de+Michael+Jackson%2C+segundo+o+amigo&amp;url=https%3A%2F%2Fwww.diariodocentrodomundo.com.br%2Fessencial%2Facusacoes-de-abuso-e-noites-sem-dormir-o-tormento-de-michael-jackson-segundo-o-amigo%2F\" target=\"_blank\" class=\"threads-share\" rel=\"nofollow noopener\"><img decoding=\"async\" class=\"threads-icon perfmatters-lazy\" src=\"https:\/\/www.diariodocentrodomundo.com.br\/wp-content\/themes\/Newsmag\/images\/icons\/threads.svg\"\/><\/a> <\/p>\n<p>            <img fetchpriority=\"high\" decoding=\"async\" class=\"size-full wp-image-1533058\" src=\"https:\/\/www.europesays.com\/pt\/wp-content\/uploads\/2026\/01\/1768059479696272575e9fe_1768059479_3x2_xl.jpg\" alt=\"\" width=\"1200\" height=\"800\"  \/>O cantor americano Michael Jackson, na premia\u00e7\u00e3o World Music Awards, em M\u00f4naco, em 2000 \u2013 Jean-Paul Pelissier\/Reuters<\/p>\n<p data-start=\"610\" data-end=\"1154\">Em meio ao turbilh\u00e3o de acusa\u00e7\u00f5es de abuso infantil na d\u00e9cada de 1990, Michael Jackson vivia noites insones, atormentado por d\u00favidas sobre sua carreira e o futuro. Em entrevista ao The Sun, Dan Beck, ex-executivo da gravadora Epic Records, relata como o astro do pop o procurava frequentemente durante a madrugada, questionando escolhas art\u00edsticas e lidando com a press\u00e3o externa. Segundo Beck, as primeiras acusa\u00e7\u00f5es afetaram profundamente a confian\u00e7a de Michael, que, preocupado com sua imagem, ficava imerso em reflex\u00f5es durante as noites.<\/p>\n<p data-start=\"1156\" data-end=\"1618\">Apesar da agita\u00e7\u00e3o emocional, Jackson manteve sua rela\u00e7\u00e3o com Beck, a quem confiava seus medos e inseguran\u00e7as. O ex-executivo relembra o esfor\u00e7o da gravadora para apoiar o artista em um momento dif\u00edcil, incluindo a contrata\u00e7\u00e3o de uma equipe para ajud\u00e1-lo a planejar seu \u00e1lbum Dangerous, lan\u00e7ado em 1991. Na \u00e9poca, as dificuldades pessoais de Michael estavam em sintonia com o cen\u00e1rio profissional, onde ele enfrentava cr\u00edticas implac\u00e1veis e batalhas judiciais.<\/p>\n<p data-start=\"1620\" data-end=\"2036\">O impacto das acusa\u00e7\u00f5es, combinado com a press\u00e3o de sua vida p\u00fablica, levou Jackson a se viciar em analg\u00e9sicos, e ele passou por per\u00edodos de reabilita\u00e7\u00e3o. No livro de Beck, You\u2019ve Got Michael: Living Through History, ele compartilha detalhes do lan\u00e7amento do \u00e1lbum History, em 1995, e oferece uma vis\u00e3o mais \u00edntima de como o Rei do Pop lidou com sua luta interna enquanto tentava preservar sua carreira e legado.<\/p>\n<p>        <script async src=\"https:\/\/platform.twitter.com\/widgets.js\" charset=\"utf-8\"><\/script><\/p>\n","protected":false},"excerpt":{"rendered":"O cantor americano Michael Jackson, na premia\u00e7\u00e3o World Music Awards, em M\u00f4naco, em 2000 \u2013 Jean-Paul Pelissier\/Reuters Em&hellip;\n","protected":false},"author":2,"featured_media":226656,"comment_status":"","ping_status":"","sticky":false,"template":"","format":"standard","meta":{"footnotes":""},"categories":[141],"tags":[114,115,149,150,32,33],"class_list":{"0":"post-226655","1":"post","2":"type-post","3":"status-publish","4":"format-standard","5":"has-post-thumbnail","7":"category-musica","8":"tag-entertainment","9":"tag-entretenimento","10":"tag-music","11":"tag-musica","12":"tag-portugal","13":"tag-pt"},"share_on_mastodon":{"url":"https:\/\/pubeurope.com\/@pt\/115887884393111509","error":""},"_links":{"self":[{"href":"https:\/\/www.europesays.com\/pt\/wp-json\/wp\/v2\/posts\/226655","targetHints":{"allow":["GET"]}}],"collection":[{"href":"https:\/\/www.europesays.com\/pt\/wp-json\/wp\/v2\/posts"}],"about":[{"href":"https:\/\/www.europesays.com\/pt\/wp-json\/wp\/v2\/types\/post"}],"author":[{"embeddable":true,"href":"https:\/\/www.europesays.com\/pt\/wp-json\/wp\/v2\/users\/2"}],"replies":[{"embeddable":true,"href":"https:\/\/www.europesays.com\/pt\/wp-json\/wp\/v2\/comments?post=226655"}],"version-history":[{"count":0,"href":"https:\/\/www.europesays.com\/pt\/wp-json\/wp\/v2\/posts\/226655\/revisions"}],"wp:featuredmedia":[{"embeddable":true,"href":"https:\/\/www.europesays.com\/pt\/wp-json\/wp\/v2\/media\/226656"}],"wp:attachment":[{"href":"https:\/\/www.europesays.com\/pt\/wp-json\/wp\/v2\/media?parent=226655"}],"wp:term":[{"taxonomy":"category","embeddable":true,"href":"https:\/\/www.europesays.com\/pt\/wp-json\/wp\/v2\/categories?post=226655"},{"taxonomy":"post_tag","embeddable":true,"href":"https:\/\/www.europesays.com\/pt\/wp-json\/wp\/v2\/tags?post=226655"}],"curies":[{"name":"wp","href":"https:\/\/api.w.org\/{rel}","templated":true}]}}