{"id":226665,"date":"2026-01-13T13:07:12","date_gmt":"2026-01-13T13:07:12","guid":{"rendered":"https:\/\/www.europesays.com\/pt\/226665\/"},"modified":"2026-01-13T13:07:12","modified_gmt":"2026-01-13T13:07:12","slug":"grita-se-em-guimaraes-o-vitoria-ganhou-a-bola","status":"publish","type":"post","link":"https:\/\/www.europesays.com\/pt\/226665\/","title":{"rendered":"Grita-se em Guimar\u00e3es: \u00abO Vit\u00f3ria ganhou!\u00bb &#8211; A Bola"},"content":{"rendered":"<ol>\n<li><a href=\"https:\/\/news.google.com\/rss\/articles\/CBMikgFBVV95cUxOOWE4LU1VcHA5aUtLXzBpRzh3Vmh0dFl1Q2pld2xTdlhmRS1rR1ZGLWJGd0JnTWdOWEdPV09hX1dGMzBZYzFRZ1dlWWlUVHZ4UHdDZld4c0Z4UnBCLXZHTHB4RVpCYlJmY0o1ckM3b1ZDaXBaMjl4Vko3a1JaZlkyX0dKLUNPM3NENEkyZDJpbWlrUQ?oc=5\" target=\"_blank\" rel=\"nofollow noopener\">Grita-se em Guimar\u00e3es: \u00abO Vit\u00f3ria ganhou!\u00bb<\/a>&nbsp;&nbsp;A Bola<\/li>\n<li><a href=\"https:\/\/news.google.com\/rss\/articles\/CBMizAFBVV95cUxPWklnaHUxVXVKM3pGS29vSHRnYWdFTkJqaXZ6eVp1WHVZVFZNZnFiUG9PMW1heFRUZmFOUWwwVEVJQWFPZ05xd2NMRTRTLUhKQ0p4anIxQnVXWHd2RU5NVzhudjVyWTE0LUItd3ZFVTZUUHRHTjg5TEloV3o3UjM1Q2pReEhLYlJ5Y3k0dXQ1ZTg5ZllTTmR3NmU0bDlJTUJzQk9OazQ0WVV3YmYwcHlOYndFTDZ5QmhWUzgzd3BoV0JDdjZBcTlNX1psWlE?oc=5\" target=\"_blank\" rel=\"nofollow noopener\">Ex-Vasco, goleiro Charles \u00e9 o her\u00f3i do Vit\u00f3ria de Guimar\u00e3es na conquista da Ta\u00e7a da Liga de Portugal<\/a>&nbsp;&nbsp;NETVASCO<\/li>\n<li><a href=\"https:\/\/news.google.com\/rss\/articles\/CBMiggJBVV95cUxONFlOME1NOEZRenhVVjR4Z1Jud3IyNjJwdEZnZGZRS2ZSTnQxOUZGcEtYck9PTWVsY0xYSTdhdFFpWkoyVHZqM0RxZGw3dW1ROXFXZ0I3T2F3Z1FWRzFROUNkR0piSDdXakUyWnhiSW5zUmc1clhhTjREOTZqeWtoZkdGYnlhTTlhTVVSaGJvc1lyNWppZ1hFTDR2LXVKeUlSRFZmdnc4QXRoRUZzTzRDaFM1Vmd4aEVfM3dDSkE1MTBnVU0takZsTUhObENMQTlKdFRubmFQTFcxOWlmLTNyNkQ4eGRsVlFHZ2JaNV96eTFEa2tKaG4wVmtqZTRPbHVja2c?oc=5\" target=\"_blank\" rel=\"nofollow noopener\">Vit\u00f3ria de Guimar\u00e3es vira sobre Braga e, pela primeira vez, \u00e9 campe\u00e3o da Ta\u00e7a da Liga<\/a>&nbsp;&nbsp;Terra<\/li>\n<li><a href=\"https:\/\/news.google.com\/rss\/articles\/CBMicEFVX3lxTFBySU8tOWN4NmVlUmk0dEdTZWZ3NkQ5ejVxMVE5aHFLTTZ1ZmIzUkdCdm1WajhSM0ZmS21yRzZ6aFg4aG1YV3ZPeTlFcl8xYjB3bWhEel9vWGF3ckNWWjZOVmtEUXpBOTNsR1NsNVkwdDc?oc=5\" target=\"_blank\" rel=\"nofollow noopener\">O novo normal<\/a>&nbsp;&nbsp;A Bola<\/li>\n<li><a href=\"https:\/\/news.google.com\/rss\/articles\/CBMiuAFBVV95cUxNNFV4SDhUQmp6czNnLWwxc2JmMi1VaTZxODdnN1NlWWJsM3MzUmFnMjc3NnpuMnJpWkhNMW9KUjlaQlNRMGs5bkI2OGhmRWZZWmMybC1pNTdTeVdMTVBNLW51SURrS2hHOE5KNjBvdWpCdS1fMTh6LS1OekxsdU9hMld4N3diRk5EdlhYbGxzc1gxb21OZ1Y0N0lwekJTOXBLaktQT3k1bUk3U3ZJLWp1VnBIWFJqek5o?oc=5\" target=\"_blank\" rel=\"nofollow noopener\">V\u00cdDEO: Lu\u00eds Pinto n\u00e3o poupou no cal\u00e3o para motivar os conquistadores<\/a>&nbsp;&nbsp;Maisfutebol<\/li>\n<\/ol>\n","protected":false},"excerpt":{"rendered":"Grita-se em Guimar\u00e3es: \u00abO Vit\u00f3ria ganhou!\u00bb&nbsp;&nbsp;A Bola Ex-Vasco, goleiro Charles \u00e9 o her\u00f3i do Vit\u00f3ria de Guimar\u00e3es na&hellip;\n","protected":false},"author":2,"featured_media":226666,"comment_status":"","ping_status":"","sticky":false,"template":"","format":"standard","meta":{"footnotes":""},"categories":[87],"tags":[135,32,33,134],"class_list":{"0":"post-226665","1":"post","2":"type-post","3":"status-publish","4":"format-standard","5":"has-post-thumbnail","7":"category-desporto","8":"tag-desporto","9":"tag-portugal","10":"tag-pt","11":"tag-sports"},"share_on_mastodon":{"url":"https:\/\/pubeurope.com\/@pt\/115887947347383523","error":""},"_links":{"self":[{"href":"https:\/\/www.europesays.com\/pt\/wp-json\/wp\/v2\/posts\/226665","targetHints":{"allow":["GET"]}}],"collection":[{"href":"https:\/\/www.europesays.com\/pt\/wp-json\/wp\/v2\/posts"}],"about":[{"href":"https:\/\/www.europesays.com\/pt\/wp-json\/wp\/v2\/types\/post"}],"author":[{"embeddable":true,"href":"https:\/\/www.europesays.com\/pt\/wp-json\/wp\/v2\/users\/2"}],"replies":[{"embeddable":true,"href":"https:\/\/www.europesays.com\/pt\/wp-json\/wp\/v2\/comments?post=226665"}],"version-history":[{"count":0,"href":"https:\/\/www.europesays.com\/pt\/wp-json\/wp\/v2\/posts\/226665\/revisions"}],"wp:featuredmedia":[{"embeddable":true,"href":"https:\/\/www.europesays.com\/pt\/wp-json\/wp\/v2\/media\/226666"}],"wp:attachment":[{"href":"https:\/\/www.europesays.com\/pt\/wp-json\/wp\/v2\/media?parent=226665"}],"wp:term":[{"taxonomy":"category","embeddable":true,"href":"https:\/\/www.europesays.com\/pt\/wp-json\/wp\/v2\/categories?post=226665"},{"taxonomy":"post_tag","embeddable":true,"href":"https:\/\/www.europesays.com\/pt\/wp-json\/wp\/v2\/tags?post=226665"}],"curies":[{"name":"wp","href":"https:\/\/api.w.org\/{rel}","templated":true}]}}