{"id":226669,"date":"2026-01-13T13:10:07","date_gmt":"2026-01-13T13:10:07","guid":{"rendered":"https:\/\/www.europesays.com\/pt\/226669\/"},"modified":"2026-01-13T13:10:07","modified_gmt":"2026-01-13T13:10:07","slug":"missao-chinesa-change-6-oferece-novas-pistas-sobre-a-origem-da-dicotomia-lunar-espaco","status":"publish","type":"post","link":"https:\/\/www.europesays.com\/pt\/226669\/","title":{"rendered":"Miss\u00e3o chinesa \u201cChang\u2019e-6\u201d oferece novas pistas sobre a origem da dicotomia lunar | Espa\u00e7o"},"content":{"rendered":"<p>A miss\u00e3o chinesa Chang\u2019\u200be-6 trouxe novas provas sobre a origem da dicotomia entre as duas faces da Lua, ao revelar que um impacto gigantesco alterou a composi\u00e7\u00e3o do manto lunar, segundo um estudo publicado esta ter\u00e7a-feira.<\/p>\n<p>A investiga\u00e7\u00e3o, liderada por cientistas do Instituto de Geologia e Geof\u00edsica da Academia Chinesa de Ci\u00eancias, baseia-se na an\u00e1lise isot\u00f3pica de alta precis\u00e3o de basaltos recolhidos pela Chang\u2019\u200be-6 na bacia Aitken no p\u00f3lo Sul, a maior e mais antiga cratera de impacto do sat\u00e9lite, e <a href=\"https:\/\/www.pnas.org\/doi\/10.1073\/pnas.2515408123\" target=\"_blank\" rel=\"nofollow noopener\">foi divulgada<\/a> na revista cient\u00edfica Proceedings of the National Academy of Sciences (PNAS).<\/p>\n<p>Os investigadores detectaram que as amostras provenientes da <a href=\"https:\/\/www.publico.pt\/2025\/07\/10\/ciencia\/noticia\/amostras-trazidas-lado-oculto-lua-revelam-segredos-formacao-2139716\" target=\"_blank\" rel=\"nofollow noopener\">face oculta da Lua<\/a> apresentam propor\u00e7\u00f5es significativamente mais elevadas do is\u00f3topo pesado do pot\u00e1ssio em compara\u00e7\u00e3o com as rochas lunares recolhidas na face vis\u00edvel nas miss\u00f5es Apolo, entre 1969 e 1972.<\/p>\n<p>Depois de excluir outros factores, como a irradia\u00e7\u00e3o por <a href=\"https:\/\/www.publico.pt\/2017\/09\/21\/ciencia\/noticia\/confirmado-chegaram-ao-nosso-planeta-raios-cosmicos-extragalacticos-1786237\" target=\"_blank\" rel=\"nofollow noopener\">raios c\u00f3smicos<\/a> ou processos magm\u00e1ticos posteriores, a equipa concluiu que um grande impacto primordial, ocorrido h\u00e1 mais de 4200 milh\u00f5es de anos, provocou a perda de elementos moderadamente vol\u00e1teis no manto lunar.<\/p>\n<p>Segundo <a href=\"https:\/\/www.pnas.org\/doi\/10.1073\/pnas.2515408123\" target=\"_blank\" rel=\"nofollow noopener\">o estudo<\/a>, as condi\u00e7\u00f5es extremas de temperatura e press\u00e3o geradas durante esse evento favoreceram a evapora\u00e7\u00e3o dos is\u00f3topos mais leves, alterando de forma duradoura a qu\u00edmica interna do sat\u00e9lite.<\/p>\n<p>Essa perda de vol\u00e1teis ter\u00e1 dificultado a gera\u00e7\u00e3o de magma na face oculta, o que ajuda a explicar a sua menor actividade vulc\u00e2nica e o seu relevo mais acidentado, em contraste com as vastas plan\u00edcies bas\u00e1lticas do hemisf\u00e9rio vis\u00edvel a partir da Terra.<\/p>\n<p>        &#13;<\/p>\n<p>&#13;<br \/>\n                &#13;\n            <\/p>\n<p>&#13;<\/p>\n<p>Os cientistas sublinham que esta descoberta fornece novas pistas para compreender como os grandes impactos influenciaram n\u00e3o apenas a superf\u00edcie, mas tamb\u00e9m a evolu\u00e7\u00e3o interna da Lua nas suas fases iniciais.<\/p>\n<p>A <a href=\"https:\/\/www.publico.pt\/2024\/06\/03\/ciencia\/noticia\/china-voltou-pousar-lado-oculto-lua-estudar-origens-sistema-solar-2092667\" target=\"_blank\" rel=\"nofollow noopener\">miss\u00e3o Chang\u2019\u200be-6<\/a>, lan\u00e7ada em Maio de 2024, foi a primeira a recolher amostras da face oculta do nosso sat\u00e9lite natural.<\/p>\n<p>A China prepara novas miss\u00f5es lunares n\u00e3o tripuladas, como a <a href=\"https:\/\/www.publico.pt\/2023\/04\/26\/ciencia\/noticia\/china-vai-construir-satelites-exploracao-espacial-ate-final-decada-2047445\" target=\"_blank\" rel=\"nofollow noopener\">Chang\u2019\u200be-7<\/a>, prevista para 2026 e com destino ao p\u00f3lo sul da Lua, e a Chang\u2019\u200be-8, programada para 2029 com a participa\u00e7\u00e3o de 11 pa\u00edses, que estabelecer\u00e1 as bases para futuras miss\u00f5es tripuladas.<\/p>\n<p>Este pa\u00eds asi\u00e1tico tem investido fortemente no seu programa espacial, com feitos como a <a href=\"https:\/\/www.publico.pt\/2019\/01\/03\/ciencia\/noticia\/china-tornase-pais-aterrar-lado-oculto-lua-1856510\" rel=\"nofollow noopener\" target=\"_blank\">primeira alunagem na face oculta da Lua<\/a>, realizada pela Chang\u2019\u200be-4, e o envio da <a href=\"https:\/\/www.publico.pt\/2021\/02\/10\/ciencia\/noticia\/china-tambem-ja-orbita-marte-emirados-arabes-unidos-1950010\" target=\"_blank\" rel=\"nofollow noopener\">miss\u00e3o Tianwen-1<\/a> a Marte, que fez da China a terceira na\u00e7\u00e3o a alcan\u00e7ar o planeta vermelho, depois dos Estados Unidos e da extinta Uni\u00e3o Sovi\u00e9tica.<\/p>\n","protected":false},"excerpt":{"rendered":"A miss\u00e3o chinesa Chang\u2019\u200be-6 trouxe novas provas sobre a origem da dicotomia entre as duas faces da Lua,&hellip;\n","protected":false},"author":2,"featured_media":226670,"comment_status":"","ping_status":"","sticky":false,"template":"","format":"standard","meta":{"footnotes":""},"categories":[84],"tags":[358,109,107,108,1008,3190,2179,2559,32,33,105,103,104,2560,106,110],"class_list":{"0":"post-226669","1":"post","2":"type-post","3":"status-publish","4":"format-standard","5":"has-post-thumbnail","7":"category-ciencia-e-tecnologia","8":"tag-china","9":"tag-ciencia","10":"tag-ciencia-e-tecnologia","11":"tag-cienciaetecnologia","12":"tag-espaco","13":"tag-exploracao-espacial","14":"tag-lua","15":"tag-marte","16":"tag-portugal","17":"tag-pt","18":"tag-science","19":"tag-science-and-technology","20":"tag-scienceandtechnology","21":"tag-sistema-solar","22":"tag-technology","23":"tag-tecnologia"},"share_on_mastodon":{"url":"https:\/\/pubeurope.com\/@pt\/115887959059306014","error":""},"_links":{"self":[{"href":"https:\/\/www.europesays.com\/pt\/wp-json\/wp\/v2\/posts\/226669","targetHints":{"allow":["GET"]}}],"collection":[{"href":"https:\/\/www.europesays.com\/pt\/wp-json\/wp\/v2\/posts"}],"about":[{"href":"https:\/\/www.europesays.com\/pt\/wp-json\/wp\/v2\/types\/post"}],"author":[{"embeddable":true,"href":"https:\/\/www.europesays.com\/pt\/wp-json\/wp\/v2\/users\/2"}],"replies":[{"embeddable":true,"href":"https:\/\/www.europesays.com\/pt\/wp-json\/wp\/v2\/comments?post=226669"}],"version-history":[{"count":0,"href":"https:\/\/www.europesays.com\/pt\/wp-json\/wp\/v2\/posts\/226669\/revisions"}],"wp:featuredmedia":[{"embeddable":true,"href":"https:\/\/www.europesays.com\/pt\/wp-json\/wp\/v2\/media\/226670"}],"wp:attachment":[{"href":"https:\/\/www.europesays.com\/pt\/wp-json\/wp\/v2\/media?parent=226669"}],"wp:term":[{"taxonomy":"category","embeddable":true,"href":"https:\/\/www.europesays.com\/pt\/wp-json\/wp\/v2\/categories?post=226669"},{"taxonomy":"post_tag","embeddable":true,"href":"https:\/\/www.europesays.com\/pt\/wp-json\/wp\/v2\/tags?post=226669"}],"curies":[{"name":"wp","href":"https:\/\/api.w.org\/{rel}","templated":true}]}}