{"id":226671,"date":"2026-01-13T13:21:21","date_gmt":"2026-01-13T13:21:21","guid":{"rendered":"https:\/\/www.europesays.com\/pt\/226671\/"},"modified":"2026-01-13T13:21:21","modified_gmt":"2026-01-13T13:21:21","slug":"3-reforcos-ideais-para-o-fc-porto-no-mercado-de-inverno","status":"publish","type":"post","link":"https:\/\/www.europesays.com\/pt\/226671\/","title":{"rendered":"3 refor\u00e7os ideais para o FC Porto no mercado de Inverno"},"content":{"rendered":"<p>&#8211; Advertisement &#8211;<\/p>\n<p>H\u00e1 uns dias, o presidente do FC Porto Andr\u00e9 Villas-Boas admitiu que o mercado de transfer\u00eancias ainda n\u00e3o est\u00e1 fechado para o clube do Drag\u00e3o.<\/p>\n<p> A surpreendente contrata\u00e7\u00e3o a custo zero do internacional brasileiro Thiago Silva (j\u00e1 com 41 anos, mas na plenitude das suas capacidades f\u00edsicas, t\u00e9cnicas e mentais), vem dotar a j\u00e1 fi\u00e1vel e s\u00f3lida defesa portista de mais maturidade competitiva e experi\u00eancia, al\u00e9m de todo o indispens\u00e1vel ADN vencedor que o veterano defesa-central brasileiro traz ao plantel comandado pelo t\u00e9cnico italiano Francesco Farioli.<\/p>\n<p>Depois de ter investido oito milh\u00f5es de euros na contrata\u00e7\u00e3o do extremo polaco Oskar Pietuszweski de apenas 17 anos (considerado uma das grandes promessas do futebol europeu), o clube portista considera que ainda existem posi\u00e7\u00f5es que dever\u00e3o ser cobertas para garantir uma maior competitividade no plantel, e para suprir eventuais lacunas ou sa\u00eddas.<\/p>\n<p>A les\u00e3o prolongada do ponta-de-lan\u00e7a internacional holand\u00eas Luuk de Jong dever\u00e1 ser suprida, para que Deniz Gul n\u00e3o seja a \u00fanica alternativa ao goleador Samu Omorodion. E al\u00e9m disso, fala-se insistentemente no interesse dos turcos do Galatasaray em assegurar os servi\u00e7os do m\u00e9dio-defensivo argentino Alan Varela, o que a acontecer, deixaria o plantel portista com apenas um m\u00e9dio com cultura e rotinas numa posi\u00e7\u00e3o nevr\u00e1lgica do terreno: o dominicano Pablo Rosario.\u00a0<\/p>\n<p>Estes s\u00e3o aqueles que considero os tr\u00eas refor\u00e7os ideais neste mercado de Inverno para o FC Porto.<\/p>\n<p>3.<\/p>\n<p><img fetchpriority=\"high\" decoding=\"async\" width=\"1024\" height=\"576\" src=\"data:image\/svg+xml,%3Csvg%20xmlns=\" http:=\"\" alt=\"Lu\u00eds Esteves\" class=\"wp-image-471674 ewww_webp_lazy_load\" data-lazy- data-lazy- data-lazy-src=\"https:\/\/www.europesays.com\/pt\/wp-content\/uploads\/2026\/01\/Luis-Esteves-1024x576.jpg\" data-lazy-src-webp=\"https:\/\/www.europesays.com\/pt\/wp-content\/uploads\/2026\/01\/Luis-Esteves-1024x576.jpg.webp\" data-lazy-srcset-webp=\"https:\/\/www.europesays.com\/pt\/wp-content\/uploads\/2026\/01\/Luis-Esteves-1024x576.jpg.webp 1024w, https:\/\/binny-bolanarede.b-cdn.net\/wp-content\/uploads\/2025\/12\/Luis-Esteves-300x169.jpg.webp 300w, https:\/\/binny-bolanarede.b-cdn.net\/wp-content\/uploads\/2025\/12\/Luis-Esteves-768x432.jpg.webp 768w, https:\/\/binny-bolanarede.b-cdn.net\/wp-content\/uploads\/2025\/12\/Luis-Esteves-1536x864.jpg.webp 1536w, https:\/\/binny-bolanarede.b-cdn.net\/wp-content\/uploads\/2025\/12\/Luis-Esteves-150x84.jpg.webp 150w, https:\/\/binny-bolanarede.b-cdn.net\/wp-content\/uploads\/2025\/12\/Luis-Esteves-696x392.jpg.webp 696w, https:\/\/binny-bolanarede.b-cdn.net\/wp-content\/uploads\/2025\/12\/Luis-Esteves-1068x601.jpg.webp 1068w, https:\/\/binny-bolanarede.b-cdn.net\/wp-content\/uploads\/2025\/12\/Luis-Esteves.jpg.webp 1920w\"\/>Fonte: Bernardo Benjamim\/Bola na Rede<\/p>\n<p><strong>Lu\u00eds Esteves \u2013 <\/strong>Um dos grandes destaques da equipa-sensa\u00e7\u00e3o Gil Vicente (que ocupa neste momento o quarto lugar do campeonato), o m\u00e9dio-ofensivo portugu\u00eas tem sido o motor da equipa gilista. Jogador de fino recorte t\u00e9cnico, grande vis\u00e3o de jogo e sentido de baliza, poder\u00e1 ser uma alternativa interessante a Gabri Veiga. Rodrigo Mora \u00e9 mais um segundo avan\u00e7ado e n\u00e3o tem tanta disponibilidade f\u00edsica como Lu\u00eds Esteves. Aos seus 27 anos, poderia ser este o passo ideal na carreira do jogador portugu\u00eas, estando avaliado em dois milh\u00f5es de euros.<\/p>\n<p>2.<\/p>\n<p><img loading=\"lazy\" decoding=\"async\" width=\"1024\" height=\"576\" src=\"data:image\/svg+xml,%3Csvg%20xmlns=\" http:=\"\" alt=\"Diogo Sousa Richard R\u00edos\" class=\"wp-image-475613 ewww_webp_lazy_load\" data-lazy- data-lazy- data-lazy-src=\"https:\/\/www.europesays.com\/pt\/wp-content\/uploads\/2026\/01\/Diogo-Sousa-Richard-Rios-1024x576.jpg\" data-lazy-src-webp=\"https:\/\/www.europesays.com\/pt\/wp-content\/uploads\/2026\/01\/Diogo-Sousa-Richard-Rios-1024x576.jpg.webp\" data-lazy-srcset-webp=\"https:\/\/www.europesays.com\/pt\/wp-content\/uploads\/2026\/01\/Diogo-Sousa-Richard-Rios-1024x576.jpg.webp 1024w, https:\/\/binny-bolanarede.b-cdn.net\/wp-content\/uploads\/2026\/01\/Diogo-Sousa-Richard-Rios-300x169.jpg.webp 300w, https:\/\/binny-bolanarede.b-cdn.net\/wp-content\/uploads\/2026\/01\/Diogo-Sousa-Richard-Rios-768x432.jpg.webp 768w, https:\/\/binny-bolanarede.b-cdn.net\/wp-content\/uploads\/2026\/01\/Diogo-Sousa-Richard-Rios-1536x864.jpg.webp 1536w, https:\/\/binny-bolanarede.b-cdn.net\/wp-content\/uploads\/2026\/01\/Diogo-Sousa-Richard-Rios-150x84.jpg.webp 150w, https:\/\/binny-bolanarede.b-cdn.net\/wp-content\/uploads\/2026\/01\/Diogo-Sousa-Richard-Rios-696x392.jpg.webp 696w, https:\/\/binny-bolanarede.b-cdn.net\/wp-content\/uploads\/2026\/01\/Diogo-Sousa-Richard-Rios-1068x601.jpg.webp 1068w, https:\/\/binny-bolanarede.b-cdn.net\/wp-content\/uploads\/2026\/01\/Diogo-Sousa-Richard-Rios.jpg.webp 1920w\"\/>Fonte: Jo\u00e3o Freitas\/Bola na Rede<\/p>\n<p><strong>Diogo Sousa \u2013 <\/strong>O jovem m\u00e9dio-defensivo de apenas 19 anos formado nas escolas do Vit\u00f3ria SC, tem evolu\u00eddo imenso sob o comando do t\u00e9cnico Lu\u00eds Pinto, sendo j\u00e1 uma pe\u00e7a fundamental no esquema da equipa vimaranense. Um trinco de grande qualidade t\u00e9cnica, com elevado sentido posicional e com assinal\u00e1vel entendimento do jogo, acaba de conquistar a Ta\u00e7a da Liga com o seu clube do cora\u00e7\u00e3o, onde se exibiu a grande n\u00edvel na final contra o arquirrival Braga. Com um valor de mercado de 300 mil euros (o que pode ser considerado uma pechincha), poder\u00e1 ser um dos refor\u00e7os ideais para colmatar a prov\u00e1vel sa\u00edda de Alan Varela do clube azul e branco.<\/p>\n<p>1.<\/p>\n<p><img loading=\"lazy\" decoding=\"async\" width=\"1024\" height=\"576\" src=\"data:image\/svg+xml,%3Csvg%20xmlns=\" http:=\"\" alt=\"Clayton Silva Rio Ave\" class=\"wp-image-453518 ewww_webp_lazy_load\" data-lazy- data-lazy- data-lazy-src=\"https:\/\/www.europesays.com\/pt\/wp-content\/uploads\/2026\/01\/Clayton-Silva-Nikos-Athanasiou-1024x576.jpg\" data-lazy-src-webp=\"https:\/\/www.europesays.com\/pt\/wp-content\/uploads\/2026\/01\/Clayton-Silva-Nikos-Athanasiou-1024x576.jpg.webp\" data-lazy-srcset-webp=\"https:\/\/www.europesays.com\/pt\/wp-content\/uploads\/2026\/01\/Clayton-Silva-Nikos-Athanasiou-1024x576.jpg.webp 1024w, https:\/\/binny-bolanarede.b-cdn.net\/wp-content\/uploads\/2025\/11\/Clayton-Silva-Nikos-Athanasiou-300x169.jpg.webp 300w, https:\/\/binny-bolanarede.b-cdn.net\/wp-content\/uploads\/2025\/11\/Clayton-Silva-Nikos-Athanasiou-768x432.jpg.webp 768w, https:\/\/binny-bolanarede.b-cdn.net\/wp-content\/uploads\/2025\/11\/Clayton-Silva-Nikos-Athanasiou-1536x864.jpg.webp 1536w, https:\/\/binny-bolanarede.b-cdn.net\/wp-content\/uploads\/2025\/11\/Clayton-Silva-Nikos-Athanasiou-150x84.jpg.webp 150w, https:\/\/binny-bolanarede.b-cdn.net\/wp-content\/uploads\/2025\/11\/Clayton-Silva-Nikos-Athanasiou-696x392.jpg.webp 696w, https:\/\/binny-bolanarede.b-cdn.net\/wp-content\/uploads\/2025\/11\/Clayton-Silva-Nikos-Athanasiou-1068x601.jpg.webp 1068w, https:\/\/binny-bolanarede.b-cdn.net\/wp-content\/uploads\/2025\/11\/Clayton-Silva-Nikos-Athanasiou.jpg.webp 1920w\"\/>Fonte: Tiago Cruz\/Bola na Rede<\/p>\n<p><strong>Clayton Silva \u2013 <\/strong>Este seria certamente o investimento mais avultado de entre aqueles que considero os refor\u00e7os ideais para a equipa portista. Contudo, estamos na presen\u00e7a de um jogador que tem tido uma grande consist\u00eancia ao n\u00edvel dos n\u00fameros e uma grande regularidade exibicional. Numa equipa da dimens\u00e3o do Rio Ave, Clayton Silva j\u00e1 leva 10 golos (!) e cinco assist\u00eancias esta \u00e9poca. Avan\u00e7ado letal e com instinto matador apurad\u00edssimo, a sua mobilidade e versatilidade tornam-no um ponta-de-lan\u00e7a muito completo, e um dos jogadores mais interessantes do nosso campeonato. O seu passe est\u00e1 avaliado em 8 milh\u00f5es de euros, o que poder\u00e1 ser um impeditivo para a sua contrata\u00e7\u00e3o, mas por onde passou, Clayton foi sempre garantia de golos. Com 27 anos rec\u00e9m-cumpridos, est\u00e1 no ponto de maturidade ideal para dar um salto definitivo na sua carreira.<\/p>\n","protected":false},"excerpt":{"rendered":"&#8211; Advertisement &#8211; H\u00e1 uns dias, o presidente do FC Porto Andr\u00e9 Villas-Boas admitiu que o mercado de&hellip;\n","protected":false},"author":2,"featured_media":226672,"comment_status":"","ping_status":"","sticky":false,"template":"","format":"standard","meta":{"footnotes":""},"categories":[87],"tags":[14829,135,43595,282,1011,17802,32,33,134],"class_list":{"0":"post-226671","1":"post","2":"type-post","3":"status-publish","4":"format-standard","5":"has-post-thumbnail","7":"category-desporto","8":"tag-clayton-silva","9":"tag-desporto","10":"tag-diogo-sousa","11":"tag-fc-porto","12":"tag-francesco-farioli","13":"tag-luis-esteves","14":"tag-portugal","15":"tag-pt","16":"tag-sports"},"share_on_mastodon":{"url":"https:\/\/pubeurope.com\/@pt\/115888002514394204","error":""},"_links":{"self":[{"href":"https:\/\/www.europesays.com\/pt\/wp-json\/wp\/v2\/posts\/226671","targetHints":{"allow":["GET"]}}],"collection":[{"href":"https:\/\/www.europesays.com\/pt\/wp-json\/wp\/v2\/posts"}],"about":[{"href":"https:\/\/www.europesays.com\/pt\/wp-json\/wp\/v2\/types\/post"}],"author":[{"embeddable":true,"href":"https:\/\/www.europesays.com\/pt\/wp-json\/wp\/v2\/users\/2"}],"replies":[{"embeddable":true,"href":"https:\/\/www.europesays.com\/pt\/wp-json\/wp\/v2\/comments?post=226671"}],"version-history":[{"count":0,"href":"https:\/\/www.europesays.com\/pt\/wp-json\/wp\/v2\/posts\/226671\/revisions"}],"wp:featuredmedia":[{"embeddable":true,"href":"https:\/\/www.europesays.com\/pt\/wp-json\/wp\/v2\/media\/226672"}],"wp:attachment":[{"href":"https:\/\/www.europesays.com\/pt\/wp-json\/wp\/v2\/media?parent=226671"}],"wp:term":[{"taxonomy":"category","embeddable":true,"href":"https:\/\/www.europesays.com\/pt\/wp-json\/wp\/v2\/categories?post=226671"},{"taxonomy":"post_tag","embeddable":true,"href":"https:\/\/www.europesays.com\/pt\/wp-json\/wp\/v2\/tags?post=226671"}],"curies":[{"name":"wp","href":"https:\/\/api.w.org\/{rel}","templated":true}]}}