{"id":226675,"date":"2026-01-13T13:23:07","date_gmt":"2026-01-13T13:23:07","guid":{"rendered":"https:\/\/www.europesays.com\/pt\/226675\/"},"modified":"2026-01-13T13:23:07","modified_gmt":"2026-01-13T13:23:07","slug":"morreu-a-atriz-brasileira-titina-medeiros-da-novela-cheias-de-charme","status":"publish","type":"post","link":"https:\/\/www.europesays.com\/pt\/226675\/","title":{"rendered":"Morreu a atriz brasileira Titina Medeiros, da novela &#8220;Cheias de Charme&#8221;"},"content":{"rendered":"<p>A atriz brasileira Izabel Cristina de Medeiros, conhecida como Titina Medeiros, de 48 anos, morreu este domingo, 11 de janeiro, v\u00edtima de cancro do p\u00e2ncreas.\u00a0<\/p>\n<p>A artista ficou famosa pela sua personagem na novela da Globo de grande sucesso, &#8220;Cheias de Charme&#8221;, onde interpretou a personagem &#8220;Socorro&#8221; e onde fez par rom\u00e2ntico com o marido com quem estava casada h\u00e1 20 anos, C\u00e9sar Ferrario.\u00a0<\/p>\n<p>Titina nasceu em 1976, em\u00a0Currais Novos, no estado brasileiro de Rio Grande do Norte. Come\u00e7ou a carreira nos anos 90 e participou em in\u00fameros espet\u00e1culos antes de entrar em novelas. Para al\u00e9m de &#8220;Cheias de Charme&#8221; a artista entrou ainda em &#8220;Gera\u00e7\u00e3o Brasil&#8221;, &#8220;A lei do amor&#8221;, &#8220;Onde nascem os fortes&#8221; e &#8220;Mar do Sert\u00e3o&#8221;. O \u00faltimo trabalho em televis\u00e3o foi em 2024, na novela &#8220;No rancho fundo&#8221;.\u00a0<\/p>\n<blockquote class=\"instagram-media\" style=\"background: #FFF; border: 0; border-radius: 3px; box-shadow: 0 0 1px 0 rgba(0,0,0,0.5),0 1px 10px 0 rgba(0,0,0,0.15); margin: 1px; max-width: 540px; min-width: 326px; padding: 0; width: calc(100% - 2px);\" data-instgrm-captioned=\"\" data-instgrm-permalink=\"https:\/\/www.instagram.com\/p\/DTZKLXvjAAX\/?utm_source=ig_embed&amp;utm_campaign=loading\" data-instgrm-version=\"14\"><p>&#13;<br \/>\n                                                    &#13;\n                                                    <\/p><\/blockquote>\n<p>                                                    <img decoding=\"async\" height=\"640\" with=\"360\" src=\"https:\/\/www.europesays.com\/pt\/wp-content\/uploads\/2026\/01\/naom_6960befb9cb0a.jpg\" border=\"0\" alt=\"Morreu aos 81 anos a atriz Elisa Lisboa. \"\/><\/p>\n<p>Morreu aos 81 anos a atriz Elisa Lisboa. A artista portuguesa encontrava-se a viver na Casa do Artista, institui\u00e7\u00e3o que na manh\u00e3 desta sexta-feira, 9 de janeiro, deu a not\u00edcia atrav\u00e9s das redes sociais.<\/p>\n<p>                                                     Catarina Carvalho Ferreira | 08:45 &#8211; 09\/01\/2026 <\/p>\n<p>                                    <script async src=\"\/\/www.instagram.com\/embed.js\"><\/script><\/p>\n","protected":false},"excerpt":{"rendered":"A atriz brasileira Izabel Cristina de Medeiros, conhecida como Titina Medeiros, de 48 anos, morreu este domingo, 11&hellip;\n","protected":false},"author":2,"featured_media":226676,"comment_status":"","ping_status":"","sticky":false,"template":"","format":"standard","meta":{"footnotes":""},"categories":[85],"tags":[114,115,32,33],"class_list":{"0":"post-226675","1":"post","2":"type-post","3":"status-publish","4":"format-standard","5":"has-post-thumbnail","7":"category-entretenimento","8":"tag-entertainment","9":"tag-entretenimento","10":"tag-portugal","11":"tag-pt"},"share_on_mastodon":{"url":"https:\/\/pubeurope.com\/@pt\/115888010258068556","error":""},"_links":{"self":[{"href":"https:\/\/www.europesays.com\/pt\/wp-json\/wp\/v2\/posts\/226675","targetHints":{"allow":["GET"]}}],"collection":[{"href":"https:\/\/www.europesays.com\/pt\/wp-json\/wp\/v2\/posts"}],"about":[{"href":"https:\/\/www.europesays.com\/pt\/wp-json\/wp\/v2\/types\/post"}],"author":[{"embeddable":true,"href":"https:\/\/www.europesays.com\/pt\/wp-json\/wp\/v2\/users\/2"}],"replies":[{"embeddable":true,"href":"https:\/\/www.europesays.com\/pt\/wp-json\/wp\/v2\/comments?post=226675"}],"version-history":[{"count":0,"href":"https:\/\/www.europesays.com\/pt\/wp-json\/wp\/v2\/posts\/226675\/revisions"}],"wp:featuredmedia":[{"embeddable":true,"href":"https:\/\/www.europesays.com\/pt\/wp-json\/wp\/v2\/media\/226676"}],"wp:attachment":[{"href":"https:\/\/www.europesays.com\/pt\/wp-json\/wp\/v2\/media?parent=226675"}],"wp:term":[{"taxonomy":"category","embeddable":true,"href":"https:\/\/www.europesays.com\/pt\/wp-json\/wp\/v2\/categories?post=226675"},{"taxonomy":"post_tag","embeddable":true,"href":"https:\/\/www.europesays.com\/pt\/wp-json\/wp\/v2\/tags?post=226675"}],"curies":[{"name":"wp","href":"https:\/\/api.w.org\/{rel}","templated":true}]}}