{"id":226679,"date":"2026-01-13T13:35:13","date_gmt":"2026-01-13T13:35:13","guid":{"rendered":"https:\/\/www.europesays.com\/pt\/226679\/"},"modified":"2026-01-13T13:35:13","modified_gmt":"2026-01-13T13:35:13","slug":"yamal-em-conflito-com-huijsen-estas-louco","status":"publish","type":"post","link":"https:\/\/www.europesays.com\/pt\/226679\/","title":{"rendered":"Yamal em conflito com Huijsen: \u00abEst\u00e1s louco?!\u00bb"},"content":{"rendered":"<p>O avan\u00e7ado do <a target=\"_blank\" class=\"editor-link autolink-enabled\" href=\"https:\/\/www.abola.pt\/futebol\/barcelona-205\" data-resource-id=\"205\" data-resource-type=\"team\" data-sport=\"football\" rel=\"nofollow noopener\">Barcelona<\/a>, <a target=\"_blank\" class=\"editor-link autolink-enabled\" href=\"https:\/\/www.abola.pt\/futebol\/jogador\/lamine-yamal-278302\" data-resource-id=\"278302\" data-resource-type=\"player\" data-sport=\"football\" rel=\"nofollow noopener\">Lamine Yamal<\/a>, desentendeu-se em campo com <a class=\"autolink-enabled\" data-resource-id=\"259157\" data-resource-type=\"player\" data-sport=\"football\" href=\"https:\/\/www.abola.pt\/futebol\/jogador\/dean-huijsen-259157\" rel=\"nofollow noopener\" target=\"_blank\">Dean Huijsen<\/a>, colega da sele\u00e7\u00e3o espanhola, mas rival durante a final da Superta\u00e7a de Espanha contra o <a target=\"_blank\" class=\"editor-link autolink-enabled\" href=\"https:\/\/www.abola.pt\/futebol\/real-madrid-204\" data-resource-id=\"204\" data-resource-type=\"team\" data-sport=\"football\" rel=\"nofollow noopener\">Real Madrid<\/a> (3-2).<\/p>\n<p>A final n\u00e3o esteve isenta de momentos de tens\u00e3o entre os jogadores. Um desses momentos teve como protagonistas Lamine Yamal e Dean Huijsen, colegas na sele\u00e7\u00e3o espanhola, mas advers\u00e1rios na noite de domingo.<\/p>\n<p>O avan\u00e7ado do Barcelona apressou-se a repreender o madrileno Raul Asencio por uma falta dura, mas Huijsen interveio entre os dois para proteger o seu colega e empurrou Yamal. A resposta deste \u00faltimo?<\/p>\n<p>Lamine n\u00e3o gostou do gesto, irritou-se ainda mais e tamb\u00e9m levantou os bra\u00e7os. Os dois acabaram por discutir e empurrar-se com mais for\u00e7a, e o catal\u00e3o gritou-lhe: \u00abEst\u00e1s louco?!\u00bb<\/p>\n<p>De resto, Yamal n\u00e3o fez um jogo brilhante, apesar de, antes da partida, ter lan\u00e7ado um novo desafio ao Real. Publicou no Instagram uma imagem de uma s\u00e9rie de desenhos animados, \u00abSamurai Jack\u00bb. Esta conta a hist\u00f3ria de um jovem guerreiro que luta constantemente contra um poderoso dem\u00f3nio chamado Aku e nunca desiste. \u00abSou jovem. Mas estou pronto para lutar\u00bb \u00e9 um dos lemas da s\u00e9rie.<\/p>\n<p>O avan\u00e7ado do Barcelona via-se no papel de Samurai Jack, pronto para lutar novamente contra o dem\u00f3nio Aku, encarnado pelo Real. Coincid\u00eancia, n\u00e3o \u00e9 a primeira vez que Lamine Yamal n\u00e3o consegue brilhar depois de provocar os seus advers\u00e1rios. <\/p>\n<p>Antes do primeiro El Cl\u00e1sico da temporada, para o campeonato, Yamal sugeriu num programa que os madrilenos \u00abroubam\u00bb e \u00abse queixam muito\u00bb, o que na altura lhe valeu uma dura resposta dos jogadores do Real, que depois venceram por 2-1 no Santiago Bernab\u00e9u.<\/p>\n","protected":false},"excerpt":{"rendered":"O avan\u00e7ado do Barcelona, Lamine Yamal, desentendeu-se em campo com Dean Huijsen, colega da sele\u00e7\u00e3o espanhola, mas rival&hellip;\n","protected":false},"author":2,"featured_media":226680,"comment_status":"","ping_status":"","sticky":false,"template":"","format":"standard","meta":{"footnotes":""},"categories":[87],"tags":[135,32,33,134],"class_list":{"0":"post-226679","1":"post","2":"type-post","3":"status-publish","4":"format-standard","5":"has-post-thumbnail","7":"category-desporto","8":"tag-desporto","9":"tag-portugal","10":"tag-pt","11":"tag-sports"},"share_on_mastodon":{"url":"https:\/\/pubeurope.com\/@pt\/115888057656396752","error":""},"_links":{"self":[{"href":"https:\/\/www.europesays.com\/pt\/wp-json\/wp\/v2\/posts\/226679","targetHints":{"allow":["GET"]}}],"collection":[{"href":"https:\/\/www.europesays.com\/pt\/wp-json\/wp\/v2\/posts"}],"about":[{"href":"https:\/\/www.europesays.com\/pt\/wp-json\/wp\/v2\/types\/post"}],"author":[{"embeddable":true,"href":"https:\/\/www.europesays.com\/pt\/wp-json\/wp\/v2\/users\/2"}],"replies":[{"embeddable":true,"href":"https:\/\/www.europesays.com\/pt\/wp-json\/wp\/v2\/comments?post=226679"}],"version-history":[{"count":0,"href":"https:\/\/www.europesays.com\/pt\/wp-json\/wp\/v2\/posts\/226679\/revisions"}],"wp:featuredmedia":[{"embeddable":true,"href":"https:\/\/www.europesays.com\/pt\/wp-json\/wp\/v2\/media\/226680"}],"wp:attachment":[{"href":"https:\/\/www.europesays.com\/pt\/wp-json\/wp\/v2\/media?parent=226679"}],"wp:term":[{"taxonomy":"category","embeddable":true,"href":"https:\/\/www.europesays.com\/pt\/wp-json\/wp\/v2\/categories?post=226679"},{"taxonomy":"post_tag","embeddable":true,"href":"https:\/\/www.europesays.com\/pt\/wp-json\/wp\/v2\/tags?post=226679"}],"curies":[{"name":"wp","href":"https:\/\/api.w.org\/{rel}","templated":true}]}}