{"id":226687,"date":"2026-01-13T13:50:07","date_gmt":"2026-01-13T13:50:07","guid":{"rendered":"https:\/\/www.europesays.com\/pt\/226687\/"},"modified":"2026-01-13T13:50:07","modified_gmt":"2026-01-13T13:50:07","slug":"pouco-estudo-e-muito-mito-veja-9-desinformacoes-sobre-a-saude-da-mulher","status":"publish","type":"post","link":"https:\/\/www.europesays.com\/pt\/226687\/","title":{"rendered":"Pouco estudo e muito mito: veja 9 desinforma\u00e7\u00f5es sobre a sa\u00fade da mulher"},"content":{"rendered":"<p data-component-name=\"paragraph\" class=\"styles__ParagraphStyled-sc-6adecn-0 gsLklW  \">A sa\u00fade da <a href=\"https:\/\/www.estadao.com.br\/tudo-sobre\/mulher\" target=\"_blank\" rel=\"nofollow noopener\" title=\"https:\/\/www.estadao.com.br\/tudo-sobre\/mulher\"><strong>mulher<\/strong><\/a> \u00e9 pouco estudada e, em muitos aspectos, mal compreendida. At\u00e9 mesmo o termo \u201csa\u00fade da mulher\u201d costuma ser usado como sin\u00f4nimo de obstetr\u00edcia e <a href=\"https:\/\/www.estadao.com.br\/tudo-sobre\/ginecologia\" target=\"_blank\" rel=\"nofollow noopener\" title=\"https:\/\/www.estadao.com.br\/tudo-sobre\/ginecologia\"><strong>ginecologia<\/strong><\/a>, embora os anos reprodutivos das mulheres terminem na meia-idade e seus \u00f3rg\u00e3os reprodutivos representem apenas uma fra\u00e7\u00e3o do corpo. <\/p>\n<p>Por causa da escassez de pesquisas, muitas mulheres \u2014 e at\u00e9 muitos m\u00e9dicos \u2014 nem sempre sabem como os sintomas se manifestam em condi\u00e7\u00f5es comuns (como a apneia do sono, por exemplo) ou como reconhecer e tratar aquelas que afetam desproporcionalmente as mulheres (como as doen\u00e7as autoimunes). Mitos circulam sobre o que \u00e9 seguro durante a <a href=\"https:\/\/www.estadao.com.br\/tudo-sobre\/gravidez\" target=\"_blank\" rel=\"nofollow noopener\" title=\"https:\/\/www.estadao.com.br\/tudo-sobre\/gravidez\"><strong>gravidez<\/strong><\/a> e o que \u00e9 normal na <a href=\"https:\/\/www.estadao.com.br\/tudo-sobre\/menopausa\" target=\"_blank\" rel=\"nofollow noopener\" title=\"https:\/\/www.estadao.com.br\/tudo-sobre\/menopausa\"><strong>menopausa<\/strong><\/a>. E problemas que afetam milh\u00f5es de mulheres, como as doen\u00e7as card\u00edacas, ainda s\u00e3o amplamente vistos como quest\u00f5es masculinas.<\/p>\n<p>Pedimos a m\u00e9dicos e pesquisadores que compartilhassem os equ\u00edvocos que mais gostariam de esclarecer.<\/p>\n<p><img  loading=\"lazy\" class=\"lazy-load-img\"\/><\/p>\n<p>Em muitos aspectos, a sa\u00fade da mulher \u00e9 mal compreendida\u00a0Foto:  AyaLinesDesign\/Adobe Stock <\/p>\n<p>Mito 1: Os sintomas de um ataque card\u00edaco s\u00e3o claros e \u00f3bvios<\/p>\n<p data-component-name=\"paragraph\" class=\"styles__ParagraphStyled-sc-6adecn-0 gsLklW  \">As doen\u00e7as card\u00edacas s\u00e3o a principal causa de morte entre mulheres nos Estados Unidos, mas elas frequentemente descartam a possibilidade de um ataque card\u00edaco. Isso talvez n\u00e3o seja surpreendente, j\u00e1 que tanto as campanhas de conscientiza\u00e7\u00e3o quanto a compreens\u00e3o popular dos sintomas tendem a se concentrar nos homens. As experi\u00eancias das mulheres costumam ser diferentes.<\/p>\n<p data-component-name=\"paragraph\" class=\"styles__ParagraphStyled-sc-6adecn-0 gsLklW  \">Basmah Safdar, m\u00e9dica emergencista e diretora de Pesquisa em Sa\u00fade da Mulher em Yale, um centro de pesquisa da Yale School of Medicine, diz que n\u00e3o pergunta \u00e0s mulheres sobre dor no peito no pronto-socorro. Em vez disso, pergunta sobre desconforto no peito, porque mais mulheres respondem positivamente a isso. As mulheres tamb\u00e9m tendem a apresentar m\u00faltiplos sintomas \u2014 desconforto, falta de ar, n\u00e1usea, fadiga \u2014 enquanto os homens podem sentir apenas <a href=\"https:\/\/www.estadao.com.br\/tudo-sobre\/dor\" target=\"_blank\" rel=\"nofollow noopener\" title=\"https:\/\/www.estadao.com.br\/tudo-sobre\/dor\"><strong>dor<\/strong><\/a>, comenta Basmah.<\/p>\n<p data-component-name=\"paragraph\" class=\"styles__ParagraphStyled-sc-6adecn-0 gsLklW  \">As causas dos ataques card\u00edacos em mulheres tamb\u00e9m podem diferir. Os homens geralmente apresentam um bloqueio em uma art\u00e9ria principal. As mulheres tamb\u00e9m podem ter isso, mas muitas delas \u2014 incluindo algumas jovens e em boa forma f\u00edsica \u2014, em vez disso, t\u00eam um bloqueio em um vaso pequeno, um problema no revestimento de uma art\u00e9ria ou um espasmo das art\u00e9rias, explica Basmah.<\/p>\n<p>Mito 2: Os sistemas imunol\u00f3gicos de homens e mulheres s\u00e3o iguais<\/p>\n<p data-component-name=\"paragraph\" class=\"styles__ParagraphStyled-sc-6adecn-0 gsLklW  \">Os sistemas imunol\u00f3gicos das mulheres tendem a responder de forma mais intensa a amea\u00e7as virais, produzindo mais inflama\u00e7\u00e3o, diz Caroline Jefferies, diretora cient\u00edfica do Center for Research in Women\u2019s Health Science, no Cedars-Sinai. <\/p>\n<p data-component-name=\"paragraph\" class=\"styles__ParagraphStyled-sc-6adecn-0 gsLklW  \">Isso \u00e9 \u00fatil durante doen\u00e7as agudas, ajudando o corpo a eliminar infec\u00e7\u00f5es de maneira mais eficiente.<\/p>\n<p data-component-name=\"paragraph\" class=\"styles__ParagraphStyled-sc-6adecn-0 gsLklW  \">Mas tamb\u00e9m pode levar a problemas cr\u00f4nicos. Essa faca de dois gumes \u00e9 vis\u00edvel, por exemplo, nas estat\u00edsticas da <a href=\"https:\/\/www.estadao.com.br\/tudo-sobre\/coronavirus\/\" target=\"_blank\" rel=\"nofollow noopener\" title=\"https:\/\/www.estadao.com.br\/tudo-sobre\/coronavirus\/\"><strong>covid<\/strong><\/a>: as mulheres t\u00eam menos probabilidade de morrer de covid, informa Basmah, mas mais probabilidade de desenvolver covid longa, que os pesquisadores associaram, entre outros fatores, \u00e0 inflama\u00e7\u00e3o persistente.<\/p>\n<p data-component-name=\"paragraph\" class=\"styles__ParagraphStyled-sc-6adecn-0 gsLklW  \">As mulheres tamb\u00e9m apresentam taxas mais altas de doen\u00e7as autoimunes. Em condi\u00e7\u00f5es como l\u00fapus e s\u00edndrome de Sj\u00f6gren, \u201c\u00e9 como se o sistema imunol\u00f3gico antiviral delas estivesse superativado\u201d, explica Caroline.<\/p>\n<p>Mito 3: A aus\u00eancia de menstrua\u00e7\u00e3o \u00e9 normal<\/p>\n<p data-component-name=\"paragraph\" class=\"styles__ParagraphStyled-sc-6adecn-0 gsLklW  \">Muitas mulheres ignoram a aus\u00eancia de <a href=\"https:\/\/www.estadao.com.br\/tudo-sobre\/menstruacao\" target=\"_blank\" rel=\"nofollow noopener\" title=\"https:\/\/www.estadao.com.br\/tudo-sobre\/menstruacao\"><strong>menstrua\u00e7\u00e3o<\/strong><\/a> se n\u00e3o suspeitam de gravidez e n\u00e3o se sentem doentes. Isso \u00e9 um erro, afirma Chrisandra Shufelt, professora de cl\u00ednica m\u00e9dica geral da Mayo Clinic, na Fl\u00f3rida, e codiretora do Centro de Pesquisa em Sa\u00fade da Mulher da institui\u00e7\u00e3o.<\/p>\n<p data-component-name=\"paragraph\" class=\"styles__ParagraphStyled-sc-6adecn-0 gsLklW  \">\u201cNossa sociedade v\u00ea mulheres jovens, magras e em forma como saud\u00e1veis\u201d, alega Chrisandra, mas \u201cse voc\u00ea \u00e9 uma mulher magra e em forma que n\u00e3o tem ciclo menstrual, isso n\u00e3o \u00e9 saud\u00e1vel\u201d.<\/p>\n<p>Um ciclo irregular ou ausente \u2014 sem uma causa \u00f3bvia, como alguns m\u00e9todos contraceptivos \u2014 pode indicar condi\u00e7\u00f5es como disfun\u00e7\u00e3o da tireoide, um tumor na hip\u00f3fise ou um dist\u00farbio hormonal chamado s\u00edndrome dos ov\u00e1rios polic\u00edsticos.<\/p>\n<p>Tamb\u00e9m pode ser causado por comer pouco demais, se exercitar em excesso ou estar excessivamente <a href=\"https:\/\/www.estadao.com.br\/tudo-sobre\/estresse\/\" target=\"_blank\" rel=\"nofollow noopener\" title=\"https:\/\/www.estadao.com.br\/tudo-sobre\/estresse\/\"><strong>estressada<\/strong><\/a>. Esse tipo de disfun\u00e7\u00e3o menstrual est\u00e1 ligado a baixos n\u00edveis de estrog\u00eanio e altos n\u00edveis de cortisol, o que, por sua vez, pode levar a efeitos semelhantes aos da menopausa, como perda \u00f3ssea e, potencialmente, doen\u00e7a arterial coronariana.<\/p>\n<p>A condi\u00e7\u00e3o \u00e9 pouco compreendida, reconhece Chrisandra, que est\u00e1 conduzindo um estudo sobre o tema.<\/p>\n<p>Mito 4: Sangramentos ocasionais ap\u00f3s a menopausa s\u00e3o normais<\/p>\n<p data-component-name=\"paragraph\" class=\"styles__ParagraphStyled-sc-6adecn-0 gsLklW  \">O caminho at\u00e9 a menopausa pode ser t\u00e3o longo, com menstrua\u00e7\u00f5es que desaparecem e retornam, que as mulheres nem sempre t\u00eam certeza de que chegaram a ela. Isso leva algumas mulheres p\u00f3s-menop\u00e1usicas a presumirem que sangrar \u00e9 normal quando n\u00e3o \u00e9, diz Karen Lu, m\u00e9dica-chefe do Moffitt Cancer Center, na Fl\u00f3rida, e presidente da Society of Gynecologic Oncology.<\/p>\n<p data-component-name=\"paragraph\" class=\"styles__ParagraphStyled-sc-6adecn-0 gsLklW  \">Sangramentos anormais, inclusive ap\u00f3s a menopausa, podem sinalizar c\u00e2ncer de endom\u00e9trio. Esse tipo de c\u00e2ncer causa sintomas em est\u00e1gios iniciais, o que o torna facilmente diagnostic\u00e1vel se as mulheres souberem o que observar, esclarece Karen.<\/p>\n<p data-component-name=\"paragraph\" class=\"styles__ParagraphStyled-sc-6adecn-0 gsLklW  \">Qualquer pessoa que n\u00e3o tenha certeza se um sangramento \u00e9 normal \u2014 especialmente na casa dos 50 anos, j\u00e1 que a idade m\u00e9dia da menopausa nos Estados Unidos \u00e9 51 \u2014 deve procurar um m\u00e9dico, acrescenta ela.<\/p>\n<p>Mito 5: Todos os medicamentos s\u00e3o perigosos durante a gravidez<\/p>\n<p data-component-name=\"paragraph\" class=\"styles__ParagraphStyled-sc-6adecn-0 gsLklW  \">Muitos medicamentos podem prejudicar fetos, mas outros podem ser usados com seguran\u00e7a durante a gravidez. E, nos casos em que as evid\u00eancias s\u00e3o inconclusivas ou h\u00e1 uma pequena chance de dano, \u00e9 importante ponderar esses riscos em rela\u00e7\u00e3o aos riscos de n\u00e3o tomar o medicamento, porque condi\u00e7\u00f5es de sa\u00fade n\u00e3o tratadas tamb\u00e9m podem prejudicar mulheres e fetos.<\/p>\n<p data-component-name=\"paragraph\" class=\"styles__ParagraphStyled-sc-6adecn-0 gsLklW  \">Essas s\u00e3o conversas que devem ser feitas com um profissional de sa\u00fade. Mas Sindhu Srinivas, professora de obstetr\u00edcia e ginecologia da Universidade da Pensilv\u00e2nia, afirma j\u00e1 ter visto pacientes interromperem medicamentos para epilepsia, press\u00e3o alta e <a href=\"https:\/\/www.estadao.com.br\/tudo-sobre\/depressao\" target=\"_blank\" rel=\"nofollow noopener\" title=\"https:\/\/www.estadao.com.br\/tudo-sobre\/depressao\"><strong>depress\u00e3o<\/strong><\/a> sem consultar ningu\u00e9m.<\/p>\n<p data-component-name=\"paragraph\" class=\"styles__ParagraphStyled-sc-6adecn-0 gsLklW  \">\u201cNem todos os medicamentos s\u00e3o ruins\u201d, destaca Sindhu, que tamb\u00e9m \u00e9 presidente da Society for Maternal-Fetal Medicine, uma organiza\u00e7\u00e3o de especialistas em gesta\u00e7\u00f5es de alto risco. \u201cExiste um equil\u00edbrio entre riscos e benef\u00edcios dos medicamentos na gravidez.\u201d<\/p>\n<p>Mito 6: Problemas na gravidez ficam restritos \u00e0 gravidez<\/p>\n<p data-component-name=\"paragraph\" class=\"styles__ParagraphStyled-sc-6adecn-0 gsLklW  \">Complica\u00e7\u00f5es como diabetes gestacional, hipertens\u00e3o gestacional e pr\u00e9-ecl\u00e2mpsia geralmente se resolvem ap\u00f3s a gravidez. Mas isso n\u00e3o significa que possam ser esquecidas.<\/p>\n<p data-component-name=\"paragraph\" class=\"styles__ParagraphStyled-sc-6adecn-0 gsLklW  \">\u201cO que acontece durante a gravidez tem o p\u00e9ssimo h\u00e1bito de reaparecer mais tarde na vida\u201d, ensina Tala Al-Talib, diretora m\u00e9dica da cl\u00ednica cardiovascular Green Spring Station, da Johns Hopkins.<\/p>\n<p data-component-name=\"paragraph\" class=\"styles__ParagraphStyled-sc-6adecn-0 gsLklW  \">Como a gravidez imp\u00f5e estresse ao corpo, ela pode revelar predisposi\u00e7\u00f5es a problemas que, de outra forma, s\u00f3 se tornariam evidentes mais tarde. Doen\u00e7a arterial coronariana, ataques card\u00edacos, insufici\u00eancia card\u00edaca e <a href=\"https:\/\/www.estadao.com.br\/tudo-sobre\/avc-acidente-vascular-cerebral\" target=\"_blank\" rel=\"nofollow noopener\" title=\"https:\/\/www.estadao.com.br\/tudo-sobre\/avc-acidente-vascular-cerebral\"><strong>AVCs<\/strong><\/a> s\u00e3o mais comuns em mulheres que tiveram um dist\u00farbio hipertensivo durante a gravidez, e o <a href=\"https:\/\/www.estadao.com.br\/tudo-sobre\/diabete\" target=\"_blank\" rel=\"nofollow noopener\" title=\"https:\/\/www.estadao.com.br\/tudo-sobre\/diabete\"><strong>diabetes<\/strong><\/a> tipo 2 \u00e9 mais comum em mulheres que tiveram diabetes gestacional.<\/p>\n<p data-component-name=\"paragraph\" class=\"styles__ParagraphStyled-sc-6adecn-0 gsLklW  \">Qualquer pessoa que vivencie uma dessas complica\u00e7\u00f5es deve consultar um especialista ap\u00f3s o parto para gerenciar seu risco a longo prazo, orienta Tala.<\/p>\n<p>Mito 7: Incontin\u00eancia \u00e9 incomum<\/p>\n<p data-component-name=\"paragraph\" class=\"styles__ParagraphStyled-sc-6adecn-0 gsLklW  \">Segundo algumas estimativas, metade ou mais das mulheres apresenta incontin\u00eancia urin\u00e1ria pelo menos ocasionalmente. Ela pode resultar da menopausa, do parto ou de outras causas.<\/p>\n<p data-component-name=\"paragraph\" class=\"styles__ParagraphStyled-sc-6adecn-0 gsLklW  \">Ainda assim, as mulheres tendem a achar que \u00e9 algo raro, comenta Alison Huang, professora de medicina, urologia, epidemiologia e bioestat\u00edstica da Universidade da Calif\u00f3rnia, em S\u00e3o Francisco, e diretora do Centro de Pesquisa Cl\u00ednica em Sa\u00fade da Mulher da institui\u00e7\u00e3o.<\/p>\n<p data-component-name=\"paragraph\" class=\"styles__ParagraphStyled-sc-6adecn-0 gsLklW  \">A incontin\u00eancia pode ser leve (um pequeno escape ao tossir ou espirrar) ou mais intensa (como uma urg\u00eancia t\u00e3o s\u00fabita que n\u00e3o d\u00e1 tempo de chegar ao banheiro). Muitos casos s\u00e3o trat\u00e1veis com mudan\u00e7as no estilo de vida ou <a href=\"https:\/\/www.estadao.com.br\/tudo-sobre\/exercicio-fisico\/\" target=\"_blank\" rel=\"nofollow noopener\" title=\"https:\/\/www.estadao.com.br\/tudo-sobre\/exercicio-fisico\/\"><strong>exerc\u00edcios<\/strong><\/a> simples, mas pode ser dif\u00edcil para os m\u00e9dicos comunicar isso quando as mulheres t\u00eam vergonha de admitir que est\u00e3o passando por isso.<\/p>\n<p>Mito 8: Doen\u00e7as e medicamentos foram bem estudados em mulheres<\/p>\n<p data-component-name=\"paragraph\" class=\"styles__ParagraphStyled-sc-6adecn-0 gsLklW  \">Em meados do s\u00e9culo 20, milhares de beb\u00eas \u2014 principalmente fora dos Estados Unidos \u2014 nasceram com graves defeitos cong\u00eanitos por causa da talidomida, um medicamento administrado para enjoos matinais e <a href=\"https:\/\/www.estadao.com.br\/tudo-sobre\/insonia\" target=\"_blank\" rel=\"nofollow noopener\" title=\"https:\/\/www.estadao.com.br\/tudo-sobre\/insonia\"><strong>ins\u00f4nia<\/strong><\/a>. Depois disso, a Food and Drug Administration incentivou os pesquisadores a excluir mulheres em idade f\u00e9rtil dos primeiros ensaios cl\u00ednicos.<\/p>\n<p data-component-name=\"paragraph\" class=\"styles__ParagraphStyled-sc-6adecn-0 gsLklW  \">Os pesquisadores s\u00f3 passaram a ser incentivados a incluir mulheres nesses ensaios nos anos 1980, e a obrigatoriedade em estudos financiados pelo governo federal s\u00f3 veio em 1993. Como resultado, muitas doen\u00e7as e tratamentos n\u00e3o foram estudados em mulheres, porque, embora a aten\u00e7\u00e3o e o financiamento tenham aumentado, muitos ensaios realizados antes de 1993 n\u00e3o foram repetidos. As diretrizes sobre quando medicamentos para press\u00e3o arterial devem ser usados foram baseadas em grande parte em dados de homens, exemplifica Caroline. A imagem popular dos sintomas de um ataque card\u00edaco? Tamb\u00e9m retirada dos homens.<\/p>\n<p data-component-name=\"paragraph\" class=\"styles__ParagraphStyled-sc-6adecn-0 gsLklW  \">O problema surge de maneiras inesperadas. Os m\u00e9dicos est\u00e3o percebendo que mulheres com apneia do sono podem n\u00e3o roncar nem ficar ofegantes, pontua Alison, mas ainda n\u00e3o sabem plenamente quais sintomas s\u00e3o caracter\u00edsticos nas mulheres.<\/p>\n<p>Mito 9: O m\u00e9dico sempre sabe o que \u00e9 melhor<\/p>\n<p data-component-name=\"paragraph\" class=\"styles__ParagraphStyled-sc-6adecn-0 gsLklW  \">Os m\u00e9dicos s\u00e3o um recurso essencial, mas tamb\u00e9m \u00e9 comum que profissionais minimizem os sintomas das mulheres.<\/p>\n<p data-component-name=\"paragraph\" class=\"styles__ParagraphStyled-sc-6adecn-0 gsLklW  \">Mulheres com <a href=\"https:\/\/www.estadao.com.br\/tudo-sobre\/enxaqueca\" target=\"_blank\" rel=\"nofollow noopener\" title=\"https:\/\/www.estadao.com.br\/tudo-sobre\/enxaqueca\"><strong>enxaqueca<\/strong><\/a> ou condi\u00e7\u00f5es como endometriose frequentemente ouvem que precisam aprender a conviver com a dor. Tamb\u00e9m leva anos para que muitas pacientes com doen\u00e7as cr\u00f4nicas recebam um diagn\u00f3stico. Isso \u00e9 verdade independentemente do g\u00eanero, mas muitas condi\u00e7\u00f5es cr\u00f4nicas s\u00e3o mais comuns em mulheres, e elas t\u00eam maior probabilidade de ouvir que seus sintomas s\u00e3o psicol\u00f3gicos ou \u201ccoisa da cabe\u00e7a\u201d.<\/p>\n<p data-component-name=\"paragraph\" class=\"styles__ParagraphStyled-sc-6adecn-0 gsLklW  \">Os especialistas aconselharam as mulheres a defenderem seus interesses de forma assertiva e a buscar segundas opini\u00f5es.<\/p>\n<p data-component-name=\"paragraph\" class=\"styles__ParagraphStyled-sc-6adecn-0 gsLklW  \">\u201cConhe\u00e7a seu corpo\u201d, recomenda Karen. \u201cSaiba qual \u00e9 o seu normal e confie nos seus instintos se algo n\u00e3o parecer certo.\u201d<\/p>\n<p data-component-name=\"paragraph\" class=\"styles__ParagraphStyled-sc-6adecn-0 gsLklW  \">Este texto foi traduzido com o aux\u00edlio de ferramentas de Intelig\u00eancia Artificial e revisado por nossa equipe editorial. <a href=\"https:\/\/www.estadao.com.br\/link\/estadao-define-politica-de-uso-de-ferramentas-de-inteligencia-artificial-por-seus-jornalistas-veja\/\" target=\"_blank\" rel=\"nofollow noopener\"><strong>Saiba mais em nossa Pol\u00edtica de IA<\/strong><\/a><strong>.<\/strong><\/p>\n","protected":false},"excerpt":{"rendered":"A sa\u00fade da mulher \u00e9 pouco estudada e, em muitos aspectos, mal compreendida. At\u00e9 mesmo o termo \u201csa\u00fade&hellip;\n","protected":false},"author":2,"featured_media":226688,"comment_status":"","ping_status":"","sticky":false,"template":"","format":"standard","meta":{"footnotes":""},"categories":[86],"tags":[30902,19308,7358,36371,7482,43596,14766,1095,43597,26096,14150,1098,43598,43599,43600,7766,33315,43601,4191,19849,30085,116,33441,17925,43602,37637,41092,10338,36382,43603,26099,37587,21689,43604,43605,43606,43607,1109,43608,15239,43609,15466,43610,32,23506,33,117,1121,200,1378,35572,43611],"class_list":{"0":"post-226687","1":"post","2":"type-post","3":"status-publish","4":"format-standard","5":"has-post-thumbnail","7":"category-saude","8":"tag-balance","9":"tag-bleeding","10":"tag-brain","11":"tag-calm","12":"tag-concept","13":"tag-contraception","14":"tag-control","15":"tag-cycle","16":"tag-date","17":"tag-education","18":"tag-emotions","19":"tag-female","20":"tag-female-physiology","21":"tag-feminine","22":"tag-fertility","23":"tag-girl","24":"tag-growth","25":"tag-gynecology","26":"tag-hair","27":"tag-happiness","28":"tag-healing","29":"tag-health","30":"tag-hormones","31":"tag-hygiene","32":"tag-imbalance","33":"tag-infertility","34":"tag-inspiration","35":"tag-intelligence","36":"tag-intimate","37":"tag-ivf","38":"tag-knowledge","39":"tag-lady","40":"tag-learning","41":"tag-meditation","42":"tag-menopause","43":"tag-menstrual-cycle","44":"tag-menstruation","45":"tag-mental","46":"tag-mental-health-day","47":"tag-mindfulness","48":"tag-motherhood","49":"tag-pills","50":"tag-pms","51":"tag-portugal","52":"tag-pregnancy","53":"tag-pt","54":"tag-saude","55":"tag-vector","56":"tag-woman","57":"tag-women","58":"tag-womens-health","59":"tag-womens-reproductive-health"},"share_on_mastodon":{"url":"","error":"Validation failed: Text character limit of 500 exceeded"},"_links":{"self":[{"href":"https:\/\/www.europesays.com\/pt\/wp-json\/wp\/v2\/posts\/226687","targetHints":{"allow":["GET"]}}],"collection":[{"href":"https:\/\/www.europesays.com\/pt\/wp-json\/wp\/v2\/posts"}],"about":[{"href":"https:\/\/www.europesays.com\/pt\/wp-json\/wp\/v2\/types\/post"}],"author":[{"embeddable":true,"href":"https:\/\/www.europesays.com\/pt\/wp-json\/wp\/v2\/users\/2"}],"replies":[{"embeddable":true,"href":"https:\/\/www.europesays.com\/pt\/wp-json\/wp\/v2\/comments?post=226687"}],"version-history":[{"count":0,"href":"https:\/\/www.europesays.com\/pt\/wp-json\/wp\/v2\/posts\/226687\/revisions"}],"wp:featuredmedia":[{"embeddable":true,"href":"https:\/\/www.europesays.com\/pt\/wp-json\/wp\/v2\/media\/226688"}],"wp:attachment":[{"href":"https:\/\/www.europesays.com\/pt\/wp-json\/wp\/v2\/media?parent=226687"}],"wp:term":[{"taxonomy":"category","embeddable":true,"href":"https:\/\/www.europesays.com\/pt\/wp-json\/wp\/v2\/categories?post=226687"},{"taxonomy":"post_tag","embeddable":true,"href":"https:\/\/www.europesays.com\/pt\/wp-json\/wp\/v2\/tags?post=226687"}],"curies":[{"name":"wp","href":"https:\/\/api.w.org\/{rel}","templated":true}]}}