{"id":226695,"date":"2026-01-13T14:10:08","date_gmt":"2026-01-13T14:10:08","guid":{"rendered":"https:\/\/www.europesays.com\/pt\/226695\/"},"modified":"2026-01-13T14:10:08","modified_gmt":"2026-01-13T14:10:08","slug":"teria-de-fazer-reflexao-profunda-cotrim-nao-exclui-apoiar-ventura-numa-eventual-segunda-volta","status":"publish","type":"post","link":"https:\/\/www.europesays.com\/pt\/226695\/","title":{"rendered":"&#8220;Teria de fazer reflex\u00e3o profunda.&#8221; Cotrim n\u00e3o exclui apoiar Ventura numa eventual segunda volta"},"content":{"rendered":"<p data-remotead-prev-elm=\"true\" data-remotead-elm-id=\"inread\">O candidato presidencial Cotrim Figueiredo revelou esta segunda-feira que, numa eventual segunda volta das elei\u00e7\u00f5es em que n\u00e3o esteja, n\u00e3o exclui o apoio a qualquer candidato.<\/p>\n<p>&#8220;N\u00e3o excluo qualquer candidato, mas teria de fazer uma reflex\u00e3o profunda&#8221;, admitiu o tamb\u00e9m eurodeputado, no final de uma visita ao Mercado Municipal do Fund\u00e3o onde teve, a seu lado, o vice-presidente da Assembleia da Rep\u00fablica Rodrigo Saraiva, a ex-deputada do PSD Liliana Reis e o vereador na C\u00e2mara Municipal da Covilh\u00e3, que concorreu como independente eleito pelo CDS-PP, Eduardo Cavaco.<\/p>\n<p>Questionado sobre se apoiaria o advers\u00e1rio Andr\u00e9 Ventura na corrida a Bel\u00e9m, o antigo l\u00edder da IL reafirmou que, nesta altura, n\u00e3o exclui ningu\u00e9m.<\/p>\n<p data-remotead-prev-elm=\"true\" data-remotead-elm-id=\"centro1\">&#8220;O Andr\u00e9 Ventura dos \u00faltimos quatro dias eu ainda n\u00e3o conheci. Moderou o discurso e parece um pol\u00edtico diferente&#8221;, considerou.<\/p>\n<p>Apesar da insist\u00eancia dos jornalistas, Cotrim Figueiredo referiu que, com a &#8220;din\u00e2mica que est\u00e1&#8221;, o \u00fanico cen\u00e1rio de que lhe interessa falar \u00e9 aquele onde est\u00e1 na segunda volta das elei\u00e7\u00f5es presidenciais.<\/p>\n<p>E num eventual cen\u00e1rio em que passe \u00e0 segunda volta com Andr\u00e9 Ventura, l\u00edder do Chega, questionado sobre se gostaria de ter o apoio dos restantes candidatos da direita, Cotrim Figueiredo foi perent\u00f3rio em dizer que &#8220;acha que n\u00e3o precisa&#8221;.<\/p>\n<p data-remotead-prev-elm=\"true\" data-remotead-elm-id=\"centro2\">&#8220;Eu n\u00e3o acho que precise, n\u00e3o acho que precise&#8221;, insistiu.<\/p>\n<p>Para o candidato, apoiado pela Iniciativa Liberal, os votos n\u00e3o s\u00e3o dos candidatos, mas sim das pessoas.<\/p>\n<p>&#8220;As pessoas ter\u00e3o de fazer essa escolha. Est\u00e3o l\u00e1 dois candidatos, escolham. Eu n\u00e3o preciso do `endorsement\u00b4 [apoio] de ningu\u00e9m, lamento&#8221;, vincou.<\/p>\n<p data-remotead-prev-elm=\"true\" data-remotead-elm-id=\"centro3\">E, nesse sentido, entendeu, tamb\u00e9m n\u00e3o precisar\u00e1 de dar apoio a ningu\u00e9m porque n\u00e3o \u00e9 dono dos votos que lhe confiarem.<\/p>\n<p>As elei\u00e7\u00f5es presidenciais, \u00e0s quais concorrem 11 candidatos, est\u00e3o marcadas para 18 de janeiro<\/p>\n<p>Caso nenhum deles consiga mais de metade dos votos validamente expressos, realizar-se-\u00e1 uma segunda volta a 08 de fevereiro entre os dois mais votados.<\/p>\n","protected":false},"excerpt":{"rendered":"O candidato presidencial Cotrim Figueiredo revelou esta segunda-feira que, numa eventual segunda volta das elei\u00e7\u00f5es em que n\u00e3o&hellip;\n","protected":false},"author":2,"featured_media":226696,"comment_status":"","ping_status":"","sticky":false,"template":"","format":"standard","meta":{"footnotes":""},"categories":[8],"tags":[27,28,1705,15,16,14,25,26,21,22,12,13,19,20,52,32,5215,1076,23,24,33,17,18,29,30,31],"class_list":{"0":"post-226695","1":"post","2":"type-post","3":"status-publish","4":"format-standard","5":"has-post-thumbnail","7":"category-principais-noticias","8":"tag-breaking-news","9":"tag-breakingnews","10":"tag-eleicoes-presidenciais","11":"tag-featured-news","12":"tag-featurednews","13":"tag-headlines","14":"tag-latest-news","15":"tag-latestnews","16":"tag-main-news","17":"tag-mainnews","18":"tag-news","19":"tag-noticias","20":"tag-noticias-principais","21":"tag-noticiasprincipais","22":"tag-politica","23":"tag-portugal","24":"tag-presidenciais","25":"tag-presidenciais-2026","26":"tag-principais-noticias","27":"tag-principaisnoticias","28":"tag-pt","29":"tag-top-stories","30":"tag-topstories","31":"tag-ultimas","32":"tag-ultimas-noticias","33":"tag-ultimasnoticias"},"share_on_mastodon":{"url":"https:\/\/pubeurope.com\/@pt\/115888195054203654","error":""},"_links":{"self":[{"href":"https:\/\/www.europesays.com\/pt\/wp-json\/wp\/v2\/posts\/226695","targetHints":{"allow":["GET"]}}],"collection":[{"href":"https:\/\/www.europesays.com\/pt\/wp-json\/wp\/v2\/posts"}],"about":[{"href":"https:\/\/www.europesays.com\/pt\/wp-json\/wp\/v2\/types\/post"}],"author":[{"embeddable":true,"href":"https:\/\/www.europesays.com\/pt\/wp-json\/wp\/v2\/users\/2"}],"replies":[{"embeddable":true,"href":"https:\/\/www.europesays.com\/pt\/wp-json\/wp\/v2\/comments?post=226695"}],"version-history":[{"count":0,"href":"https:\/\/www.europesays.com\/pt\/wp-json\/wp\/v2\/posts\/226695\/revisions"}],"wp:featuredmedia":[{"embeddable":true,"href":"https:\/\/www.europesays.com\/pt\/wp-json\/wp\/v2\/media\/226696"}],"wp:attachment":[{"href":"https:\/\/www.europesays.com\/pt\/wp-json\/wp\/v2\/media?parent=226695"}],"wp:term":[{"taxonomy":"category","embeddable":true,"href":"https:\/\/www.europesays.com\/pt\/wp-json\/wp\/v2\/categories?post=226695"},{"taxonomy":"post_tag","embeddable":true,"href":"https:\/\/www.europesays.com\/pt\/wp-json\/wp\/v2\/tags?post=226695"}],"curies":[{"name":"wp","href":"https:\/\/api.w.org\/{rel}","templated":true}]}}