{"id":226756,"date":"2026-01-13T15:28:16","date_gmt":"2026-01-13T15:28:16","guid":{"rendered":"https:\/\/www.europesays.com\/pt\/226756\/"},"modified":"2026-01-13T15:28:16","modified_gmt":"2026-01-13T15:28:16","slug":"governo-barra-vacina-da-herpes-zoster-no-sus-saiba-a-quem-e-indicada-e-quanto-custa-na-rede-privada","status":"publish","type":"post","link":"https:\/\/www.europesays.com\/pt\/226756\/","title":{"rendered":"Governo barra vacina da herpes-z\u00f3ster no SUS: saiba a quem \u00e9 indicada e quanto custa na rede privada"},"content":{"rendered":"<p>\n                Ler Resumo<\/p>\n<ul class=\"resume-list\" id=\"resume-list\" aria-hidden=\"true\">\n<li class=\"section-item section-intro\">\n<p>Introdu\u00e7\u00e3o<\/p>\n<p>O Minist\u00e9rio da Sa\u00fade decidiu n\u00e3o incorporar a nova vacina contra herpes-z\u00f3ster no SUS, mantendo-a privada. A justificativa \u00e9 o alto custo (R$ 5,2 bilh\u00f5es em 5 anos), apesar da efic\u00e1cia superior a 90%. O imunizante, para idosos 80+ ou imunocomprometidos 18+, custa R$ 700-950 por dose na rede particular. A doen\u00e7a, reativa\u00e7\u00e3o do v\u00edrus da catapora, causa dores e pode ter complica\u00e7\u00f5es graves.<\/p>\n<\/li>\n<li class=\"section-item section-topicos\">\n<ul>\n<li><strong>Vacina de Herpes-Z\u00f3ster fora do SUS:<\/strong> Entenda por que o Minist\u00e9rio da Sa\u00fade n\u00e3o incorporou a nova vers\u00e3o recombinante ao Sistema \u00danico de Sa\u00fade.<\/li>\n<li><strong>Custo Bilion\u00e1rio como Barreira:<\/strong> A estimativa de R$ 5,2 bilh\u00f5es em cinco anos foi crucial para a decis\u00e3o, apesar da seguran\u00e7a e efic\u00e1cia comprovadas.<\/li>\n<li><strong>Acesso Restrito e Pre\u00e7o Elevado:<\/strong> Saiba quanto custa (R$ 700 a R$ 950 por dose) e onde encontrar a vacina, dispon\u00edvel apenas na rede particular.<\/li>\n<li><strong>Efic\u00e1cia Superior a 90%:<\/strong> Conhe\u00e7a os benef\u00edcios da nova vacina, que oferece prote\u00e7\u00e3o muito maior que a gera\u00e7\u00e3o anterior.<\/li>\n<li><strong>O que \u00e9 o Herpes-Z\u00f3ster:<\/strong> Entenda a doen\u00e7a, causada pela reativa\u00e7\u00e3o do v\u00edrus da catapora, seus sintomas, riscos e complica\u00e7\u00f5es.<\/li>\n<\/ul>\n<\/li>\n<li class=\"section-item section-info\">\n<p style=\"margin: 0;\">Este resumo foi \u00fatil?<\/p>\n<p>\n                            \ud83d\udc4d<br \/>\ud83d\udc4e\n                        <\/p>\n<p>                    Resumo gerado por ferramenta de IA treinada pela reda\u00e7\u00e3o da Editora Abril.\n                <\/p>\n<\/li>\n<\/ul>\n<p>Em decis\u00e3o publicada no Di\u00e1rio Oficial da Uni\u00e3o na segunda-feira (12), o Minist\u00e9rio da Sa\u00fade acabou optando por <strong>n\u00e3o incorporar a vacina contra o <a href=\"https:\/\/saude.abril.com.br\/medicina\/herpes-zoster-conheca-8-curiosidades-sobre-a-doenca\/\" rel=\"nofollow noopener\" target=\"_blank\">herpes-z\u00f3ster<\/a> no <a href=\"https:\/\/saude.abril.com.br\/tudo-sobre\/sistema-unico-de-saude-sus\/\" rel=\"nofollow noopener\" target=\"_blank\">Sistema \u00danico de Sa\u00fade (SUS)<\/a><\/strong>, mantendo a situa\u00e7\u00e3o atual: o imunizante segue dispon\u00edvel apenas na rede privada.<\/p>\n<p>A nova vacina, uma <strong>vers\u00e3o recombinante<\/strong>, representa um avan\u00e7o no n\u00edvel de efic\u00e1cia e na prote\u00e7\u00e3o em rela\u00e7\u00e3o \u00e0 anterior, que utilizava o v\u00edrus vivo atenuado. A pasta vinha considerando incorpor\u00e1-la ao SUS para aplica\u00e7\u00e3o em idosos com 80 anos ou mais ou em <a href=\"https:\/\/saude.abril.com.br\/medicina\/pessoas-imunocomprometidas-tem-maior-risco-de-desenvolver-o-herpes-zoster\/\" rel=\"nofollow noopener\" target=\"_blank\">pacientes imunocomprometidos<\/a> acima de 18 anos.<\/p>\n<p><strong>+Leia tamb\u00e9m:\u00a0<a href=\"https:\/\/saude.abril.com.br\/medicina\/por-que-e-importante-se-vacinar-contra-o-herpes-zoster\/\" rel=\"nofollow noopener\" target=\"_blank\">Por que \u00e9 importante se vacinar contra o herpes-z\u00f3ster?<\/a><\/strong><\/p>\n<p>Por que n\u00e3o haver\u00e1 vacina no SUS<\/p>\n<p>A Comiss\u00e3o Nacional de Incorpora\u00e7\u00e3o de Tecnologias no SUS (Conitec) entendeu que, embora a <a href=\"https:\/\/saude.abril.com.br\/tudo-sobre\/vacinas\" rel=\"nofollow noopener\" target=\"_blank\">vacina<\/a> seja segura, eficaz e relevante para prevenir casos de herpes-z\u00f3ster,<strong> seu custo aos cofres p\u00fablicos seria elevado demais<\/strong> frente aos benef\u00edcios esperados. A inclus\u00e3o no <strong>Programa Nacional de Imuniza\u00e7\u00f5es (PNI)<\/strong> n\u00e3o leva em conta apenas a efic\u00e1cia de uma vacina, mas tamb\u00e9m aspectos de custo-efetividade.<\/p>\n<p>O Minist\u00e9rio da Sa\u00fade estimou em <strong>R$ 5,2 bilh\u00f5es o custo da vacina em um per\u00edodo de cinco anos<\/strong>, <a href=\"https:\/\/veja.abril.com.br\/saude\/ministerio-da-saude-decide-nao-incorporar-vacina-contra-herpes-zoster-no-sus\/\" target=\"_blank\" rel=\"noopener nofollow\"><strong>conforme informado por VEJA<\/strong><\/a>. A pasta entende que a incorpora\u00e7\u00e3o ao SUS ainda pode ocorrer se o laborat\u00f3rio respons\u00e1vel apresentar uma proposta de pre\u00e7o compat\u00edvel com as capacidades or\u00e7ament\u00e1rias atuais.<\/p>\n<p>Quanto custa a vacina<\/p>\n<p>A vacina recombinante contra a herpes-z\u00f3ster pode ser encontrada em cl\u00ednicas particulares e farm\u00e1cias do pa\u00eds a <strong>pre\u00e7os que oscilam entre R$ 700 e R$ 950 por dose<\/strong>, dependendo da regi\u00e3o e do estabelecimento.<\/p>\n<p>    Continua ap\u00f3s a publicidade<\/p>\n<p>S\u00e3o necess\u00e1rias duas doses para conferir a prote\u00e7\u00e3o completa contra a doen\u00e7a. Estudos demonstraram uma<strong> efic\u00e1cia de prote\u00e7\u00e3o superior a 90%<\/strong>, muito acima do registrado na gera\u00e7\u00e3o antiga de imunizantes contra a herpes-z\u00f3ster, que n\u00e3o ultrapassava os 60%.<\/p>\n<p>O que \u00e9 a herpes-z\u00f3ster<\/p>\n<p>A <a href=\"https:\/\/saude.abril.com.br\/tudo-sobre\/herpes-zoster\" rel=\"nofollow noopener\" target=\"_blank\">herpes-z\u00f3ster<\/a> \u00e9 uma doen\u00e7a causada pelo <a href=\"https:\/\/saude.abril.com.br\/tudo-sobre\/virus\" rel=\"nofollow noopener\" target=\"_blank\">v\u00edrus<\/a> varicela-z\u00f3ster, o mesmo respons\u00e1vel pela <a href=\"https:\/\/saude.abril.com.br\/medicina\/o-que-e-catapora-e-por-que-as-criancas-precisam-se-vacinar-contra-ela\/\" rel=\"nofollow noopener\" target=\"_blank\">catapora<\/a>. Ap\u00f3s a doen\u00e7a original ser superada, <strong>o v\u00edrus permanece dormente<\/strong> no organismo, muitas vezes passando v\u00e1rios anos sem provocar qualquer sintoma.<\/p>\n<p>Em um momento em que o sistema imune fica debilitado, por\u00e9m, o v\u00edrus pode voltar a se replicar e causar problemas, levando \u00e0 herpes-z\u00f3ster. O <a href=\"https:\/\/saude.abril.com.br\/medicina\/herpes-zoster-o-risco-de-desenvolver-a-doenca-aumenta-com-a-idade%c2%b9\/\" rel=\"nofollow noopener\" target=\"_blank\">envelhecimento natural<\/a>, o estresse ou outras doen\u00e7as que abalam a imunidade s\u00e3o causas comuns para a \u201creativa\u00e7\u00e3o\u201d do v\u00edrus \u2013 durante a pandemia, por exemplo, muitas pessoas relataram ter sofrido de herpes-z\u00f3ster <a href=\"https:\/\/saude.abril.com.br\/medicina\/casos-de-herpes-zoster-subiram-35-apos-pandemia-de-covid-diz-estudo\/\" rel=\"nofollow noopener\" target=\"_blank\">pouco ap\u00f3s contrair covid pela primeira vez<\/a>.<\/p>\n<p>    Continua ap\u00f3s a publicidade<\/p>\n<p>A gravidade com que a herpes-z\u00f3ster se manifesta pode variar de pessoa para pessoa. Sintomas caracter\u00edsticos incluem les\u00f5es cut\u00e2neas (por exemplo, em um lado das costas) e <strong>dores latejantes<\/strong> que, sem o devido tratamento, podem se tornar cr\u00f4nicas. A herpes-z\u00f3ster descontrolada tamb\u00e9m pode levar a <a href=\"https:\/\/saude.abril.com.br\/medicina\/alem-da-pele-herpes-zoster-compromete-a-visao-e-o-coracao\/\" rel=\"nofollow noopener\" target=\"_blank\">complica\u00e7\u00f5es na vis\u00e3o e no cora\u00e7\u00e3o<\/a>.<\/p>\n<p>Compartilhe essa mat\u00e9ria via:<\/p>\n","protected":false},"excerpt":{"rendered":"Ler Resumo Introdu\u00e7\u00e3o O Minist\u00e9rio da Sa\u00fade decidiu n\u00e3o incorporar a nova vacina contra herpes-z\u00f3ster no SUS, mantendo-a&hellip;\n","protected":false},"author":2,"featured_media":226757,"comment_status":"","ping_status":"","sticky":false,"template":"","format":"standard","meta":{"footnotes":""},"categories":[86],"tags":[116,32,33,117],"class_list":{"0":"post-226756","1":"post","2":"type-post","3":"status-publish","4":"format-standard","5":"has-post-thumbnail","7":"category-saude","8":"tag-health","9":"tag-portugal","10":"tag-pt","11":"tag-saude"},"share_on_mastodon":{"url":"https:\/\/pubeurope.com\/@pt\/115888501757326234","error":""},"_links":{"self":[{"href":"https:\/\/www.europesays.com\/pt\/wp-json\/wp\/v2\/posts\/226756","targetHints":{"allow":["GET"]}}],"collection":[{"href":"https:\/\/www.europesays.com\/pt\/wp-json\/wp\/v2\/posts"}],"about":[{"href":"https:\/\/www.europesays.com\/pt\/wp-json\/wp\/v2\/types\/post"}],"author":[{"embeddable":true,"href":"https:\/\/www.europesays.com\/pt\/wp-json\/wp\/v2\/users\/2"}],"replies":[{"embeddable":true,"href":"https:\/\/www.europesays.com\/pt\/wp-json\/wp\/v2\/comments?post=226756"}],"version-history":[{"count":0,"href":"https:\/\/www.europesays.com\/pt\/wp-json\/wp\/v2\/posts\/226756\/revisions"}],"wp:featuredmedia":[{"embeddable":true,"href":"https:\/\/www.europesays.com\/pt\/wp-json\/wp\/v2\/media\/226757"}],"wp:attachment":[{"href":"https:\/\/www.europesays.com\/pt\/wp-json\/wp\/v2\/media?parent=226756"}],"wp:term":[{"taxonomy":"category","embeddable":true,"href":"https:\/\/www.europesays.com\/pt\/wp-json\/wp\/v2\/categories?post=226756"},{"taxonomy":"post_tag","embeddable":true,"href":"https:\/\/www.europesays.com\/pt\/wp-json\/wp\/v2\/tags?post=226756"}],"curies":[{"name":"wp","href":"https:\/\/api.w.org\/{rel}","templated":true}]}}