{"id":226760,"date":"2026-01-13T15:31:20","date_gmt":"2026-01-13T15:31:20","guid":{"rendered":"https:\/\/www.europesays.com\/pt\/226760\/"},"modified":"2026-01-13T15:31:20","modified_gmt":"2026-01-13T15:31:20","slug":"quer-atestar-o-deposito-esta-semana-saiba-onde-estao-os-postos-mais-baratos-do-pais","status":"publish","type":"post","link":"https:\/\/www.europesays.com\/pt\/226760\/","title":{"rendered":"Quer atestar o dep\u00f3sito esta semana? Saiba onde est\u00e3o os postos mais baratos do pa\u00eds"},"content":{"rendered":"<p>Segunda semana de 2026, <a href=\"https:\/\/executivedigest.sapo.pt\/2026-estreia-se-com-descida-dos-precos-dos-combustiveis-veja-quanto-vai-pagar-a-menos-para-atestar\/\" rel=\"nofollow noopener\" target=\"_blank\">segunda descida<\/a> no pre\u00e7o dos combust\u00edveis. Pelo menos no caso do gas\u00f3leo a partir desta segunda-feira, dado que a gasolina 95 vai manter o pre\u00e7o. De acordo com fonte do setor contactada pela \u2018Executive Digest\u2019, esta semana \u201ca orienta\u00e7\u00e3o ser\u00e1 para uma descida de pre\u00e7os em at\u00e9 meio c\u00eantimo por litro no gas\u00f3leo e uma estabiliza\u00e7\u00e3o do pre\u00e7o na gasolina 95\u201d.<\/p>\n<p>Os postos de marca pr\u00f3pria \u2013 que normalmente funcionam junto aos hipermercados \u2013 seguem a tend\u00eancia dos postos de abastecimento \u2018normais\u2019 e reportam \u201cuma descida de 0,0030 euros no gas\u00f3leo e de 0,0020 euros na gasolina 95\u201d, adiantou outra fonte.<\/p>\n<p>Assim, a partir de hoje, os pap\u00e9is \u2018invertem-se\u2019 face \u00e0 \u00faltima semana, quando os pre\u00e7os dos combust\u00edveis registaram uma descida, embora apenas na gasolina 95. Veja como t\u00eam evolu\u00eddo os pre\u00e7os desde dezembro \u00faltimo:<\/p>\n<p><img loading=\"lazy\" decoding=\"async\" class=\"alignnone size-full wp-image-703910\" src=\"https:\/\/www.europesays.com\/pt\/wp-content\/uploads\/2026\/01\/combust.png\" alt=\"\" width=\"1223\" height=\"602\"  \/><\/p>\n<p>De acordo com a Dire\u00e7\u00e3o Geral de Energia e Geologia (DGEG) o pre\u00e7o m\u00e9dio do litro de gas\u00f3leo em Portugal custava esta sexta-feira 1,537 euros, enquanto o pre\u00e7o m\u00e9dio da gasolina totalizava 1,658 euros.<\/p>\n<p>Caso se confirmem as previs\u00f5es para a pr\u00f3xima semana, o pre\u00e7o m\u00e9dio do gas\u00f3leo simples vai cair para 1,532 euros por litro, enquanto o pre\u00e7o m\u00e9dio da gasolina simples 95 dever\u00e1 manter-se nos 1,658 euros por litro.<\/p>\n<p>Estas previs\u00f5es s\u00e3o feitas com base na assun\u00e7\u00e3o da manuten\u00e7\u00e3o das medidas extraordin\u00e1rias de redu\u00e7\u00e3o fiscal aplicadas pelo governo, para mitigar o aumento dos pre\u00e7os. As medidas em vigor incluem a compensa\u00e7\u00e3o da receita adicional do IVA e a redu\u00e7\u00e3o do Imposto sobre Produtos Petrol\u00edferos (ISP), que o Governo, no entanto, j\u00e1 come\u00e7ou reverter. Prev\u00ea-se que a redu\u00e7\u00e3o extraordin\u00e1ria do ISP seja revertida cada vez que os pre\u00e7os dos combust\u00edveis estiverem demasiado em baixo.<\/p>\n<p>No mais recente boletim da Comiss\u00e3o Europeia, Portugal est\u00e1 no oitavo lugar entre os pa\u00edses com a gasolina simples 95 mais cara, 5,1 c\u00eantimos acima da m\u00e9dia europeia e 21,9 c\u00eantimos acima do pre\u00e7o verificado em Espanha. Quanto ao gas\u00f3leo simples, o nosso pa\u00eds est\u00e1 na 9\u00aa posi\u00e7\u00e3o do pre\u00e7o mais caro, a 14,9 c\u00eantimos do pre\u00e7o no pa\u00eds vizinho.<\/p>\n<p>Os Pa\u00edses Baixos t\u00eam, de longe, o pre\u00e7o mais elevado do Velho Continente no que diz respeito \u00e0 gasolina 95: 1,979 euros\/litro. J\u00e1 a Finl\u00e2ndia apresenta o gas\u00f3leo mais caro, com 1,836 euros\/litro.<\/p>\n<p>Apesar de o pre\u00e7o do gas\u00f3leo ficar mais barato no in\u00edcio da pr\u00f3xima semana, saiba que pode poupar uns euros extra se souber onde est\u00e3o os postos mais baratos do pa\u00eds. Consulte a lista:<\/p>\n<p><img loading=\"lazy\" decoding=\"async\" class=\"alignnone size-full wp-image-703918\" src=\"https:\/\/www.europesays.com\/pt\/wp-content\/uploads\/2026\/01\/gasoleo.png\" alt=\"\" width=\"1016\" height=\"586\"  \/><\/p>\n<p><img loading=\"lazy\" decoding=\"async\" class=\"alignnone size-full wp-image-703919\" src=\"https:\/\/www.europesays.com\/pt\/wp-content\/uploads\/2026\/01\/Gasolina95.png\" alt=\"\" width=\"1034\" height=\"650\"  \/><\/p>\n","protected":false},"excerpt":{"rendered":"Segunda semana de 2026, segunda descida no pre\u00e7o dos combust\u00edveis. Pelo menos no caso do gas\u00f3leo a partir&hellip;\n","protected":false},"author":2,"featured_media":118712,"comment_status":"","ping_status":"","sticky":false,"template":"","format":"standard","meta":{"footnotes":""},"categories":[83],"tags":[88,89,90,32,33],"class_list":{"0":"post-226760","1":"post","2":"type-post","3":"status-publish","4":"format-standard","5":"has-post-thumbnail","7":"category-empresas","8":"tag-business","9":"tag-economy","10":"tag-empresas","11":"tag-portugal","12":"tag-pt"},"share_on_mastodon":{"url":"https:\/\/pubeurope.com\/@pt\/115888513571989863","error":""},"_links":{"self":[{"href":"https:\/\/www.europesays.com\/pt\/wp-json\/wp\/v2\/posts\/226760","targetHints":{"allow":["GET"]}}],"collection":[{"href":"https:\/\/www.europesays.com\/pt\/wp-json\/wp\/v2\/posts"}],"about":[{"href":"https:\/\/www.europesays.com\/pt\/wp-json\/wp\/v2\/types\/post"}],"author":[{"embeddable":true,"href":"https:\/\/www.europesays.com\/pt\/wp-json\/wp\/v2\/users\/2"}],"replies":[{"embeddable":true,"href":"https:\/\/www.europesays.com\/pt\/wp-json\/wp\/v2\/comments?post=226760"}],"version-history":[{"count":0,"href":"https:\/\/www.europesays.com\/pt\/wp-json\/wp\/v2\/posts\/226760\/revisions"}],"wp:featuredmedia":[{"embeddable":true,"href":"https:\/\/www.europesays.com\/pt\/wp-json\/wp\/v2\/media\/118712"}],"wp:attachment":[{"href":"https:\/\/www.europesays.com\/pt\/wp-json\/wp\/v2\/media?parent=226760"}],"wp:term":[{"taxonomy":"category","embeddable":true,"href":"https:\/\/www.europesays.com\/pt\/wp-json\/wp\/v2\/categories?post=226760"},{"taxonomy":"post_tag","embeddable":true,"href":"https:\/\/www.europesays.com\/pt\/wp-json\/wp\/v2\/tags?post=226760"}],"curies":[{"name":"wp","href":"https:\/\/api.w.org\/{rel}","templated":true}]}}