{"id":226768,"date":"2026-01-13T15:39:08","date_gmt":"2026-01-13T15:39:08","guid":{"rendered":"https:\/\/www.europesays.com\/pt\/226768\/"},"modified":"2026-01-13T15:39:08","modified_gmt":"2026-01-13T15:39:08","slug":"bts-anuncia-datas-de-turne-mundial-com-o-brasil-na-lista","status":"publish","type":"post","link":"https:\/\/www.europesays.com\/pt\/226768\/","title":{"rendered":"BTS anuncia datas de turn\u00ea mundial (com o Brasil na lista)"},"content":{"rendered":"<p>A not\u00edcia que o mundo do <a href=\"https:\/\/billboard.com.br\/generos\/kpop\/\" target=\"_blank\" rel=\"noopener nofollow\">K-pop<\/a> estava esperando chegou: o <strong><a href=\"https:\/\/billboard.com.br\/artistas\/bts\/\" data-internallinksmanager029f6b8e52c=\"17\" title=\"BTS\" rel=\"nofollow noopener\" target=\"_blank\">BTS<\/a><\/strong> acaba de anunciar as datas da turn\u00ea mundial em 2026 \u2013 e incluiu o <strong>Brasil<\/strong> na lista.<\/p>\n<p>Eles se apresentam <a href=\"https:\/\/billboard.com.br\/bts-shows-no-brasil-2026\/\" target=\"_blank\" rel=\"noopener nofollow\">por aqui nos dias 28, 30 e 31 de outubro em S\u00e3o Paulo<\/a>. O local do show ainda n\u00e3o foi divulgado.<\/p>\n<p>A turn\u00ea come\u00e7a no dia 9 de abril em Goyang, na Coreia do Sul. Eles fazem shows em T\u00f3quio e seguem para os Estados Unidos, Espanha, Reino Unido, Fran\u00e7a, Peru, Col\u00f4mbia, Argentina, Chile, Tail\u00e2ndia, entre outros pa\u00edses.<\/p>\n<p>A s\u00e9rie de shows vai dar apoio ao novo disco do <a href=\"https:\/\/billboard.com.br\/artistas\/bts\/\" data-internallinksmanager029f6b8e52c=\"17\" title=\"BTS\" rel=\"nofollow noopener\" target=\"_blank\">BTS<\/a>, que chega nas plataformas de streaming no dia 20 de mar\u00e7o.<\/p>\n<p class=\"p1\">\ud83d\udcf2 <a href=\"https:\/\/www.whatsapp.com\/channel\/0029ValKuvo4dTnMRyrLrD0W\" target=\"_blank\" rel=\"noopener nofollow\"><b>K-POP NO WHATSAPP: Participe do canal da Billboard Brasil para not\u00edcias e entrevistas exclusivas!<\/b><b\/><\/a><\/p>\n<p>\u00a0<\/p>\n<blockquote class=\"twitter-tweet\">\n<p dir=\"ltr\" lang=\"ko\">[\uacf5\uc9c0] <a href=\"https:\/\/billboard.com.br\/artistas\/bts\/\" data-internallinksmanager029f6b8e52c=\"17\" title=\"BTS\" rel=\"nofollow noopener\" target=\"_blank\">BTS<\/a> (\ubc29\ud0c4\uc18c\ub144\ub2e8) WORLD TOUR \uac1c\ucd5c \uc548\ub0b4 (+ENG\/JPN\/CHN)<\/p>\n<p>\ud83d\udd17 <a href=\"https:\/\/t.co\/UN1hL6O0Gt\" rel=\"nofollow\">https:\/\/t.co\/UN1hL6O0Gt<\/a><a href=\"https:\/\/twitter.com\/hashtag\/%EB%B0%A9%ED%83%84%EC%86%8C%EB%85%84%EB%8B%A8?src=hash&amp;ref_src=twsrc%5Etfw\" target=\"_blank\" rel=\"noopener nofollow\">#\ubc29\ud0c4\uc18c\ub144\ub2e8<\/a> <a href=\"https:\/\/twitter.com\/hashtag\/BTS?src=hash&amp;ref_src=twsrc%5Etfw\" target=\"_blank\" rel=\"noopener nofollow\">#BTS<\/a> <a href=\"https:\/\/twitter.com\/hashtag\/BTS_WORLDTOUR?src=hash&amp;ref_src=twsrc%5Etfw\" target=\"_blank\" rel=\"noopener nofollow\">#BTS_WORLDTOUR<\/a> <a href=\"https:\/\/t.co\/dWSWyRnw67\" rel=\"nofollow\">pic.twitter.com\/dWSWyRnw67<\/a><\/p>\n<p>\u2014 BIGHIT MUSIC (@BIGHIT_MUSIC) <a href=\"https:\/\/twitter.com\/BIGHIT_MUSIC\/status\/2011090880263045319?ref_src=twsrc%5Etfw\" target=\"_blank\" rel=\"noopener nofollow\">January 13, 2026<\/a><\/p>\n<\/blockquote>\n<p>A \u00faltima vez que o <a href=\"https:\/\/billboard.com.br\/artistas\/bts\/\" data-internallinksmanager029f6b8e52c=\"17\" title=\"BTS\" rel=\"nofollow noopener\" target=\"_blank\">BTS<\/a> viajou o mundo com uma turn\u00ea foi entre 2018 e 2019, com a \u201c<a href=\"https:\/\/billboard.com.br\/artistas\/bts\/\" data-internallinksmanager029f6b8e52c=\"17\" title=\"BTS\" rel=\"nofollow noopener\" target=\"_blank\">BTS<\/a> World Tour Love Yourself: Speak Yourself\u201d.<\/p>\n<p>Essa foi a passagem mais recente deles pelo Brasil, quando fizeram dois shows em 25 e 26 de maio de 2019 no Allianz Parque, em S\u00e3o Paulo.<\/p>\n<p>Eles at\u00e9 anunciaram uma nova turn\u00ea, \u201cMap of the Soul Tour\u201d, que aconteceria em 2020, mas os planos foram cancelados por conta da pandemia de Covid-19.<\/p>\n<p>O \u00faltimo show oficial do <a href=\"https:\/\/billboard.com.br\/artistas\/bts\/\" data-internallinksmanager029f6b8e52c=\"17\" title=\"BTS\" rel=\"nofollow noopener\" target=\"_blank\">BTS<\/a> antes do hiato para o servi\u00e7o militar de seus integrantes foi o \u201cYet To Come in Busan\u201d, um show \u00fanico e gratuito em 15 de outubro de 2022 na Coreia do Sul.<\/p>\n<p><strong>+ Leia tamb\u00e9m: <a href=\"https:\/\/billboard.com.br\/familia-brasileira-stalker-jung-kook-bts\/\" target=\"_blank\" rel=\"noopener nofollow\">Fam\u00edlia de brasileira stalker de Jung Kook, do BTS, se pronuncia pela 1\u00aa vez<\/a><\/strong><\/p>\n<p>Aguardado comeback<\/p>\n<p>O ensaio para o comeback do <a href=\"https:\/\/billboard.com.br\/artistas\/bts\/\" data-internallinksmanager029f6b8e52c=\"17\" title=\"BTS\" rel=\"nofollow noopener\" target=\"_blank\">BTS<\/a> j\u00e1 estava sendo anunciado pelo grupo h\u00e1 alguns meses. Acontece que neste ano todos os integrantes finalizaram suas respectivas atividades com o ex\u00e9rcito sul-coreano, podendo enfim retomar os trabalhos.<\/p>\n<p>Eles passaram uma temporada nos Estados Unidos para a grava\u00e7\u00e3o de um \u00e1lbum in\u00e9dito, que tamb\u00e9m ser\u00e1 lan\u00e7ado em 2026. Certamente as m\u00fasicas novas v\u00e3o fazer parte do setlist do novo show do <a href=\"https:\/\/billboard.com.br\/artistas\/bts\/\" data-internallinksmanager029f6b8e52c=\"17\" title=\"BTS\" rel=\"nofollow noopener\" target=\"_blank\">BTS<\/a>.<\/p>\n<p><img loading=\"lazy\" decoding=\"async\" class=\"size-full wp-image-170160\" src=\"data:image\/svg+xml,%3Csvg%20xmlns=\" http:=\"\" alt=\"BTS\" width=\"1200\" height=\"630\" title=\"BTS anuncia datas de turn\u00ea mundial (com o Brasil na lista) 2\" data-lazy- data-lazy- data-lazy-src=\"https:\/\/www.europesays.com\/pt\/wp-content\/uploads\/2026\/01\/1768318747_667_bts.jpg\"\/><a href=\"https:\/\/billboard.com.br\/artistas\/bts\/\" data-internallinksmanager029f6b8e52c=\"17\" title=\"BTS\" rel=\"nofollow noopener\" target=\"_blank\">BTS<\/a> (HYBE)<\/p>\n<p><strong>+ Veja mais: <a href=\"https:\/\/billboard.com.br\/rm-bts-pede-desculpas-live-sincerona\/\" target=\"_blank\" rel=\"noopener nofollow\">RM, do BTS, pede desculpas ap\u00f3s fazer live sincerona: \u2018Estava frustrado\u2019<\/a><\/strong><\/p>\n<p>O <a href=\"https:\/\/billboard.com.br\/artistas\/bts\/\" data-internallinksmanager029f6b8e52c=\"17\" title=\"BTS\" rel=\"nofollow noopener\" target=\"_blank\">BTS<\/a> \u00e9 um grupo de K-pop e foi formado em 2013 por RM, Jin, J-Hope, SUGA, Jimin, V e <a href=\"https:\/\/billboard.com.br\/artistas\/jung-kook\/\" data-internallinksmanager029f6b8e52c=\"44\" title=\"Jung Kook\" rel=\"nofollow noopener\" target=\"_blank\">Jung Kook<\/a>. O septeto foi criado pela HYBE, anteriormente conhecida como Big Hit Entertainment, na Coreia do Sul.<\/p>\n<p>Desde sua estreia, o <a href=\"https:\/\/billboard.com.br\/artistas\/bts\/\" data-internallinksmanager029f6b8e52c=\"17\" title=\"BTS\" rel=\"nofollow noopener\" target=\"_blank\">BTS<\/a> lan\u00e7ou diversos EPs e \u00e1lbuns de est\u00fadio, incluindo:<\/p>\n<ul>\n<li>\u201c2 Cool 4 Skool\u201d (2013);<\/li>\n<li>\u201cDark &amp; Wild\u201d (2014);<\/li>\n<li>\u201cThe Most Beautiful Moments in Life I\u201d (2015);<\/li>\n<li>\u201cWings\u201d (2016);<\/li>\n<li>\u201cLove Yourself: Her, Tear e Answer\u201d (2017 e 2018);<\/li>\n<li>\u201cMap of The Soul: Persona\u201d (2019);<\/li>\n<li>\u201cMap of The Soul: 7\u201d (2020);<\/li>\n<li>\u201cBe\u201d (2020);<\/li>\n<li>\u201cProof\u201d (2022).<\/li>\n<\/ul>\n<p><img loading=\"lazy\" decoding=\"async\" class=\"size-full wp-image-165426\" src=\"data:image\/svg+xml,%3Csvg%20xmlns=\" http:=\"\" alt=\"BTS\" width=\"1200\" height=\"630\" title=\"BTS anuncia datas de turn\u00ea mundial (com o Brasil na lista) 3\" data-lazy- data-lazy- data-lazy-src=\"https:\/\/www.europesays.com\/pt\/wp-content\/uploads\/2026\/01\/BTS-1.jpg\"\/><a href=\"https:\/\/billboard.com.br\/artistas\/bts\/\" data-internallinksmanager029f6b8e52c=\"17\" title=\"BTS\" rel=\"nofollow noopener\" target=\"_blank\">BTS<\/a> (Grosby Group)<br \/>\n                            <script async src=\"https:\/\/platform.twitter.com\/widgets.js\" charset=\"utf-8\"><\/script><\/p>\n","protected":false},"excerpt":{"rendered":"A not\u00edcia que o mundo do K-pop estava esperando chegou: o BTS acaba de anunciar as datas da&hellip;\n","protected":false},"author":2,"featured_media":226769,"comment_status":"","ping_status":"","sticky":false,"template":"","format":"standard","meta":{"footnotes":""},"categories":[141],"tags":[114,115,149,150,32,33],"class_list":{"0":"post-226768","1":"post","2":"type-post","3":"status-publish","4":"format-standard","5":"has-post-thumbnail","7":"category-musica","8":"tag-entertainment","9":"tag-entretenimento","10":"tag-music","11":"tag-musica","12":"tag-portugal","13":"tag-pt"},"share_on_mastodon":{"url":"https:\/\/pubeurope.com\/@pt\/115888545079538276","error":""},"_links":{"self":[{"href":"https:\/\/www.europesays.com\/pt\/wp-json\/wp\/v2\/posts\/226768","targetHints":{"allow":["GET"]}}],"collection":[{"href":"https:\/\/www.europesays.com\/pt\/wp-json\/wp\/v2\/posts"}],"about":[{"href":"https:\/\/www.europesays.com\/pt\/wp-json\/wp\/v2\/types\/post"}],"author":[{"embeddable":true,"href":"https:\/\/www.europesays.com\/pt\/wp-json\/wp\/v2\/users\/2"}],"replies":[{"embeddable":true,"href":"https:\/\/www.europesays.com\/pt\/wp-json\/wp\/v2\/comments?post=226768"}],"version-history":[{"count":0,"href":"https:\/\/www.europesays.com\/pt\/wp-json\/wp\/v2\/posts\/226768\/revisions"}],"wp:featuredmedia":[{"embeddable":true,"href":"https:\/\/www.europesays.com\/pt\/wp-json\/wp\/v2\/media\/226769"}],"wp:attachment":[{"href":"https:\/\/www.europesays.com\/pt\/wp-json\/wp\/v2\/media?parent=226768"}],"wp:term":[{"taxonomy":"category","embeddable":true,"href":"https:\/\/www.europesays.com\/pt\/wp-json\/wp\/v2\/categories?post=226768"},{"taxonomy":"post_tag","embeddable":true,"href":"https:\/\/www.europesays.com\/pt\/wp-json\/wp\/v2\/tags?post=226768"}],"curies":[{"name":"wp","href":"https:\/\/api.w.org\/{rel}","templated":true}]}}