{"id":226803,"date":"2026-01-13T16:09:09","date_gmt":"2026-01-13T16:09:09","guid":{"rendered":"https:\/\/www.europesays.com\/pt\/226803\/"},"modified":"2026-01-13T16:09:09","modified_gmt":"2026-01-13T16:09:09","slug":"jurgen-klopp-aborda-hipotese-de-treinar-o-real-madrid","status":"publish","type":"post","link":"https:\/\/www.europesays.com\/pt\/226803\/","title":{"rendered":"Jurgen Klopp aborda hip\u00f3tese de treinar o Real Madrid"},"content":{"rendered":"<p>Jurgen Klopp acredita que \u00abnem tudo est\u00e1 bem\u00bb no <a class=\"autolink-enabled\" data-resource-id=\"204\" data-resource-type=\"team\" data-sport=\"football\" href=\"https:\/\/www.abola.pt\/futebol\/real-madrid-204\" rel=\"nofollow noopener\" target=\"_blank\">Real Madrid<\/a>, quando um t\u00e9cnico como Xabi Alonso \u00abtem de deixar o clube ap\u00f3s seis meses\u00bb.<\/p>\n<p>\u00abXabi demonstrou ser um excelente treinador durante dois anos no Leverkusen\u00bb, disse em entrevista \u00e0 Servus TV, plataforma detida pelo grupo Red Bull e para o qual Klopp trabalha, \u00abquando se chega depois de uma lenda e de um treinador incrivelmente bom como o Carlo Ancelotti, que tinha uma forma muito espec\u00edfica de treinar as suas equipas, e se tenta introduzir novas regras, isso revelou-se demasiado dif\u00edcil\u00bb.<\/p>\n<p>O nome do alem\u00e3o, atualmente diretor geral para o futebol no grupo Red Bull, foi rapidamente associado ao lugar deixado vago no Santiago Bernab\u00e9u, mas Klopp descartou a hip\u00f3tese de voltar a desempenhar o mesmo cargo que teve no Mainz, no Borussia Dortmund e no Liverpool.<\/p>\n<p>\u00abIsto n\u00e3o tem nada a ver comigo e n\u00e3o despertou nada em mim. O mercado dos treinadores est\u00e1 a ser abalado e n\u00e3o \u00e9 mau ver tudo isto de uma perspetiva de observador e n\u00e3o pensar no que pode significar para n\u00f3s, porque estamos no s\u00edtio certo onde estamos\u00bb, explicou Kloppo.<\/p>\n","protected":false},"excerpt":{"rendered":"Jurgen Klopp acredita que \u00abnem tudo est\u00e1 bem\u00bb no Real Madrid, quando um t\u00e9cnico como Xabi Alonso \u00abtem&hellip;\n","protected":false},"author":2,"featured_media":226804,"comment_status":"","ping_status":"","sticky":false,"template":"","format":"standard","meta":{"footnotes":""},"categories":[87],"tags":[135,32,33,134],"class_list":{"0":"post-226803","1":"post","2":"type-post","3":"status-publish","4":"format-standard","5":"has-post-thumbnail","7":"category-desporto","8":"tag-desporto","9":"tag-portugal","10":"tag-pt","11":"tag-sports"},"share_on_mastodon":{"url":"https:\/\/pubeurope.com\/@pt\/115888662994563163","error":""},"_links":{"self":[{"href":"https:\/\/www.europesays.com\/pt\/wp-json\/wp\/v2\/posts\/226803","targetHints":{"allow":["GET"]}}],"collection":[{"href":"https:\/\/www.europesays.com\/pt\/wp-json\/wp\/v2\/posts"}],"about":[{"href":"https:\/\/www.europesays.com\/pt\/wp-json\/wp\/v2\/types\/post"}],"author":[{"embeddable":true,"href":"https:\/\/www.europesays.com\/pt\/wp-json\/wp\/v2\/users\/2"}],"replies":[{"embeddable":true,"href":"https:\/\/www.europesays.com\/pt\/wp-json\/wp\/v2\/comments?post=226803"}],"version-history":[{"count":0,"href":"https:\/\/www.europesays.com\/pt\/wp-json\/wp\/v2\/posts\/226803\/revisions"}],"wp:featuredmedia":[{"embeddable":true,"href":"https:\/\/www.europesays.com\/pt\/wp-json\/wp\/v2\/media\/226804"}],"wp:attachment":[{"href":"https:\/\/www.europesays.com\/pt\/wp-json\/wp\/v2\/media?parent=226803"}],"wp:term":[{"taxonomy":"category","embeddable":true,"href":"https:\/\/www.europesays.com\/pt\/wp-json\/wp\/v2\/categories?post=226803"},{"taxonomy":"post_tag","embeddable":true,"href":"https:\/\/www.europesays.com\/pt\/wp-json\/wp\/v2\/tags?post=226803"}],"curies":[{"name":"wp","href":"https:\/\/api.w.org\/{rel}","templated":true}]}}