{"id":226805,"date":"2026-01-13T16:10:09","date_gmt":"2026-01-13T16:10:09","guid":{"rendered":"https:\/\/www.europesays.com\/pt\/226805\/"},"modified":"2026-01-13T16:10:09","modified_gmt":"2026-01-13T16:10:09","slug":"uso-das-canetas-emagrecedoras-requer-orientacao-medica-alerta-nutricionista-no-diario-da-manha-assembleia-legislativa-do-maranhao","status":"publish","type":"post","link":"https:\/\/www.europesays.com\/pt\/226805\/","title":{"rendered":"\u201cUso das canetas emagrecedoras requer orienta\u00e7\u00e3o m\u00e9dica\u201d, alerta nutricionista no \u2018Di\u00e1rio da Manh\u00e3\u2019 \u2013 Assembleia Legislativa do Maranh\u00e1o"},"content":{"rendered":"<p>Carol Carvalho explicou, no programa, que o uso desses medicamentos sem acompanhamento profissional \u00e9 um risco exacerbado \u00e0 sa\u00fade e que \u00e9 imprescind\u00edvel passar por uma avalia\u00e7\u00e3o m\u00e9dica previamente    <\/p>\n<p>Ag\u00eancia Assembleia<\/p>\n<p>A nutricionista cl\u00ednica e esportiva, Carol Carvalho, alertou sobre os riscos do uso das chamadas canetas emagrecedoras, sem prescri\u00e7\u00e3o m\u00e9dica, durante entrevista, nesta ter\u00e7a-feira (13), ao \u2018Di\u00e1rio da Manh\u00e3\u2019, da R\u00e1dio Assembleia e TV Assembleia.<\/p>\n<p>\u201cO que funciona para uma pessoa, pode n\u00e3o funcionar para outra. \u00c9 necess\u00e1rio passar por uma avalia\u00e7\u00e3o m\u00e9dica, como um nutr\u00f3logo, para ver as quest\u00f5es hormonais e se tem que fazer uma regula\u00e7\u00e3o, tanto para melhorar a qualidade de vida e o lado est\u00e9tico. O uso das canetas emagrecedoras favorece, mas o perigo \u00e9 us\u00e1-las da forma incorreta\u201d, afirmou.<\/p>\n<p>A especialista lembrou, que, por conta da procura desenfreada, a Ag\u00eancia Nacional de Vigil\u00e2ncia Sanit\u00e1ria (Anvisa) emitiu, no fim do ano passado, um alerta sobre a compra e consumo desses medicamentos; e que a venda e o uso de canetas emagrecedoras falsas representam um s\u00e9rio risco \u00e0 sa\u00fade, al\u00e9m de ser considerado um crime hediondo no pa\u00eds.<\/p>\n<p>\u201cO uso de vers\u00f5es manipuladas ou de origem desconhecida \u00e9 uma pr\u00e1tica perigosa, uma vez que as pessoas s\u00e3o expostas ao uso de um medicamento fora dessas regulamenta\u00e7\u00f5es, os riscos dela, com certeza, s\u00e3o exacerbados. Desde a aus\u00eancia de uma resposta ideal, como as contaminantes. O medicamento s\u00f3 \u00e9 vendido com apresenta\u00e7\u00e3o e reten\u00e7\u00e3o da receita m\u00e9dica\u201d, explicou.<\/p>\n<p>Por fim, ela registou que popularizadas por influenciadores e celebridades, as\u00a0canetas emagrecedoras, como Mounjaro e Ozempic, v\u00eam sendo cada vez mais buscadas por pessoas que desejam emagrecer de forma r\u00e1pida, muitas vezes sem orienta\u00e7\u00e3o m\u00e9dica e sem nenhum crit\u00e9rio.<\/p>\n<p>Em transmiss\u00e3o simult\u00e2nea e ao vivo, o \u2018Di\u00e1rio da Manh\u00e3\u2019 pode ser acompanhado de segunda a sexta-feira, das 9h \u00e0s 9h30, pela R\u00e1dio Assembleia (96.9 FM) e pela TV Assembleia (canal aberto digital 9.2; Maxx TV, canal 17; e Sky, canal 309), al\u00e9m do canal no Youtube.<\/p>\n","protected":false},"excerpt":{"rendered":"Carol Carvalho explicou, no programa, que o uso desses medicamentos sem acompanhamento profissional \u00e9 um risco exacerbado \u00e0&hellip;\n","protected":false},"author":2,"featured_media":226806,"comment_status":"","ping_status":"","sticky":false,"template":"","format":"standard","meta":{"footnotes":""},"categories":[86],"tags":[116,32,33,117],"class_list":{"0":"post-226805","1":"post","2":"type-post","3":"status-publish","4":"format-standard","5":"has-post-thumbnail","7":"category-saude","8":"tag-health","9":"tag-portugal","10":"tag-pt","11":"tag-saude"},"share_on_mastodon":{"url":"https:\/\/pubeurope.com\/@pt\/115888666879600187","error":""},"_links":{"self":[{"href":"https:\/\/www.europesays.com\/pt\/wp-json\/wp\/v2\/posts\/226805","targetHints":{"allow":["GET"]}}],"collection":[{"href":"https:\/\/www.europesays.com\/pt\/wp-json\/wp\/v2\/posts"}],"about":[{"href":"https:\/\/www.europesays.com\/pt\/wp-json\/wp\/v2\/types\/post"}],"author":[{"embeddable":true,"href":"https:\/\/www.europesays.com\/pt\/wp-json\/wp\/v2\/users\/2"}],"replies":[{"embeddable":true,"href":"https:\/\/www.europesays.com\/pt\/wp-json\/wp\/v2\/comments?post=226805"}],"version-history":[{"count":0,"href":"https:\/\/www.europesays.com\/pt\/wp-json\/wp\/v2\/posts\/226805\/revisions"}],"wp:featuredmedia":[{"embeddable":true,"href":"https:\/\/www.europesays.com\/pt\/wp-json\/wp\/v2\/media\/226806"}],"wp:attachment":[{"href":"https:\/\/www.europesays.com\/pt\/wp-json\/wp\/v2\/media?parent=226805"}],"wp:term":[{"taxonomy":"category","embeddable":true,"href":"https:\/\/www.europesays.com\/pt\/wp-json\/wp\/v2\/categories?post=226805"},{"taxonomy":"post_tag","embeddable":true,"href":"https:\/\/www.europesays.com\/pt\/wp-json\/wp\/v2\/tags?post=226805"}],"curies":[{"name":"wp","href":"https:\/\/api.w.org\/{rel}","templated":true}]}}