{"id":226807,"date":"2026-01-13T16:16:15","date_gmt":"2026-01-13T16:16:15","guid":{"rendered":"https:\/\/www.europesays.com\/pt\/226807\/"},"modified":"2026-01-13T16:16:15","modified_gmt":"2026-01-13T16:16:15","slug":"montenegro-garante-que-edificio-da-livraria-lello-vai-ser-monumento-nacional","status":"publish","type":"post","link":"https:\/\/www.europesays.com\/pt\/226807\/","title":{"rendered":"Montenegro garante que edif\u00edcio da Livraria Lello vai ser Monumento Nacional"},"content":{"rendered":"<p data-remotead-prev-elm=\"true\" data-remotead-elm-id=\"inread\">&#8220;Neste dia 13 de janeiro de 2026, o dia em que se marcam os 120 anos da Livraria Lello, dia em que se marcam os 25 anos da abertura oficial do Porto 2001 Capital Europeia da Cultura, um dia, portanto, de refer\u00eancia, um dia de mem\u00f3ria, um dia de apelo ao nosso patrim\u00f3nio e \u00e0 nossa identidade, eu quero aqui dizer-vos que o Governo j\u00e1 tem em circula\u00e7\u00e3o legislativa o diploma que vai reclassificar este edif\u00edcio da Livraria Lello como monumento nacional e, portanto, ser\u00e1 definitivamente assumido em letra de lei&#8221;, afirmou Lu\u00eds Montenegro.<\/p>\n<p>O chefe do Governo, a discursar na cerim\u00f3nia dos 120 anos da Livraria Lello, que se assinalam hoje, adiantou que o ato que vai &#8220;perpetuar a identidade, tamb\u00e9m a liga\u00e7\u00e3o de todo o pa\u00eds, de toda a comunidade, a este edif\u00edcio e a este projeto&#8221;, daquele edif\u00edcio vai acontecer &#8220;nas pr\u00f3ximas semanas&#8221;.<\/p>\n<p><img decoding=\"async\" class=\"ngx-body\" guid=\"932a390f-2fe3-4151-874c-d1b0094f7d36\" src=\"https:\/\/www.europesays.com\/pt\/wp-content\/uploads\/2026\/01\/1768320971_53_image.webp.webp\" width=\"100%\"\/><br \/><img decoding=\"async\" class=\"ngx-body\" guid=\"5470ad37-a5a3-4c95-9484-6ef1320c2193\" src=\"https:\/\/www.europesays.com\/pt\/wp-content\/uploads\/2026\/01\/1768320972_898_image.webp.webp\" width=\"100%\"\/><br \/>Foto: Estela Silva\/Lusa<\/p>\n<p>O processo de reclassifica\u00e7\u00e3o do edif\u00edcio da Livraria Lello, situado no centro do Porto, foi iniciado em 2021. &#8220;\u00c9 muito importante porque j\u00e1 estamos h\u00e1 uns anos \u00e0 espera que nos classifiquem. O processo desenvolveu se todo, correu tudo bem s\u00f3 faltava o final&#8221;, afirmou a respons\u00e1vel pela Livraria Lello, Aurora Pinto, \u00e0 margem da cerim\u00f3nia, quando questionada sobre o an\u00fancio de Lu\u00eds Montenegro.<br \/><img decoding=\"async\" class=\"ngx-body\" guid=\"16f151a6-83b2-480e-bb37-bcfc63cd7548\" src=\"https:\/\/www.europesays.com\/pt\/wp-content\/uploads\/2026\/01\/1768320973_331_image.webp.webp\" width=\"100%\"\/><br \/><img decoding=\"async\" class=\"ngx-body\" guid=\"e30e88bc-7d7e-423c-8f55-2146a07234e5\" src=\"https:\/\/www.europesays.com\/pt\/wp-content\/uploads\/2026\/01\/1768320975_434_image.webp.webp\" width=\"100%\"\/><\/p>\n<p><img decoding=\"async\" class=\"ngx-body\" guid=\"1dde1f1c-f4cb-49a8-8798-ad94c83c73a9\" src=\"https:\/\/www.europesays.com\/pt\/wp-content\/uploads\/2026\/01\/1768320975_765_image.webp.webp\" width=\"100%\"\/><\/p>\n<p><img decoding=\"async\" class=\"ngx-body\" guid=\"0ac18841-d0dc-4b6a-bfbc-4d0062f5b5ff\" src=\"https:\/\/www.europesays.com\/pt\/wp-content\/uploads\/2026\/01\/1768320975_618_image.webp.webp\" width=\"100%\"\/><br \/>Fotos: Igor Martins<\/p>\n","protected":false},"excerpt":{"rendered":"&#8220;Neste dia 13 de janeiro de 2026, o dia em que se marcam os 120 anos da Livraria&hellip;\n","protected":false},"author":2,"featured_media":226808,"comment_status":"","ping_status":"","sticky":false,"template":"","format":"standard","meta":{"footnotes":""},"categories":[8],"tags":[27,28,20018,15,16,14,25,26,39752,1447,21,22,12,13,19,20,32,23,24,33,17,18,29,30,31],"class_list":{"0":"post-226807","1":"post","2":"type-post","3":"status-publish","4":"format-standard","5":"has-post-thumbnail","7":"category-principais-noticias","8":"tag-breaking-news","9":"tag-breakingnews","10":"tag-concelho-porto","11":"tag-featured-news","12":"tag-featurednews","13":"tag-headlines","14":"tag-latest-news","15":"tag-latestnews","16":"tag-livraria-lello","17":"tag-luis-montenegro","18":"tag-main-news","19":"tag-mainnews","20":"tag-news","21":"tag-noticias","22":"tag-noticias-principais","23":"tag-noticiasprincipais","24":"tag-portugal","25":"tag-principais-noticias","26":"tag-principaisnoticias","27":"tag-pt","28":"tag-top-stories","29":"tag-topstories","30":"tag-ultimas","31":"tag-ultimas-noticias","32":"tag-ultimasnoticias"},"share_on_mastodon":{"url":"https:\/\/pubeurope.com\/@pt\/115888690744526616","error":""},"_links":{"self":[{"href":"https:\/\/www.europesays.com\/pt\/wp-json\/wp\/v2\/posts\/226807","targetHints":{"allow":["GET"]}}],"collection":[{"href":"https:\/\/www.europesays.com\/pt\/wp-json\/wp\/v2\/posts"}],"about":[{"href":"https:\/\/www.europesays.com\/pt\/wp-json\/wp\/v2\/types\/post"}],"author":[{"embeddable":true,"href":"https:\/\/www.europesays.com\/pt\/wp-json\/wp\/v2\/users\/2"}],"replies":[{"embeddable":true,"href":"https:\/\/www.europesays.com\/pt\/wp-json\/wp\/v2\/comments?post=226807"}],"version-history":[{"count":0,"href":"https:\/\/www.europesays.com\/pt\/wp-json\/wp\/v2\/posts\/226807\/revisions"}],"wp:featuredmedia":[{"embeddable":true,"href":"https:\/\/www.europesays.com\/pt\/wp-json\/wp\/v2\/media\/226808"}],"wp:attachment":[{"href":"https:\/\/www.europesays.com\/pt\/wp-json\/wp\/v2\/media?parent=226807"}],"wp:term":[{"taxonomy":"category","embeddable":true,"href":"https:\/\/www.europesays.com\/pt\/wp-json\/wp\/v2\/categories?post=226807"},{"taxonomy":"post_tag","embeddable":true,"href":"https:\/\/www.europesays.com\/pt\/wp-json\/wp\/v2\/tags?post=226807"}],"curies":[{"name":"wp","href":"https:\/\/api.w.org\/{rel}","templated":true}]}}