{"id":226817,"date":"2026-01-13T16:23:10","date_gmt":"2026-01-13T16:23:10","guid":{"rendered":"https:\/\/www.europesays.com\/pt\/226817\/"},"modified":"2026-01-13T16:23:10","modified_gmt":"2026-01-13T16:23:10","slug":"provavelmente-estao-a-falar-com-ele-neste-momento","status":"publish","type":"post","link":"https:\/\/www.europesays.com\/pt\/226817\/","title":{"rendered":"\u00abProvavelmente est\u00e3o a falar com ele neste momento\u00bb"},"content":{"rendered":"<p>&#8211; Advertisement &#8211;<\/p>\n<p><strong>Ruben Amorim encontra-se livre no mercado. Sol Campbell admitiu que o portugu\u00eas pode assinar pelo Tottenham, sucedendo a Thomas Frank.<\/strong><\/p>\n<p>Sol Campbell abordou a possibilidade de Ruben Amorim ser o pr\u00f3ximo treinador do Tottenham. O antigo defesa central assumiu que a probabilidade do portugu\u00eas rumar a Londres \u00e9 elevada:<\/p>\n<p>\u00abEles estar\u00e3o a olhar para R\u00faben Amorim. Provavelmente est\u00e3o a falar com ele neste momento, isso n\u00e3o me surpreenderia. N\u00e3o acho que ele voltar\u00e1 para Portugal. O Tottenham falar\u00e1 com ele para ver se h\u00e1 alguma situa\u00e7\u00e3o em curso. Haver\u00e1 pessoas a falar atr\u00e1s da \u2018cortina\u2019. Thomas Frank \u00e9 um treinador de topo, mas j\u00e1 n\u00e3o est\u00e1 no Brentford. Este \u00e9 um \u2018animal\u2019 diferente, o Tottenham \u00e9 um clube grande e as pessoas s\u00e3o exigentes, querem sucesso e continuar a seguir num caminho bem-sucedido. Por isso, n\u00e3o ficaria surpreendido se estivessem a falar com outros treinadores. Obviamente que, se ele come\u00e7ar a dar a volta e a vencer jogos com boas exibi\u00e7\u00f5es, isso ajuda. \u00c0s vezes n\u00e3o precisas de ganhar, se tiveres boas exibi\u00e7\u00f5es e mostrares que est\u00e1s a seguir na dire\u00e7\u00e3o certa. Isso ajuda, mas eles estar\u00e3o a falar com outros treinadores. Faz parte, at\u00e9 que mostres quem \u00e9s e comeces a ganhar de forma regular\u00bb.<\/p>\n<p>O Tottenham \u00e9 orientado por Thomas Frank desde o come\u00e7o da \u00e9poca. A equipa ocupa a 14.\u00aa posi\u00e7\u00e3o da Premier League, com 27 pontos somados em 21 jogos. Ruben Amorim<a href=\"https:\/\/bolanarede.pt\/especial-bola-na-rede\/atualidade\/mais-detalhes-sobre-a-saida-de-ruben-amorim-o-resultado-que-mudou-a-postura-do-tecnico\/\" target=\"_blank\" rel=\"noreferrer noopener nofollow\"> deixou recentemente o Manchester United<\/a>.<\/p>\n","protected":false},"excerpt":{"rendered":"&#8211; Advertisement &#8211; Ruben Amorim encontra-se livre no mercado. Sol Campbell admitiu que o portugu\u00eas pode assinar pelo&hellip;\n","protected":false},"author":2,"featured_media":162197,"comment_status":"","ping_status":"","sticky":false,"template":"","format":"standard","meta":{"footnotes":""},"categories":[87],"tags":[260,135,478,32,666,33,1052,134,3975],"class_list":{"0":"post-226817","1":"post","2":"type-post","3":"status-publish","4":"format-standard","5":"has-post-thumbnail","7":"category-desporto","8":"tag-atualidade","9":"tag-desporto","10":"tag-destaques-bnr","11":"tag-portugal","12":"tag-premier-league","13":"tag-pt","14":"tag-ruben-amorim","15":"tag-sports","16":"tag-tottenham"},"share_on_mastodon":{"url":"https:\/\/pubeurope.com\/@pt\/115888718174151836","error":""},"_links":{"self":[{"href":"https:\/\/www.europesays.com\/pt\/wp-json\/wp\/v2\/posts\/226817","targetHints":{"allow":["GET"]}}],"collection":[{"href":"https:\/\/www.europesays.com\/pt\/wp-json\/wp\/v2\/posts"}],"about":[{"href":"https:\/\/www.europesays.com\/pt\/wp-json\/wp\/v2\/types\/post"}],"author":[{"embeddable":true,"href":"https:\/\/www.europesays.com\/pt\/wp-json\/wp\/v2\/users\/2"}],"replies":[{"embeddable":true,"href":"https:\/\/www.europesays.com\/pt\/wp-json\/wp\/v2\/comments?post=226817"}],"version-history":[{"count":0,"href":"https:\/\/www.europesays.com\/pt\/wp-json\/wp\/v2\/posts\/226817\/revisions"}],"wp:featuredmedia":[{"embeddable":true,"href":"https:\/\/www.europesays.com\/pt\/wp-json\/wp\/v2\/media\/162197"}],"wp:attachment":[{"href":"https:\/\/www.europesays.com\/pt\/wp-json\/wp\/v2\/media?parent=226817"}],"wp:term":[{"taxonomy":"category","embeddable":true,"href":"https:\/\/www.europesays.com\/pt\/wp-json\/wp\/v2\/categories?post=226817"},{"taxonomy":"post_tag","embeddable":true,"href":"https:\/\/www.europesays.com\/pt\/wp-json\/wp\/v2\/tags?post=226817"}],"curies":[{"name":"wp","href":"https:\/\/api.w.org\/{rel}","templated":true}]}}