{"id":226821,"date":"2026-01-13T16:31:13","date_gmt":"2026-01-13T16:31:13","guid":{"rendered":"https:\/\/www.europesays.com\/pt\/226821\/"},"modified":"2026-01-13T16:31:13","modified_gmt":"2026-01-13T16:31:13","slug":"george-clooney-chama-de-cruel-declaracao-de-tarantino-sobre-paul-dano","status":"publish","type":"post","link":"https:\/\/www.europesays.com\/pt\/226821\/","title":{"rendered":"George Clooney chama de cruel declara\u00e7\u00e3o de Tarantino sobre Paul Dano"},"content":{"rendered":"<p>George Clooney chama de cruel declara\u00e7\u00e3o de Tarantino sobre Paul Dano<\/p>\n<p>\n      Astro de Jay Kelly enaltece colega e diz que seria uma honra trabalhar com ele\n    <\/p>\n<p>      <img decoding=\"async\" class=\"reading-time__icon\" src=\"https:\/\/cdn.ome.lt\/static\/omelete25\/img\/clock-icon.svg\" alt=\"Omelete\"\/><\/p>\n<p>\n        2 min de leitura\n      <\/p>\n<p>            <img loading=\"lazy\" decoding=\"async\" class=\"action-buttons__icon\" src=\"https:\/\/cdn.ome.lt\/static\/omelete25\/img\/share-icon.svg\" alt=\"\u00cdcone compartilhamento\" width=\"24\" height=\"24\"\/><\/p>\n<p>        Compartilhar<\/p>\n<p>  <img decoding=\"async\" src=\"https:\/\/cdn.ome.lt\/static\/omelete\/img\/loading.svg\" alt=\"\"\/><\/p>\n<p>  <img decoding=\"async\" class=\"article__cover__image\" data-lazy-src-mob=\"\/\/cdn.ome.lt\/bcB-zGlz6cR3fUAbC8_QamPZl6k=\/570x0\/smart\/filters:format(webp)\/uploads\/conteudo\/fotos\/OMELETE_CAPA_-_2026-01-13T104829.934.webp\" data-lazy-src=\"https:\/\/cdn.ome.lt\/UHVCOx_j-wljCKtrL9K2Oyc3kzE=\/987x0\/smart\/filters:format(webp)\/uploads\/conteudo\/fotos\/OMELETE_CAPA_-_2026-01-13T104829.934.webp\" src=\"data:image\/png;base64,iVBORw0KGgoAAAANSUhEUgAAAAEAAAABCAQAAAC1HAwCAAAAC0lEQVR42mNkYAAAAAYAAjCB0C8AAAAASUVORK5CYII=\" alt=\"George Clooney chama de &quot;cruel&quot; declara\u00e7\u00e3o de Tarantino sobre Paul Dano e atores\" title=\"None\" width=\"987\" height=\"555\" fetchpriority=\"high\"\/><\/p>\n<p>Ap\u00f3s\u00a0<a href=\"https:\/\/www.omelete.com.br\/filmes\/daniel-day-lewis-paul-dano-quentin-tarantino\" rel=\"nofollow noopener\" target=\"_blank\"><strong>Daniel Day-Lewis<\/strong><\/a>, o astro\u00a0<strong>George Clooney\u00a0<\/strong>foi mais um a se manifestar contra as declara\u00e7\u00f5es de\u00a0<strong>Quentin Tarantino\u00a0<\/strong>sobre\u00a0<strong>Paul Dano<\/strong>.\u00a0<\/p>\n<p>    \u201cAli\u00e1s, Paul Dano, Owen Wilson e Matthew Lillard, seria uma honra trabalhar com esses atores. Uma honra mesmo\u201d, disse Clooney ao receber o pr\u00eamio de melhor ator por <strong>Jay Kelly<\/strong> na cerim\u00f4nia de premia\u00e7\u00e3o <strong>Movies for Grownups <\/strong>da AARP, no s\u00e1bado (via <a href=\"https:\/\/variety.com\/2026\/film\/news\/george-clooney-quentin-tarantino-paul-dano-1236628246\/\" rel=\"nofollow noopener\" target=\"_blank\">Variety<\/a>). Ele descreveu Jay Kelly como um filme \u201cfeito por pessoas que amam atores \u2014 essa \u00e9 uma parte importante. Pessoas que conhe\u00e7o h\u00e1 quase toda a minha vida\u2026 na verdade, a maioria delas s\u00e3o atores. Tenho muita afinidade [por eles] e n\u00e3o gosto de ver pessoas sendo cru\u00e9is\u201d.\u00a0A obra da\u00a0<strong>Netflix<\/strong>, vale lembrar, acompanha a rotina de um astro de Hollywood em decad\u00eancia.<\/p>\n<p>            Continua depois da Publicidade<\/p>\n<p>A pol\u00eamica teve in\u00edcio quando Tarantino selecionou\u00a0<strong>Sangue Negro\u00a0<\/strong>(2007), de\u00a0<strong>Paul Thomas Anderson<\/strong>, como um de seus filmes favoritos do s\u00e9culo 21 &#8211; mas acrescentou que a atua\u00e7\u00e3o de Dano compromete um pouco a qualidade do longa.<\/p>\n<p>&#8220;Sangue Negro\u00a0tem uma falha enorme &#8211; e a falha \u00e9 Paul Dano. Ele \u00e9 fraco, cara!\u00a0<strong>Austin Butler<\/strong>\u00a0teria sido maravilhoso nesse papel&#8221;, palpitou o diretor de\u00a0<strong>Kill Bill<\/strong>, em depoimento ao\u00a0podcaster\u00a0<strong>Bret Easton Ellis<\/strong>.<\/p>\n<p>J\u00e1 sobre Jay Kelly,\u00a0o filme ainda conta com\u00a0<strong>Laura Dern\u00a0<\/strong>e\u00a0<strong>Adam Sandler<\/strong>. A obra dirigida por\u00a0<strong>Noah Baumbach\u00a0<\/strong>est\u00e1 dispon\u00edvel no cat\u00e1logo da Netflix.<\/p>\n<p>          Omelete Recomenda<\/p>\n<p class=\"lgpd__text\">\n      Ao continuar navegando, declaro que estou ciente e concordo com a nossa<br \/>\n      <a class=\"lgpd__link\" href=\"https:\/\/www.omeletecompany.com\/politica-privacidade\" target=\"_blank\" rel=\"nofollow noopener\">Pol\u00edtica de Privacidade<\/a><br \/>\n      bem como manifesto o consentimento quanto ao fornecimento e tratamento dos dados e cookies para as finalidades ali<br \/>\n      constantes.\n    <\/p>\n<p>    Aceitar<\/p>\n","protected":false},"excerpt":{"rendered":"George Clooney chama de cruel declara\u00e7\u00e3o de Tarantino sobre Paul Dano Astro de Jay Kelly enaltece colega e&hellip;\n","protected":false},"author":2,"featured_media":226822,"comment_status":"","ping_status":"","sticky":false,"template":"","format":"standard","meta":{"footnotes":""},"categories":[145],"tags":[211,210,114,115,32,33],"class_list":{"0":"post-226821","1":"post","2":"type-post","3":"status-publish","4":"format-standard","5":"has-post-thumbnail","7":"category-celebridades","8":"tag-celebridades","9":"tag-celebrities","10":"tag-entertainment","11":"tag-entretenimento","12":"tag-portugal","13":"tag-pt"},"share_on_mastodon":{"url":"https:\/\/pubeurope.com\/@pt\/115888749513271345","error":""},"_links":{"self":[{"href":"https:\/\/www.europesays.com\/pt\/wp-json\/wp\/v2\/posts\/226821","targetHints":{"allow":["GET"]}}],"collection":[{"href":"https:\/\/www.europesays.com\/pt\/wp-json\/wp\/v2\/posts"}],"about":[{"href":"https:\/\/www.europesays.com\/pt\/wp-json\/wp\/v2\/types\/post"}],"author":[{"embeddable":true,"href":"https:\/\/www.europesays.com\/pt\/wp-json\/wp\/v2\/users\/2"}],"replies":[{"embeddable":true,"href":"https:\/\/www.europesays.com\/pt\/wp-json\/wp\/v2\/comments?post=226821"}],"version-history":[{"count":0,"href":"https:\/\/www.europesays.com\/pt\/wp-json\/wp\/v2\/posts\/226821\/revisions"}],"wp:featuredmedia":[{"embeddable":true,"href":"https:\/\/www.europesays.com\/pt\/wp-json\/wp\/v2\/media\/226822"}],"wp:attachment":[{"href":"https:\/\/www.europesays.com\/pt\/wp-json\/wp\/v2\/media?parent=226821"}],"wp:term":[{"taxonomy":"category","embeddable":true,"href":"https:\/\/www.europesays.com\/pt\/wp-json\/wp\/v2\/categories?post=226821"},{"taxonomy":"post_tag","embeddable":true,"href":"https:\/\/www.europesays.com\/pt\/wp-json\/wp\/v2\/tags?post=226821"}],"curies":[{"name":"wp","href":"https:\/\/api.w.org\/{rel}","templated":true}]}}