{"id":226824,"date":"2026-01-13T16:35:35","date_gmt":"2026-01-13T16:35:35","guid":{"rendered":"https:\/\/www.europesays.com\/pt\/226824\/"},"modified":"2026-01-13T16:35:35","modified_gmt":"2026-01-13T16:35:35","slug":"bts-anuncia-shows-no-brasil-em-outubro-de-2026-saiba-detalhes","status":"publish","type":"post","link":"https:\/\/www.europesays.com\/pt\/226824\/","title":{"rendered":"BTS anuncia shows no Brasil em outubro de 2026; saiba detalhes"},"content":{"rendered":"\n<p class=\" content-text__container theme-color-primary-first-letter\" data-track-category=\"Link no Texto\" data-track-links=\"\"> <a class=\"\" href=\"https:\/\/oglobo.globo.com\/cultura\/musica\/noticia\/2026\/01\/01\/bts-no-brasil-grupo-de-k-pop-anuncia-retorno-aos-palcos-com-album-inedito-e-turne-mundial-veja-detalhes.ghtml\" rel=\"nofollow noopener\" target=\"_blank\">Depois de um hiato<\/a>, o BTS voltou acelerado. Nesta ter\u00e7a-feira, uma das maiores bandas de k-pop do mundo anunciou uma superturn\u00ea mundial, com 79 shows em 34 pa\u00edses \u2014 e o Brasil est\u00e1 na lista. A banda sul-coreana se apresenta em S\u00e3o Paulo nos dias 28, 30 e 31 de outubro. O local ou pre\u00e7os de ingresso ainda n\u00e3o foram divulgados. <\/p>\n<ul class=\"content-unordered-list\">\n<li><strong>Veja v\u00eddeo: <\/strong><a class=\"\" href=\"https:\/\/oglobo.globo.com\/cultura\/filmes\/noticia\/2026\/01\/12\/wagner-moura-recebe-abraco-de-adam-sandler-e-beijo-de-julia-roberts-a-caminho-do-palco-do-globo-de-ouro-veja-video.ghtml\" rel=\"nofollow noopener\" target=\"_blank\">Wagner Moura recebe abra\u00e7o de Adam Sandler e beijo de Julia Roberts a caminho do palco do Globo de Ouro<\/a><\/li>\n<li><strong>Qual o segredo do BTS?<\/strong> <a class=\"\" href=\"https:\/\/oglobo.globo.com\/cultura\/musica\/noticia\/2023\/08\/25\/qual-o-segredo-do-bts-pesquisadores-e-autor-da-biografia-da-banda-falam-sobre-os-10-anos-de-sucesso.ghtml\" rel=\"nofollow noopener\" target=\"_blank\">Pesquisadores e autor da biografia da banda falam sobre o sucesso<\/a><\/li>\n<\/ul>\n<p class=\" content-text__container \" data-track-category=\"Link no Texto\" data-track-links=\"\"> Al\u00e9m do Brasil, na Am\u00e9rica Latina, os cantores RM, Jin, J-Hope, SUGA, Jimin, V e Jung Kook passam por Bogot\u00e1, na Col\u00f4mbia; Lima, no Peru; Santiago, no Chile; e Buenos Aires, na Argentina. <\/p>\n<p class=\" content-text__container \" data-track-category=\"Link no Texto\" data-track-links=\"\"> A turn\u00ea come\u00e7a na cidade natal dos rapazes, Goyang, no dia 9 de abril, com mais duas apresenta\u00e7\u00f5es nos dias 11 e 12. Depois eles seguem para T\u00f3quio, no Jap\u00e3o, antes dos Estados Unidos. <\/p>\n<p class=\" content-text__container \" data-track-category=\"Link no Texto\" data-track-links=\"\"> A passagem mais recente do BTS pelo Brasil foi em maio de 2019 com a turn\u00ea \u201cLove yourself: Speak yourself\u201d. Foram feitos dois shows no Allianz Parque, em S\u00e3o Paulo. <\/p>\n<p class=\" content-text__container \" data-track-category=\"Link no Texto\" data-track-links=\"\"> Ap\u00f3s quase quatro anos sem lan\u00e7ar um \u00e1lbum, a banda sul-coreana BTS \u2014 um dos maiores fen\u00f4menos mundiais do k-pop \u2014 anunciou que retornar\u00e1 \u00e0 cena art\u00edstica, a partir de 20 de mar\u00e7o de 2026, com um trabalho in\u00e9dito. A novidade encerra um dos hiatos mais longos da hist\u00f3ria do grupo e mobiliza f\u00e3s ao redor do mundo, que aguardavam a reuni\u00e3o completa dos sete integrantes. <\/p>\n<p class=\" content-text__container \" data-track-category=\"Link no Texto\" data-track-links=\"\"> O trabalho, ainda nem t\u00edtulo divulgado, marcar\u00e1 o retorno do BTS desde o antol\u00f3gico disco &#8220;Proof&#8221;, lan\u00e7ado em junho de 2022. Na sequ\u00eancia daquele \u00e1lbum, o grupo entrou numa longa suspens\u00e3o da produ\u00e7\u00e3o musical. Nesse per\u00edodo, os integrantes se dedicaram ao cumprimento do servi\u00e7o militar obrigat\u00f3rio na Coreia do Sul e tamb\u00e9m desenvolveram projetos solo. <\/p>\n<p class=\" content-text__container \" data-track-category=\"Link no Texto\" data-track-links=\"\"> A informa\u00e7\u00e3o foi publicada por jornais do pa\u00eds natal do grupo e confirmada oficialmente pela gravadora sul-coreana BigHit, que se manifestou por meio de uma postagem em sua conta em coreano na plataforma X. <\/p>\n<p class=\" content-text__container \" data-track-category=\"Link no Texto\" data-track-links=\"\"> Antes mesmo do an\u00fancio oficial, os pr\u00f3prios integrantes do BTS j\u00e1 haviam avisado os f\u00e3s sobre a data de lan\u00e7amento. Alguns membros do ARMY, como \u00e9 conhecido o f\u00e3-clube mundial da banda, receberam cartas em casa, escritas \u00e0 m\u00e3o, que traziam como destaque a data de 20 de mar\u00e7o de 2026 \u2014 sim, ser\u00e1 nesse dia que o disco in\u00e9dito estar\u00e1 dispon\u00edvel nas plataformas de \u00e1udio. <\/p>\n","protected":false},"excerpt":{"rendered":"Depois de um hiato, o BTS voltou acelerado. Nesta ter\u00e7a-feira, uma das maiores bandas de k-pop do mundo&hellip;\n","protected":false},"author":2,"featured_media":226825,"comment_status":"","ping_status":"","sticky":false,"template":"","format":"standard","meta":{"footnotes":""},"categories":[141],"tags":[114,115,149,150,32,33],"class_list":{"0":"post-226824","1":"post","2":"type-post","3":"status-publish","4":"format-standard","5":"has-post-thumbnail","7":"category-musica","8":"tag-entertainment","9":"tag-entretenimento","10":"tag-music","11":"tag-musica","12":"tag-portugal","13":"tag-pt"},"share_on_mastodon":{"url":"https:\/\/pubeurope.com\/@pt\/115888765784019894","error":""},"_links":{"self":[{"href":"https:\/\/www.europesays.com\/pt\/wp-json\/wp\/v2\/posts\/226824","targetHints":{"allow":["GET"]}}],"collection":[{"href":"https:\/\/www.europesays.com\/pt\/wp-json\/wp\/v2\/posts"}],"about":[{"href":"https:\/\/www.europesays.com\/pt\/wp-json\/wp\/v2\/types\/post"}],"author":[{"embeddable":true,"href":"https:\/\/www.europesays.com\/pt\/wp-json\/wp\/v2\/users\/2"}],"replies":[{"embeddable":true,"href":"https:\/\/www.europesays.com\/pt\/wp-json\/wp\/v2\/comments?post=226824"}],"version-history":[{"count":0,"href":"https:\/\/www.europesays.com\/pt\/wp-json\/wp\/v2\/posts\/226824\/revisions"}],"wp:featuredmedia":[{"embeddable":true,"href":"https:\/\/www.europesays.com\/pt\/wp-json\/wp\/v2\/media\/226825"}],"wp:attachment":[{"href":"https:\/\/www.europesays.com\/pt\/wp-json\/wp\/v2\/media?parent=226824"}],"wp:term":[{"taxonomy":"category","embeddable":true,"href":"https:\/\/www.europesays.com\/pt\/wp-json\/wp\/v2\/categories?post=226824"},{"taxonomy":"post_tag","embeddable":true,"href":"https:\/\/www.europesays.com\/pt\/wp-json\/wp\/v2\/tags?post=226824"}],"curies":[{"name":"wp","href":"https:\/\/api.w.org\/{rel}","templated":true}]}}