{"id":226826,"date":"2026-01-13T16:36:07","date_gmt":"2026-01-13T16:36:07","guid":{"rendered":"https:\/\/www.europesays.com\/pt\/226826\/"},"modified":"2026-01-13T16:36:07","modified_gmt":"2026-01-13T16:36:07","slug":"dois-anos-depois-nia-dacosta-reage-ao-fracasso-de-as-marvels-foi-muito-bom","status":"publish","type":"post","link":"https:\/\/www.europesays.com\/pt\/226826\/","title":{"rendered":"Dois anos depois, Nia DaCosta reage ao fracasso de As Marvels: &#8220;Foi muito bom&#8221;"},"content":{"rendered":"<p class=\"wp-block-yoast-seo-estimated-reading-time yoast-reading-time__wrapper\">Estimated reading time: 2 minutos<\/p>\n<p>Dois anos depois de <a href=\"https:\/\/ovicio.com.br\/filme\/as-marvels\" target=\"_blank\" rel=\"noreferrer noopener nofollow\">As Marvels (2023)<\/a> deixar um gosto amargo na Fase 5 do MCU, a diretora <a href=\"https:\/\/ovicio.com.br\/tag\/nia-dacosta\" target=\"_blank\" rel=\"noreferrer noopener nofollow\">Nia DaCosta<\/a> reage ao fracasso da continua\u00e7\u00e3o e revela como est\u00e1 sua rela\u00e7\u00e3o com o est\u00fadio hoje em dia.<\/p>\n<p>Em entrevista ao Deadline, a diretora de <a href=\"https:\/\/ovicio.com.br\/tag\/exterminio-o-templo-dos-ossos\" target=\"_blank\" rel=\"noreferrer noopener nofollow\">Exterm\u00ednio: O Templo dos Ossos (2026)<\/a> foi questionava sobre como avaliaria sua experi\u00eancia na <a href=\"https:\/\/ovicio.com.br\/tag\/marvel-studios\" target=\"_blank\" rel=\"noreferrer noopener nofollow\">Marvel Studios<\/a>, afirmando estar <strong>&#8220;muito feliz&#8221;<\/strong>, apesar das cr\u00edticas.<\/p>\n<p><strong>&#8220;\u00c9 interessante em como h\u00e1 tanta especula\u00e7\u00e3o envolvendo a Marvel. Olhando para tr\u00e1s, todos se esfor\u00e7aram ao m\u00e1ximo. Todos estavam tentando fazer um \u00f3timo filme&#8230; e devo dizer que estou muito feliz por ter criado esses relacionamentos. Visitei recentemente o set de Vingadores [Doutor Destino], e foi muito divertido reencontrar os produtores, ver os Irm\u00e3os Russo e alguns amigos que est\u00e3o no filme. Ent\u00e3o, no geral, foi muito bom, apesar de como tudo correu com a bilheteria e as cr\u00edticas. Criar essas rela\u00e7\u00f5es foi a parte positiva. Mas, todos se esfor\u00e7aram muito e estavam tentando fazer a coisa certa. \u00c9 o que \u00e9.&#8221;<\/strong><\/p>\n<p>Lan\u00e7ado nos cinemas ao final de 2023, a continua\u00e7\u00e3o de <a href=\"https:\/\/ovicio.com.br\/filme\/capita-marvel\" target=\"_blank\" rel=\"noreferrer noopener nofollow\">Capit\u00e3 Marvel (2019)<\/a> arrecadou apenas <strong>US$ 206,1 milh\u00f5es <\/strong>em sua bilheteria global, contra um or\u00e7amento estimado em <strong>US$ 270 milh\u00f5es<\/strong>.<\/p>\n<p>O filme est\u00e1 dispon\u00edvel no cat\u00e1logo do <a href=\"https:\/\/ovicio.com.br\/tag\/disneyplus\" target=\"_blank\" rel=\"noreferrer noopener nofollow\">Disney+<\/a>, enquanto espera-se o retorno da hero\u00edna de <a href=\"https:\/\/ovicio.com.br\/tag\/brie-larson\" target=\"_blank\" rel=\"noreferrer noopener nofollow\">Brie Larson<\/a> em <strong>Vingadores: Doutor Destino<\/strong>, que chegar\u00e1 aos cinemas em dezembro deste ano.<\/p>\n<p>Leia mais sobre As Marvels e Nia DaCosta:<\/p>\n<p><strong>Fonte:<\/strong> <a href=\"https:\/\/screenrant.com\/the-marvels-box-office-reviews-nia-dacosta-response\/\" target=\"_blank\" rel=\"noreferrer noopener nofollow\">Screen Rant.<\/a><\/p>\n","protected":false},"excerpt":{"rendered":"Estimated reading time: 2 minutos Dois anos depois de As Marvels (2023) deixar um gosto amargo na Fase&hellip;\n","protected":false},"author":2,"featured_media":226827,"comment_status":"","ping_status":"","sticky":false,"template":"","format":"standard","meta":{"footnotes":""},"categories":[140],"tags":[43638,32381,1579,114,115,147,148,12733,146,43639,32,33],"class_list":{"0":"post-226826","1":"post","2":"type-post","3":"status-publish","4":"format-standard","5":"has-post-thumbnail","7":"category-filmes","8":"tag-as-marvels","9":"tag-capita-marvel","10":"tag-disney","11":"tag-entertainment","12":"tag-entretenimento","13":"tag-film","14":"tag-filmes","15":"tag-marvel-studios","16":"tag-movies","17":"tag-nia-dacosta","18":"tag-portugal","19":"tag-pt"},"share_on_mastodon":{"url":"https:\/\/pubeurope.com\/@pt\/115888769220756511","error":""},"_links":{"self":[{"href":"https:\/\/www.europesays.com\/pt\/wp-json\/wp\/v2\/posts\/226826","targetHints":{"allow":["GET"]}}],"collection":[{"href":"https:\/\/www.europesays.com\/pt\/wp-json\/wp\/v2\/posts"}],"about":[{"href":"https:\/\/www.europesays.com\/pt\/wp-json\/wp\/v2\/types\/post"}],"author":[{"embeddable":true,"href":"https:\/\/www.europesays.com\/pt\/wp-json\/wp\/v2\/users\/2"}],"replies":[{"embeddable":true,"href":"https:\/\/www.europesays.com\/pt\/wp-json\/wp\/v2\/comments?post=226826"}],"version-history":[{"count":0,"href":"https:\/\/www.europesays.com\/pt\/wp-json\/wp\/v2\/posts\/226826\/revisions"}],"wp:featuredmedia":[{"embeddable":true,"href":"https:\/\/www.europesays.com\/pt\/wp-json\/wp\/v2\/media\/226827"}],"wp:attachment":[{"href":"https:\/\/www.europesays.com\/pt\/wp-json\/wp\/v2\/media?parent=226826"}],"wp:term":[{"taxonomy":"category","embeddable":true,"href":"https:\/\/www.europesays.com\/pt\/wp-json\/wp\/v2\/categories?post=226826"},{"taxonomy":"post_tag","embeddable":true,"href":"https:\/\/www.europesays.com\/pt\/wp-json\/wp\/v2\/tags?post=226826"}],"curies":[{"name":"wp","href":"https:\/\/api.w.org\/{rel}","templated":true}]}}