{"id":226849,"date":"2026-01-13T16:52:08","date_gmt":"2026-01-13T16:52:08","guid":{"rendered":"https:\/\/www.europesays.com\/pt\/226849\/"},"modified":"2026-01-13T16:52:08","modified_gmt":"2026-01-13T16:52:08","slug":"2a-operacao-casa-limpa-sera-no-jardim-da-granja-e-regiao","status":"publish","type":"post","link":"https:\/\/www.europesays.com\/pt\/226849\/","title":{"rendered":"2\u00aa Opera\u00e7\u00e3o Casa Limpa ser\u00e1 no Jardim da Granja e regi\u00e3o"},"content":{"rendered":"<p>&#13;<br \/>\n                        <b>Claudio Ferreira Ribeiro<\/b><br \/>&#13;<br \/>\n                Sa\u00fade&#13;\n            <\/p>\n<p dir=\"ltr\">Colaborou o estagi\u00e1rio V\u00edtor Burgatti<\/p>\n<p dir=\"ltr\">No pr\u00f3ximo s\u00e1bado (17), a Prefeitura de S\u00e3o Jos\u00e9 dos Campos realiza a 2\u00aa edi\u00e7\u00e3o do Opera\u00e7\u00e3o Casa Limpa, que ser\u00e1 na regi\u00e3o sudeste.<\/p>\n<p dir=\"ltr\">Das 7h \u00e0s 12h, as equipes de combate \u00e0 dengue v\u00e3o passar para retirar objetos inserv\u00edveis nos bairros Vila S\u00e3o benedito, Residencial Cambu\u00ed, Jardim Souto, Parque Santa Rita, Jardim da Granja, Ch\u00e1cara S\u00e3o Jos\u00e9, Jardim Uir\u00e1, Parque Martim Cerer\u00ea, Jardim Colorado, Residencial Bell Park, Residencial Flamboyant, Jardim Colorado e Residencial S\u00e3o Francisco.<\/p>\n<p dir=\"ltr\">Os moradores devem deixar os materiais em frente de casa para que sejam recolhidos pelos caminh\u00f5es que v\u00e3o circular nas ruas. Podem ser disponibilizados potes, latas, pneus, garrafas, lonas, lou\u00e7as sanit\u00e1rias, baldes, tambores, piscinas desmont\u00e1veis, entre outros itens que acumulem \u00e1gua e possam servir de criadouros do mosquito Aedes aegypti.<\/p>\n<p dir=\"ltr\">N\u00e3o ser\u00e3o coletados restos de constru\u00e7\u00e3o, m\u00f3veis e madeiras. Esses produtos devem ser descartados nos pontos de entrega volunt\u00e1ria de res\u00edduos (PEV).<\/p>\n<p dir=\"ltr\">Na <a rel=\"noopener nofollow\" href=\"https:\/\/www.sjc.sp.gov.br\/noticias\/2026\/janeiro\/10\/operacao-casa-limpa-recolhe-680-quilos-de-materiais\/\" target=\"_blank\">primeira opera\u00e7\u00e3o deste ano<\/a>, realizada no \u00faltimo s\u00e1bado (10) na regi\u00e3o leste, foram recolhidos 680 quilos de material.<\/p>\n<p dir=\"ltr\">A a\u00e7\u00e3o atendeu a popula\u00e7\u00e3o dos seguintes locais: Vila Industrial, Residencial Vista Linda, Jardim Ol\u00edmpia, Jardim Maracan\u00e3, Jardim Bras\u00edlia, Vila Tesouro e Vila Ester.<\/p>\n<p dir=\"ltr\">Outras a\u00e7\u00f5es de combate \u00e0 dengue est\u00e3o sendo realizadas em todas as regi\u00f5es da cidade, entre elas a <a rel=\"noopener nofollow\" href=\"https:\/\/www.sjc.sp.gov.br\/noticias\/2026\/janeiro\/05\/equipes-antidengue-comecam-avaliacao-de-densidade-larvaria\/\" target=\"_blank\">avalia\u00e7\u00e3o de densidade larv\u00e1ria<\/a> do Aedes aegypti.<\/p>\n<p dir=\"ltr\">Mais informa\u00e7\u00f5es na<a rel=\"noopener nofollow\" href=\"https:\/\/www.sjc.sp.gov.br\/servicos\/saude\/campanha-contra-a-dengue\/programacao\/\" target=\"_blank\"> programa\u00e7\u00e3o antidengue<\/a>.<\/p>\n<p>&#13;<br \/>\n                    <strong>MAIS NOT\u00cdCIAS<\/strong><br \/>&#13;<br \/>\n                    <a href=\"https:\/\/www.sjc.sp.gov.br\/noticias\/?tema=13\" rel=\"nofollow noopener\" target=\"_blank\">Sa\u00fade<\/a>&#13;\n                <\/p>\n","protected":false},"excerpt":{"rendered":"&#13; Claudio Ferreira Ribeiro&#13; Sa\u00fade&#13; Colaborou o estagi\u00e1rio V\u00edtor Burgatti No pr\u00f3ximo s\u00e1bado (17), a Prefeitura de S\u00e3o&hellip;\n","protected":false},"author":2,"featured_media":226850,"comment_status":"","ping_status":"","sticky":false,"template":"","format":"standard","meta":{"footnotes":""},"categories":[86],"tags":[1300,116,3048,32,3046,33,3049,117,3047],"class_list":{"0":"post-226849","1":"post","2":"type-post","3":"status-publish","4":"format-standard","5":"has-post-thumbnail","7":"category-saude","8":"tag-cidade","9":"tag-health","10":"tag-online","11":"tag-portugal","12":"tag-prefeitura","13":"tag-pt","14":"tag-so-jos-dos-campos","15":"tag-saude","16":"tag-servios"},"share_on_mastodon":{"url":"https:\/\/pubeurope.com\/@pt\/115888832014352105","error":""},"_links":{"self":[{"href":"https:\/\/www.europesays.com\/pt\/wp-json\/wp\/v2\/posts\/226849","targetHints":{"allow":["GET"]}}],"collection":[{"href":"https:\/\/www.europesays.com\/pt\/wp-json\/wp\/v2\/posts"}],"about":[{"href":"https:\/\/www.europesays.com\/pt\/wp-json\/wp\/v2\/types\/post"}],"author":[{"embeddable":true,"href":"https:\/\/www.europesays.com\/pt\/wp-json\/wp\/v2\/users\/2"}],"replies":[{"embeddable":true,"href":"https:\/\/www.europesays.com\/pt\/wp-json\/wp\/v2\/comments?post=226849"}],"version-history":[{"count":0,"href":"https:\/\/www.europesays.com\/pt\/wp-json\/wp\/v2\/posts\/226849\/revisions"}],"wp:featuredmedia":[{"embeddable":true,"href":"https:\/\/www.europesays.com\/pt\/wp-json\/wp\/v2\/media\/226850"}],"wp:attachment":[{"href":"https:\/\/www.europesays.com\/pt\/wp-json\/wp\/v2\/media?parent=226849"}],"wp:term":[{"taxonomy":"category","embeddable":true,"href":"https:\/\/www.europesays.com\/pt\/wp-json\/wp\/v2\/categories?post=226849"},{"taxonomy":"post_tag","embeddable":true,"href":"https:\/\/www.europesays.com\/pt\/wp-json\/wp\/v2\/tags?post=226849"}],"curies":[{"name":"wp","href":"https:\/\/api.w.org\/{rel}","templated":true}]}}