{"id":226913,"date":"2026-01-13T17:44:09","date_gmt":"2026-01-13T17:44:09","guid":{"rendered":"https:\/\/www.europesays.com\/pt\/226913\/"},"modified":"2026-01-13T17:44:09","modified_gmt":"2026-01-13T17:44:09","slug":"luciano-huck-revela-bastidores-polemicos-com-angelica","status":"publish","type":"post","link":"https:\/\/www.europesays.com\/pt\/226913\/","title":{"rendered":"Luciano Huck revela bastidores pol\u00eamicos com Ang\u00e9lica"},"content":{"rendered":"<p>\n                        Apresentador relembra primeiro trabalho ao lado da esposa e surpreende com declara\u00e7\u00e3o\n                    <\/p>\n<ul class=\"article__header__author\">\n<li class=\"article__header__author__item\">\n                                                Por:<br \/>\n                                                                                    TMJ Brazil \/ The Music Journal\n                                                                        <\/li>\n<\/ul>\n<p><img loading=\"lazy\" decoding=\"async\" alt=\"Luciano Huck revela bastidores pol\u00eamicos com Ang\u00e9lica\" class=\"img-b0b797733f1319381381c491f2d5b9f99hbme8qs\" height=\"406\" src=\"https:\/\/www.europesays.com\/pt\/wp-content\/uploads\/2026\/01\/1673383963-luciano-huck-instagram.png\"  title=\"Luciano Huck revela bastidores pol\u00eamicos com Ang\u00e9lica\" width=\"774\"\/><\/p>\n<p>Luciano Huck revela bastidores pol\u00eamicos com Ang\u00e9lica<\/p>\n<p>Foto: The Music Journal<\/p>\n<p class=\"text\" style=\"text-align: justify;\">Durante o programa<strong> Doming\u00e3o com Huck<\/strong>, exibido pela Globo, <a href=\"https:\/\/www.terra.com.br\/tudo-sobre\/luciano-huck\" target=\"_self\" rel=\"nofollow noopener\">Luciano Huck<\/a> trouxe \u00e0 tona uma lembran\u00e7a curiosa sobre o in\u00edcio de sua trajet\u00f3ria profissional ao lado de <a href=\"https:\/\/www.terra.com.br\/tudo-sobre\/angelica\" target=\"_self\" rel=\"nofollow noopener\">Ang\u00e9lica<\/a>.<\/p>\n<p class=\"text\" style=\"text-align: justify;\">O apresentador recordou o primeiro trabalho que realizou com a atual esposa, o filme <strong>Um Show de Ver\u00e3o,<\/strong> lan\u00e7ado em 2004. Ao comentar sobre a produ\u00e7\u00e3o, <strong>Huck<\/strong> surpreendeu ao afirmar que considerava o projeto uma &#8220;merd*&#8221;, mas destacou que os bastidores foram marcantes e divertidos.<\/p>\n<p class=\"text\" style=\"text-align: justify;\">O assunto surgiu quando <strong>Huck<\/strong> conversava com os atores <strong>Gabz<\/strong> e <strong>Jaffar Bambirra<\/strong>, que participaram do quadro <strong>Sexol\u00e2ndia<\/strong>. O casal relatou que se conheceu em <strong>Angra dos Reis<\/strong>, durante grava\u00e7\u00f5es da novela <strong>Mania de Voc\u00ea,<\/strong> e que o primeiro beijo aconteceu no <strong>Dia dos Namorados<\/strong>. A partir dessa revela\u00e7\u00e3o, Huck fez uma compara\u00e7\u00e3o com sua pr\u00f3pria hist\u00f3ria de vida, lembrando que tamb\u00e9m conheceu Ang\u00e9lica em um set de filmagem.<\/p>\n<p class=\"text\" style=\"text-align: justify;\"><strong>Luciano Huck<\/strong> declarou: &#8220;\u00c9 que o meu (relacionamento) com a Ang\u00e9lica tamb\u00e9m come\u00e7ou no set. A gente fez um filme junto. O filme \u00e9 uma merd*, mas os bastidores foram maravilhosos (risos)&#8221;.<\/p>\n<p><strong>Luciano Huck: coment\u00e1rio gerou risadas entre os presentes e foi seguida por coment\u00e1rios de dona D\u00e9a<\/strong><\/p>\n<p class=\"text\" style=\"text-align: justify;\">A fala gerou risadas entre os presentes e foi seguida por coment\u00e1rios de dona <strong>D\u00e9a<\/strong>, que afirmou que todo bastidor \u00e9 melhor. Huck completou dizendo que os bastidores s\u00e3o impublic\u00e1veis, refor\u00e7ando o tom descontra\u00eddo da conversa.<\/p>\n<p class=\"text\" style=\"text-align: justify;\">A lembran\u00e7a trouxe \u00e0 tona o in\u00edcio do relacionamento entre <strong>Huck <\/strong>e<strong> Ang\u00e9lica,<\/strong> que come\u00e7ou justamente durante as grava\u00e7\u00f5es do longa.<\/p>\n<p class=\"text\" style=\"text-align: justify;\">O filme <strong>Um Show de Ver\u00e3o<\/strong>, lan\u00e7ado em 2004, marcou a primeira parceria entre os dois. Apesar da cr\u00edtica feita pelo apresentador sobre a qualidade da produ\u00e7\u00e3o, o projeto teve import\u00e2ncia simb\u00f3lica por ter sido o ponto de partida para a rela\u00e7\u00e3o que se consolidou ao longo dos anos.<\/p>\n<p class=\"text\" style=\"text-align: justify;\">O epis\u00f3dio repercutiu nas redes sociais, com f\u00e3s comentando sobre a sinceridade de Huck e a curiosidade em torno dos bastidores do filme.<\/p>\n<p class=\"text\" style=\"text-align: justify;\"><strong>*com uso de Intelig\u00eancia Artificial na pesquisa sobre o assunto<\/strong><\/p>\n","protected":false},"excerpt":{"rendered":"Apresentador relembra primeiro trabalho ao lado da esposa e surpreende com declara\u00e7\u00e3o Por: TMJ Brazil \/ The Music&hellip;\n","protected":false},"author":2,"featured_media":226914,"comment_status":"","ping_status":"","sticky":false,"template":"","format":"standard","meta":{"footnotes":""},"categories":[142],"tags":[114,115,32,33,151],"class_list":{"0":"post-226913","1":"post","2":"type-post","3":"status-publish","4":"format-standard","5":"has-post-thumbnail","7":"category-tv","8":"tag-entertainment","9":"tag-entretenimento","10":"tag-portugal","11":"tag-pt","12":"tag-tv"},"share_on_mastodon":{"url":"https:\/\/pubeurope.com\/@pt\/115889036769356389","error":""},"_links":{"self":[{"href":"https:\/\/www.europesays.com\/pt\/wp-json\/wp\/v2\/posts\/226913","targetHints":{"allow":["GET"]}}],"collection":[{"href":"https:\/\/www.europesays.com\/pt\/wp-json\/wp\/v2\/posts"}],"about":[{"href":"https:\/\/www.europesays.com\/pt\/wp-json\/wp\/v2\/types\/post"}],"author":[{"embeddable":true,"href":"https:\/\/www.europesays.com\/pt\/wp-json\/wp\/v2\/users\/2"}],"replies":[{"embeddable":true,"href":"https:\/\/www.europesays.com\/pt\/wp-json\/wp\/v2\/comments?post=226913"}],"version-history":[{"count":0,"href":"https:\/\/www.europesays.com\/pt\/wp-json\/wp\/v2\/posts\/226913\/revisions"}],"wp:featuredmedia":[{"embeddable":true,"href":"https:\/\/www.europesays.com\/pt\/wp-json\/wp\/v2\/media\/226914"}],"wp:attachment":[{"href":"https:\/\/www.europesays.com\/pt\/wp-json\/wp\/v2\/media?parent=226913"}],"wp:term":[{"taxonomy":"category","embeddable":true,"href":"https:\/\/www.europesays.com\/pt\/wp-json\/wp\/v2\/categories?post=226913"},{"taxonomy":"post_tag","embeddable":true,"href":"https:\/\/www.europesays.com\/pt\/wp-json\/wp\/v2\/tags?post=226913"}],"curies":[{"name":"wp","href":"https:\/\/api.w.org\/{rel}","templated":true}]}}