{"id":226915,"date":"2026-01-13T17:45:12","date_gmt":"2026-01-13T17:45:12","guid":{"rendered":"https:\/\/www.europesays.com\/pt\/226915\/"},"modified":"2026-01-13T17:45:12","modified_gmt":"2026-01-13T17:45:12","slug":"guerreiras-do-k-pop-dubladoras-das-huntr-x-comentam-sequencia-da-animacao","status":"publish","type":"post","link":"https:\/\/www.europesays.com\/pt\/226915\/","title":{"rendered":"Guerreiras do K-Pop: Dubladoras das HUNTR\/X comentam sequ\u00eancia da anima\u00e7\u00e3o"},"content":{"rendered":"<p>No \u00faltimo domingo, 11, aconteceu a 83\u00ba edi\u00e7\u00e3o do Golden Globes (conhecido no Brasil como \u2018Globo de Ouro\u2019) \u2014 uma das premia\u00e7\u00f5es mais importante antes do Oscar \u2014 e novamente \u201cGuerreiras do K-pop\u201d tomou os holofotes do evento. A anima\u00e7\u00e3o, que terminou a noite <a href=\"https:\/\/recreio.com.br\/noticias\/entretenimento\/guerreiras-do-k-pop-vence-o-premio-de-melhor-animacao-no-golden-globes-2026.phtml\" target=\"_blank\" rel=\"noopener nofollow\">vencedora da estatueta do g\u00eanero<\/a> e da categoria de \u201cMelhor Can\u00e7\u00e3o Original\u201d, come\u00e7a os preparativos para a aguardada sequ\u00eancia.<\/p>\n<p>Planejada para ser lan\u00e7ada apenas em 2029, a produ\u00e7\u00e3o n\u00e3o deixou de ser assunto no tapete vermelho da premia\u00e7\u00e3o, quando as cantoras que emprestaram a voz para dar vida \u00e0s HUNTR\/X, <strong>Ejae<\/strong>,\u00a0<strong>Audrey Nuna\u00a0<\/strong>e\u00a0<strong>Rei Ami,\u00a0<\/strong>comentaram sobre o espa\u00e7amento da estreia da continua\u00e7\u00e3o do longa.<\/p>\n<p>Durante entrevista \u00e0 rep\u00f3rter\u00a0<strong>Nischelle Turner<\/strong>, do Entertainment Tonight, as artistas foram questionadas pelo motivo da espera de tr\u00eas anos para conferir a pr\u00f3xima aventura de Rumi, Mira e Zoey. Em respostas,\u00a0<strong><a href=\"https:\/\/www.instagram.com\/audreynuna\/?hl=en\" target=\"_blank\" rel=\"noopener nofollow\">Nuna<\/a>\u00a0<\/strong>afirma que \u201c\u00e9 um processo. E grandeza leva tempo\u201d, com\u00a0<strong>Ami<\/strong> relembrando que o filme original demorou cerca de sete anos para ficar pronto e que, para apenas o conceito do universo criado na anima\u00e7\u00e3o, foram \u201cnove anos de preparo, n\u00e3o nove meses.\u201d<\/p>\n<p>Por fim,\u00a0<strong>Ejae <\/strong>recomendou os f\u00e3s reassistirem \u201c<a href=\"https:\/\/recreio.com.br\/tags\/guerreiras-do-k-pop\" target=\"_blank\" rel=\"noopener nofollow\">Guerreiras do K-pop<\/a>\u201d pois tamb\u00e9m ser\u00e1 divertido para se preparar para a estreia da sequ\u00eancia.<\/p>\n<blockquote class=\"instagram-media\" style=\"background: #FFF; border: 0; border-radius: 3px; box-shadow: 0 0 1px 0 rgba(0,0,0,0.5),0 1px 10px 0 rgba(0,0,0,0.15); margin: 1px; max-width: 540px; min-width: 326px; padding: 0; width: calc(100% - 2px);\" data-instgrm-captioned=\"\" data-instgrm-permalink=\"https:\/\/www.instagram.com\/reel\/DTY7nbgj-43\/?utm_source=ig_embed&amp;utm_campaign=loading\" data-instgrm-version=\"14\"><\/blockquote>\n<p>Vale lembrar que a produ\u00e7\u00e3o est\u00e1 dispon\u00edvel no cat\u00e1logo da Netflix, empresa que tamb\u00e9m \u00e9 respons\u00e1vel pela produ\u00e7\u00e3o do segundo longa-metragem ao lado da Sony Pictures Animation.<\/p>\n<p> \u2018Guerreiras do K-pop 2\u2019 nos cinemas? <\/p>\n<p>Ainda em entrevista para <a href=\"https:\/\/www.etonline.com\/media\/videos\/kpop-demon-hunters-filmmakers-share-sequel-updates-after-golden-globes-win-exclusive\" target=\"_blank\" rel=\"noopener nofollow\">Entertainment Tonight<\/a>, <strong>Maggie Kang <\/strong>e<strong> Chris Appelhans,<\/strong> os criadores de \u201cGuerreiras do K-pop 2\u201d, e a produtora <strong>Michelle Wong,<\/strong> comentaram sobre a sequ\u00eancia.\u00a0<\/p>\n<p><strong><a href=\"https:\/\/en.wikipedia.org\/wiki\/Chris_Appelhans\" target=\"_blank\" rel=\"noopener nofollow\">Appelhans<\/a>\u00a0<\/strong>destacou que o \u201clegal\u201d das anima\u00e7\u00f5es \u00e9 a liberdade de poder criar um universo imagin\u00e1rio completamente novo, ent\u00e3o o roteiro, design, fantasias \u00e9 o resultado de \u201ctrabalho duro\u201d, ao que h\u00e1 necessidades de muitos detalhes que levam tempo para ser confeccionados. Mas, evidenciando que apesar do grande esfor\u00e7o, eles s\u00e3o recompensados com a audi\u00eancia que abra\u00e7ou a anima\u00e7\u00e3o e est\u00e3o conhecendo o universo do k-pop atrav\u00e9s da produ\u00e7\u00e3o deles.<\/p>\n<p>Por fim, quando questionados se o in\u00e9dito longa animado ir\u00e1 diretamente para exibi\u00e7\u00e3o nas telonas dos cinemas, os respons\u00e1veis responderam: \u201cVamos ver\u2026 Ainda n\u00e3o sabemos.\u201d<\/p>\n<p>\t                                            <script async src=\"\/\/www.instagram.com\/embed.js\"><\/script><\/p>\n","protected":false},"excerpt":{"rendered":"No \u00faltimo domingo, 11, aconteceu a 83\u00ba edi\u00e7\u00e3o do Golden Globes (conhecido no Brasil como \u2018Globo de Ouro\u2019)&hellip;\n","protected":false},"author":2,"featured_media":226916,"comment_status":"","ping_status":"","sticky":false,"template":"","format":"standard","meta":{"footnotes":""},"categories":[141],"tags":[114,115,149,150,32,33],"class_list":{"0":"post-226915","1":"post","2":"type-post","3":"status-publish","4":"format-standard","5":"has-post-thumbnail","7":"category-musica","8":"tag-entertainment","9":"tag-entretenimento","10":"tag-music","11":"tag-musica","12":"tag-portugal","13":"tag-pt"},"share_on_mastodon":{"url":"https:\/\/pubeurope.com\/@pt\/115889040513276510","error":""},"_links":{"self":[{"href":"https:\/\/www.europesays.com\/pt\/wp-json\/wp\/v2\/posts\/226915","targetHints":{"allow":["GET"]}}],"collection":[{"href":"https:\/\/www.europesays.com\/pt\/wp-json\/wp\/v2\/posts"}],"about":[{"href":"https:\/\/www.europesays.com\/pt\/wp-json\/wp\/v2\/types\/post"}],"author":[{"embeddable":true,"href":"https:\/\/www.europesays.com\/pt\/wp-json\/wp\/v2\/users\/2"}],"replies":[{"embeddable":true,"href":"https:\/\/www.europesays.com\/pt\/wp-json\/wp\/v2\/comments?post=226915"}],"version-history":[{"count":0,"href":"https:\/\/www.europesays.com\/pt\/wp-json\/wp\/v2\/posts\/226915\/revisions"}],"wp:featuredmedia":[{"embeddable":true,"href":"https:\/\/www.europesays.com\/pt\/wp-json\/wp\/v2\/media\/226916"}],"wp:attachment":[{"href":"https:\/\/www.europesays.com\/pt\/wp-json\/wp\/v2\/media?parent=226915"}],"wp:term":[{"taxonomy":"category","embeddable":true,"href":"https:\/\/www.europesays.com\/pt\/wp-json\/wp\/v2\/categories?post=226915"},{"taxonomy":"post_tag","embeddable":true,"href":"https:\/\/www.europesays.com\/pt\/wp-json\/wp\/v2\/tags?post=226915"}],"curies":[{"name":"wp","href":"https:\/\/api.w.org\/{rel}","templated":true}]}}