{"id":226917,"date":"2026-01-13T17:46:07","date_gmt":"2026-01-13T17:46:07","guid":{"rendered":"https:\/\/www.europesays.com\/pt\/226917\/"},"modified":"2026-01-13T17:46:07","modified_gmt":"2026-01-13T17:46:07","slug":"novo-filme-da-laika-ganha-teaser-trailer","status":"publish","type":"post","link":"https:\/\/www.europesays.com\/pt\/226917\/","title":{"rendered":"Novo filme da LAIKA ganha teaser trailer"},"content":{"rendered":"<p><strong>Wildwood<\/strong>,\u00a0novo filme da\u00a0<strong>LAIKA\u00a0<\/strong>comandado por\u00a0<strong>Travis Knight<\/strong>, acaba de ganhar seu primeiro teaser trailer. Veja a seguir.<\/p>\n<p>            Continua depois da Publicidade<\/p>\n<p>Leia a sinopse oficial: &#8220;Voc\u00ea n\u00e3o deveria ir at\u00e9 l\u00e1. Voc\u00ea nem deveria saber que existe. Mas Prue McKeel est\u00e1 prestes a entrar nessa terra encantada. Seu irm\u00e3o mais novo, Mac, foi sequestrado por corvos e levado para o fundo da floresta, e ela &#8211; junto de sua amiga infeliz, Curtis &#8211; ir\u00e1 trazer ele de volta. Prue pode achar que est\u00e1 velha demais para contos de fadas, mas ela se ver\u00e1 no meio de um. Um conto cheio de animais estranhos falantes, bandidos malandros, e figuras poderosas com m\u00e1s inten\u00e7\u00f5es.&#8221;<\/p>\n<p>Al\u00e9m de Travis Knight na dire\u00e7\u00e3o, o filme ter\u00e1 roteiro de <strong>Chris Butler<\/strong>, adaptado da obra de <strong>Colin Meloy<\/strong>. O elenco traz <strong>Angela Bassett, Peyton Elizabeth Lee, Jacob Tremblay, Carey Mulligan, Mahershala Ali, Awkwafina, Jake Johnson, Charlie Day <\/strong>e <strong>Amandla Stenberg<\/strong>.<\/p>\n<p>Wildwood, no\u00a0Brasil conhecido como <strong>O Bosque Selvagem<\/strong>, ainda n\u00e3o tem data para estrear no Brasil.<\/p>\n","protected":false},"excerpt":{"rendered":"Wildwood,\u00a0novo filme da\u00a0LAIKA\u00a0comandado por\u00a0Travis Knight, acaba de ganhar seu primeiro teaser trailer. Veja a seguir. Continua depois da&hellip;\n","protected":false},"author":2,"featured_media":226918,"comment_status":"","ping_status":"","sticky":false,"template":"","format":"standard","meta":{"footnotes":""},"categories":[140],"tags":[114,115,147,148,146,32,33],"class_list":{"0":"post-226917","1":"post","2":"type-post","3":"status-publish","4":"format-standard","5":"has-post-thumbnail","7":"category-filmes","8":"tag-entertainment","9":"tag-entretenimento","10":"tag-film","11":"tag-filmes","12":"tag-movies","13":"tag-portugal","14":"tag-pt"},"share_on_mastodon":{"url":"https:\/\/pubeurope.com\/@pt\/115889044456186367","error":""},"_links":{"self":[{"href":"https:\/\/www.europesays.com\/pt\/wp-json\/wp\/v2\/posts\/226917","targetHints":{"allow":["GET"]}}],"collection":[{"href":"https:\/\/www.europesays.com\/pt\/wp-json\/wp\/v2\/posts"}],"about":[{"href":"https:\/\/www.europesays.com\/pt\/wp-json\/wp\/v2\/types\/post"}],"author":[{"embeddable":true,"href":"https:\/\/www.europesays.com\/pt\/wp-json\/wp\/v2\/users\/2"}],"replies":[{"embeddable":true,"href":"https:\/\/www.europesays.com\/pt\/wp-json\/wp\/v2\/comments?post=226917"}],"version-history":[{"count":0,"href":"https:\/\/www.europesays.com\/pt\/wp-json\/wp\/v2\/posts\/226917\/revisions"}],"wp:featuredmedia":[{"embeddable":true,"href":"https:\/\/www.europesays.com\/pt\/wp-json\/wp\/v2\/media\/226918"}],"wp:attachment":[{"href":"https:\/\/www.europesays.com\/pt\/wp-json\/wp\/v2\/media?parent=226917"}],"wp:term":[{"taxonomy":"category","embeddable":true,"href":"https:\/\/www.europesays.com\/pt\/wp-json\/wp\/v2\/categories?post=226917"},{"taxonomy":"post_tag","embeddable":true,"href":"https:\/\/www.europesays.com\/pt\/wp-json\/wp\/v2\/tags?post=226917"}],"curies":[{"name":"wp","href":"https:\/\/api.w.org\/{rel}","templated":true}]}}