{"id":226921,"date":"2026-01-13T17:48:20","date_gmt":"2026-01-13T17:48:20","guid":{"rendered":"https:\/\/www.europesays.com\/pt\/226921\/"},"modified":"2026-01-13T17:48:20","modified_gmt":"2026-01-13T17:48:20","slug":"como-o-paciente-mais-jovem-da-inglaterra-pode-ajudar-pesquisadores-a-entender-a-doenca","status":"publish","type":"post","link":"https:\/\/www.europesays.com\/pt\/226921\/","title":{"rendered":"como o paciente mais jovem da Inglaterra pode ajudar pesquisadores a entender a doen\u00e7a"},"content":{"rendered":"\n<p class=\" content-text__container theme-color-primary-first-letter\" data-track-category=\"Link no Texto\" data-track-links=\"\"> Um homem do Reino Unido, considerado o mais jovem paciente com dem\u00eancia na Gr\u00e3-Bretanha, faleceu recentemente em decorr\u00eancia da doen\u00e7a aos 24 anos. Andre Yarham, de Norfolk, na Inglaterra, tinha apenas 22 anos quando foi diagnosticado com dem\u00eancia. Aos 24 anos, a maioria dos c\u00e9rebros ainda est\u00e1 se adaptando \u00e0 fase adulta. Mas o c\u00e9rebro de Yarham aparentava d\u00e9cadas a mais \u2013 assemelhando-se ao de uma pessoa de 70 anos, de acordo com a resson\u00e2ncia magn\u00e9tica que ajudou no diagn\u00f3stico. <\/p>\n<ul class=\"content-unordered-list\">\n<li><strong>A ci\u00eancia tem a resposta:<\/strong> <a class=\"\" href=\"https:\/\/oglobo.globo.com\/saude\/noticia\/2026\/01\/12\/por-que-as-pessoas-gostam-de-experiencias-que-provocam-medo-a-ciencia-tem-a-resposta.ghtml\" rel=\"nofollow noopener\" target=\"_blank\">Por que as pessoas gostam de experi\u00eancias que provocam medo?<\/a> <\/li>\n<li><strong>Melatonina: <\/strong><a class=\"\" href=\"https:\/\/oglobo.globo.com\/saude\/guia\/melatonina-criancas-podem-utilizar-o-suplemento-para-ajudar-no-sono-veja-o-que-dizem-especialistas.ghtml\" rel=\"nofollow noopener\" target=\"_blank\">crian\u00e7as podem utilizar o suplemento para ajudar no sono? Veja o que dizem especialistas<\/a><\/li>\n<\/ul>\n<p class=\" content-text__container \" data-track-category=\"Link no Texto\" data-track-links=\"\"> Yarham come\u00e7ou a apresentar sintomas de dem\u00eancia em 2022, quando sua fam\u00edlia relatou que ele havia se tornado cada vez mais esquecido e, \u00e0s vezes, apresentava uma express\u00e3o facial inexpressiva. Nos est\u00e1gios finais de sua vida, ele perdeu a fala, n\u00e3o conseguia mais cuidar de si mesmo, comportava-se de maneira inadequada e estava confinado a uma cadeira de rodas. <\/p>\n<p class=\" content-text__container \" data-track-category=\"Link no Texto\" data-track-links=\"\"> A dem\u00eancia geralmente \u00e9 associada \u00e0 velhice. No entanto, algumas formas de dem\u00eancia podem surgir surpreendentemente cedo e progredir de forma assustadoramente r\u00e1pida. Veja o caso da dem\u00eancia frontotemporal, por exemplo. Essa foi a forma de dem\u00eancia diagnosticada em Yarham. <\/p>\n<p class=\" content-text__container \" data-track-category=\"Link no Texto\" data-track-links=\"\"> Ao contr\u00e1rio da doen\u00e7a de Alzheimer, que tende a afetar primeiro a mem\u00f3ria, a dem\u00eancia frontotemporal ataca as partes do c\u00e9rebro envolvidas na personalidade, no comportamento e na linguagem. Essas regi\u00f5es est\u00e3o localizadas atr\u00e1s da testa e acima das orelhas, nos lobos frontal e temporal. <\/p>\n<p class=\" content-text__container \" data-track-category=\"Link no Texto\" data-track-links=\"\"> Essas \u00e1reas nos ajudam a planejar, controlar impulsos, entender a fala e nos expressar. Quando s\u00e3o danificadas, as pessoas podem mudar de maneiras profundamente angustiantes para as fam\u00edlias \u2013 tornando-se retra\u00eddas, impulsivas ou incapazes de se comunicar. <\/p>\n<p class=\" content-text__container \" data-track-category=\"Link no Texto\" data-track-links=\"\"> A dem\u00eancia frontotemporal \u00e9 uma forma menos comum de dem\u00eancia, representando cerca de um em cada 20 casos. O que a torna especialmente cruel \u00e9 que pode surgir no in\u00edcio da vida adulta. <\/p>\n<p class=\" content-text__container \" data-track-category=\"Link no Texto\" data-track-links=\"\"> Em muitos casos, a dem\u00eancia frontotemporal tem um forte componente gen\u00e9tico. Altera\u00e7\u00f5es em genes espec\u00edficos podem afetar a forma como as c\u00e9lulas cerebrais processam as prote\u00ednas. Em vez de essas prote\u00ednas serem degradadas e recicladas, elas se aglomeram dentro dos neur\u00f4nios (c\u00e9lulas cerebrais), interferindo em sua capacidade de funcionar e sobreviver. <\/p>\n<p class=\" content-text__container \" data-track-category=\"Link no Texto\" data-track-links=\"\"> Com o tempo, as c\u00e9lulas cerebrais afetadas param de funcionar e morrem. \u00c0 medida que mais c\u00e9lulas s\u00e3o perdidas, o pr\u00f3prio tecido cerebral encolhe. <\/p>\n<p class=\" content-text__container \" data-track-category=\"Link no Texto\" data-track-links=\"\"> O motivo pelo qual esse processo pode come\u00e7ar t\u00e3o cedo na vida ainda n\u00e3o \u00e9 totalmente compreendido. No entanto, quando uma pessoa tem uma muta\u00e7\u00e3o gen\u00e9tica grave, a doen\u00e7a n\u00e3o precisa de d\u00e9cadas para se manifestar. Em vez disso, a muta\u00e7\u00e3o permite que o dano se acelere e a resili\u00eancia usual do c\u00e9rebro falha. <\/p>\n<p class=\" content-text__container \" data-track-category=\"Link no Texto\" data-track-links=\"\"> Exames cerebrais realizados enquanto Yarham estava vivo mostraram um encolhimento impressionante para algu\u00e9m t\u00e3o jovem. Mas comparar o c\u00e9rebro de Yarham com o de algu\u00e9m na casa dos 70 anos seria enganoso. Seu c\u00e9rebro n\u00e3o havia &#8220;envelhecido mais r\u00e1pido&#8221; no sentido usual. Em vez disso, um grande n\u00famero de neur\u00f4nios foi perdido em um curto per\u00edodo de tempo devido \u00e0 doen\u00e7a. <\/p>\n<p class=\" content-text__container \" data-track-category=\"Link no Texto\" data-track-links=\"\"> No envelhecimento saud\u00e1vel, o c\u00e9rebro muda lentamente. Certas regi\u00f5es ficam um pouco mais finas, mas a estrutura geral permanece intacta por d\u00e9cadas. J\u00e1 em formas agressivas de dem\u00eancia, redes cerebrais inteiras entram em colapso de uma s\u00f3 vez. <\/p>\n<p class=\" content-text__container \" data-track-category=\"Link no Texto\" data-track-links=\"\"> Na dem\u00eancia frontotemporal, os lobos frontal e temporal podem sofrer uma redu\u00e7\u00e3o dr\u00e1stica de tamanho. <\/p>\n<p class=\" content-text__container \" data-track-category=\"Link no Texto\" data-track-links=\"\"> \u00c0 medida que essas regi\u00f5es se deterioram, as pessoas perdem as habilidades que essas \u00e1reas sustentam \u2013 incluindo a fala, o controle emocional e a capacidade de tomar decis\u00f5es. Isso explicaria por que Yarham perdeu a linguagem t\u00e3o tarde, mas t\u00e3o repentinamente \u2013 e por que sua necessidade de cuidados em tempo integral aumentou t\u00e3o rapidamente. <\/p>\n<p class=\" content-text__container \" data-track-category=\"Link no Texto\" data-track-links=\"\"> A fam\u00edlia de Yarham decidiu doar seu c\u00e9rebro para pesquisa. Este \u00e9 um gesto extraordin\u00e1rio \u2013 que transforma a trag\u00e9dia em esperan\u00e7a para outros. <\/p>\n<p class=\" content-text__container \" data-track-category=\"Link no Texto\" data-track-links=\"\"> Atualmente, n\u00e3o h\u00e1 cura para a dem\u00eancia. Uma vez que os sintomas come\u00e7am, n\u00e3o h\u00e1 como interromp\u00ea-los, e os tratamentos que retardam os sintomas t\u00eam efeitos limitados. Parte da raz\u00e3o para isso \u00e9 que o c\u00e9rebro \u00e9 extremamente complexo e ainda n\u00e3o totalmente compreendido. Cada c\u00e9rebro doado ajuda a preencher essa lacuna. <\/p>\n<p class=\" content-text__container \" data-track-category=\"Link no Texto\" data-track-links=\"\"> C\u00e9rebros afetados por dem\u00eancia em est\u00e1gio muito precoce s\u00e3o excepcionalmente raros. Cada c\u00e9rebro doado permite que os cientistas estudem, em detalhes, o que deu errado no n\u00edvel das c\u00e9lulas e prote\u00ednas. Embora exames de imagem cerebral possam nos dizer quais partes do c\u00e9rebro foram perdidas, somente o tecido doado pode revelar o porqu\u00ea. <\/p>\n<p class=\" content-text__container \" data-track-category=\"Link no Texto\" data-track-links=\"\"> Os pesquisadores podem examinar quais prote\u00ednas se acumularam, quais tipos de c\u00e9lulas foram mais vulner\u00e1veis \u200b\u200be como a inflama\u00e7\u00e3o e as respostas imunol\u00f3gicas podem ter contribu\u00eddo para o dano. Esse conhecimento alimenta diretamente os esfor\u00e7os para desenvolver tratamentos que retardem, interrompam ou at\u00e9 mesmo previnam a dem\u00eancia. <\/p>\n<p class=\" content-text__container \" data-track-category=\"Link no Texto\" data-track-links=\"\"> A decis\u00e3o da fam\u00edlia de permitir que cientistas estudassem o tecido de um caso t\u00e3o raro de dem\u00eancia frontotemporal de in\u00edcio precoce pode ajudar a desvendar segredos que podem orientar tratamentos para as gera\u00e7\u00f5es futuras. <\/p>\n<p class=\" content-text__container \" data-track-category=\"Link no Texto\" data-track-links=\"\"> Como neurocientista, j\u00e1 me perguntaram como algo assim pode acontecer com algu\u00e9m t\u00e3o jovem. A resposta honesta \u00e9 que estamos apenas come\u00e7ando a entender a biologia que torna alguns c\u00e9rebros vulner\u00e1veis \u200b\u200bdesde o in\u00edcio. <\/p>\n<p class=\" content-text__container \" data-track-category=\"Link no Texto\" data-track-links=\"\"> Casos como este ressaltam por que o investimento cont\u00ednuo em pesquisa cerebral e a generosidade das pessoas dispostas a doar tecido s\u00e3o t\u00e3o importantes. A hist\u00f3ria do jovem de 24 anos nos lembra que a dem\u00eancia n\u00e3o \u00e9 uma doen\u00e7a \u00fanica, nem um problema exclusivo da terceira idade. <\/p>\n<p class=\" content-text__container \" data-track-category=\"Link no Texto\" data-track-links=\"\"> Compreender por que isso aconteceu ser\u00e1 um pequeno passo para garantir que n\u00e3o se repita. The Conversation <\/p>\n<p class=\" content-text__container \" data-track-category=\"Link no Texto\" data-track-links=\"\"> *Rahul Sidhu \u00e9 candidato a doutorado em Neuroci\u00eancia, na Universidade de Sheffield <\/p>\n","protected":false},"excerpt":{"rendered":"Um homem do Reino Unido, considerado o mais jovem paciente com dem\u00eancia na Gr\u00e3-Bretanha, faleceu recentemente em decorr\u00eancia&hellip;\n","protected":false},"author":2,"featured_media":219366,"comment_status":"","ping_status":"","sticky":false,"template":"","format":"standard","meta":{"footnotes":""},"categories":[86],"tags":[116,32,33,117],"class_list":{"0":"post-226921","1":"post","2":"type-post","3":"status-publish","4":"format-standard","5":"has-post-thumbnail","7":"category-saude","8":"tag-health","9":"tag-portugal","10":"tag-pt","11":"tag-saude"},"share_on_mastodon":{"url":"https:\/\/pubeurope.com\/@pt\/115889052362087827","error":""},"_links":{"self":[{"href":"https:\/\/www.europesays.com\/pt\/wp-json\/wp\/v2\/posts\/226921","targetHints":{"allow":["GET"]}}],"collection":[{"href":"https:\/\/www.europesays.com\/pt\/wp-json\/wp\/v2\/posts"}],"about":[{"href":"https:\/\/www.europesays.com\/pt\/wp-json\/wp\/v2\/types\/post"}],"author":[{"embeddable":true,"href":"https:\/\/www.europesays.com\/pt\/wp-json\/wp\/v2\/users\/2"}],"replies":[{"embeddable":true,"href":"https:\/\/www.europesays.com\/pt\/wp-json\/wp\/v2\/comments?post=226921"}],"version-history":[{"count":0,"href":"https:\/\/www.europesays.com\/pt\/wp-json\/wp\/v2\/posts\/226921\/revisions"}],"wp:featuredmedia":[{"embeddable":true,"href":"https:\/\/www.europesays.com\/pt\/wp-json\/wp\/v2\/media\/219366"}],"wp:attachment":[{"href":"https:\/\/www.europesays.com\/pt\/wp-json\/wp\/v2\/media?parent=226921"}],"wp:term":[{"taxonomy":"category","embeddable":true,"href":"https:\/\/www.europesays.com\/pt\/wp-json\/wp\/v2\/categories?post=226921"},{"taxonomy":"post_tag","embeddable":true,"href":"https:\/\/www.europesays.com\/pt\/wp-json\/wp\/v2\/tags?post=226921"}],"curies":[{"name":"wp","href":"https:\/\/api.w.org\/{rel}","templated":true}]}}