{"id":226939,"date":"2026-01-13T18:03:08","date_gmt":"2026-01-13T18:03:08","guid":{"rendered":"https:\/\/www.europesays.com\/pt\/226939\/"},"modified":"2026-01-13T18:03:08","modified_gmt":"2026-01-13T18:03:08","slug":"janeiro-dificil-nada-de-bom-esta-previsto-para-estes-tres-signos","status":"publish","type":"post","link":"https:\/\/www.europesays.com\/pt\/226939\/","title":{"rendered":"Janeiro dif\u00edcil? Nada de bom est\u00e1 previsto para estes tr\u00eas signos"},"content":{"rendered":"<p>Janeiro pode ser um m\u00eas complicado e h\u00e1 tr\u00eas signos que podem diz\u00ea-lo com toda certeza. A semana ainda agora come\u00e7ou, mas nada de bom est\u00e1 para vir para algumas pessoas. Os astros assumem posi\u00e7\u00f5es que acabam por trazer momentos mais complicados nos pr\u00f3ximos dias.<\/p>\n<p>Esperanza Gracia \u00e9 astr\u00f3loga e ao website Vanitatis deu a conhecer quais os tr\u00eas signos que v\u00e3o ter dias bastante complicados. Podiam pensar que o pior j\u00e1 tinha passado, mas a verdade \u00e9 que ter\u00e3o dias dif\u00edceis pela frente.<\/p>\n<p>Leia Tamb\u00e9m: <a href=\"https:\/\/www.noticiasaominuto.com\/lifestyle\/2917760\/3-signos-destinados-a-receber-uma-batelada-de-dinheiro-em-2026\" target=\"_blank\" rel=\"noopener noreferrer nofollow\">3 signos destinados a receber uma batelada de dinheiro em 2026<\/a><\/p>\n<p>Apesar das situa\u00e7\u00f5es n\u00e3o serem as mais favor\u00e1veis, haver\u00e1 uma cor que lhes trar\u00e1 algum alento. Podem apostar num tom em especial para conseguirem ver algumas melhorias na sua vida.<\/p>\n<p>                                                    Os signos que v\u00e3o ter uma semana para esquecer<\/p>\n<p>Conhe\u00e7a os tr\u00eas signos que ter\u00e3o mais dificuldades ao longo destes dias.<\/p>\n<p>Caranguejo (21 de junho a 21 de julho)<\/p>\n<p>\u201cO signo de Caranguejo \u00e9 um dos signos mais sens\u00edveis de todo o zod\u00edaco. Pode sentir-se sobrecarregado por n\u00e3o conseguir fazer tudo, mas a lua ajudar\u00e1 a deixar para tr\u00e1s responsabilidades e preocupa\u00e7\u00f5es que o impedem de se sentir bem consigo mesmo. A sua enorme generosidade leva-o a assumir responsabilidades que n\u00e3o s\u00e3o suas. Pare e pense em si mesmo, porque \u00e9 a coisa mais importante e precisa se priorizar acima de tudo.\u201d<\/p>\n<p>Le\u00e3o (22 de julho a 22 de agosto)<\/p>\n<p>\u201cEst\u00e1 sobrecarregado por uma s\u00e9rie de problemas que n\u00e3o sabe como resolver, mas vai superar porque \u00e9 um signo de fogo e desistir n\u00e3o \u00e9 uma op\u00e7\u00e3o para voc\u00ea. As luas desta semana despertam a sua necessidade de uma mudan\u00e7a de cen\u00e1rio e de fazer mudan\u00e7as na vida que trar\u00e3o resultados favor\u00e1veis. Tome as decis\u00f5es que precisa sem adi\u00e1-las, guiado pela sua intui\u00e7\u00e3o, que nunca falha.<\/p>\n<p>Escorpi\u00e3o (23 de outubro a 21 de novembro)<\/p>\n<p>\u201cMantenha-se firme diante das mudan\u00e7as inesperadas que possam surgir na sua vida. Lembre-se que tem o poder e a for\u00e7a para enfrent\u00e1-las e sair vitorioso. Muito em breve perceber\u00e1 que cada desafio que enfrenta guarda uma recompensa oculta. A lua desta semana convida-o a ter conversas pendentes para que tudo se encaixe a seu favor.&#8221;<\/p>\n<p>As cores em que deviam apostar esta semana<\/p>\n<p>Segundo a astr\u00f3loga, o melhor \u00e9 estes signos apostarem no amarelo. \u201c\u00c9 uma cor desafiadora, associada ao sol e \u00e0 energia. O amarelo evoca sentimentos fortes e chama a nossa aten\u00e7\u00e3o por ser muito vis\u00edvel. Esta cor ajuda a tomar decis\u00f5es r\u00e1pidas e racionais, n\u00e3o emocionais.&#8221;<\/p>\n<p>                                                    <img decoding=\"async\" height=\"640\" with=\"360\" src=\"https:\/\/www.europesays.com\/pt\/wp-content\/uploads\/2026\/01\/naom_696576d4631cb.jpg\" border=\"0\" alt=\"Nem tudo \u00e9 mau! 4 signos que recebem \"\/><\/p>\n<p>Agora a sorte bate \u00e0 porta de quatro signos do zod\u00edaco. Apesar de parecerem m\u00e1s not\u00edcias, a astrologia garante que estes quatro ser\u00e3o aben\u00e7oados pelo universo. A energia astrol\u00f3gica vai ativar antigos pontos emocionais, seja atrav\u00e9s de conflito, a\u00e7\u00e3o ou confronto, mas vai trazer algumas b\u00ean\u00e7\u00e3os.<\/p>\n<p>                                                    \u00a0Not\u00edcias ao Minuto | 23:05 &#8211; 12\/01\/2026 <\/p>\n","protected":false},"excerpt":{"rendered":"Janeiro pode ser um m\u00eas complicado e h\u00e1 tr\u00eas signos que podem diz\u00ea-lo com toda certeza. A semana&hellip;\n","protected":false},"author":2,"featured_media":226940,"comment_status":"","ping_status":"","sticky":false,"template":"","format":"standard","meta":{"footnotes":""},"categories":[85],"tags":[114,115,32,33],"class_list":{"0":"post-226939","1":"post","2":"type-post","3":"status-publish","4":"format-standard","5":"has-post-thumbnail","7":"category-entretenimento","8":"tag-entertainment","9":"tag-entretenimento","10":"tag-portugal","11":"tag-pt"},"share_on_mastodon":{"url":"https:\/\/pubeurope.com\/@pt\/115889111369746142","error":""},"_links":{"self":[{"href":"https:\/\/www.europesays.com\/pt\/wp-json\/wp\/v2\/posts\/226939","targetHints":{"allow":["GET"]}}],"collection":[{"href":"https:\/\/www.europesays.com\/pt\/wp-json\/wp\/v2\/posts"}],"about":[{"href":"https:\/\/www.europesays.com\/pt\/wp-json\/wp\/v2\/types\/post"}],"author":[{"embeddable":true,"href":"https:\/\/www.europesays.com\/pt\/wp-json\/wp\/v2\/users\/2"}],"replies":[{"embeddable":true,"href":"https:\/\/www.europesays.com\/pt\/wp-json\/wp\/v2\/comments?post=226939"}],"version-history":[{"count":0,"href":"https:\/\/www.europesays.com\/pt\/wp-json\/wp\/v2\/posts\/226939\/revisions"}],"wp:featuredmedia":[{"embeddable":true,"href":"https:\/\/www.europesays.com\/pt\/wp-json\/wp\/v2\/media\/226940"}],"wp:attachment":[{"href":"https:\/\/www.europesays.com\/pt\/wp-json\/wp\/v2\/media?parent=226939"}],"wp:term":[{"taxonomy":"category","embeddable":true,"href":"https:\/\/www.europesays.com\/pt\/wp-json\/wp\/v2\/categories?post=226939"},{"taxonomy":"post_tag","embeddable":true,"href":"https:\/\/www.europesays.com\/pt\/wp-json\/wp\/v2\/tags?post=226939"}],"curies":[{"name":"wp","href":"https:\/\/api.w.org\/{rel}","templated":true}]}}