{"id":226991,"date":"2026-01-13T18:38:08","date_gmt":"2026-01-13T18:38:08","guid":{"rendered":"https:\/\/www.europesays.com\/pt\/226991\/"},"modified":"2026-01-13T18:38:08","modified_gmt":"2026-01-13T18:38:08","slug":"kiki-mazzucchelli-ex-luisa-strina-abre-galeria-de-arte-12-01-2026-plastico","status":"publish","type":"post","link":"https:\/\/www.europesays.com\/pt\/226991\/","title":{"rendered":"Kiki Mazzucchelli, ex-Luisa Strina, abre galeria de arte &#8211; 12\/01\/2026 &#8211; Pl\u00e1stico"},"content":{"rendered":"<p>Depois de d\u00e9cadas vivendo em Londres, com uma longa trajet\u00f3ria como curadora, <a href=\"https:\/\/www1.folha.uol.com.br\/colunas\/plastico\/2025\/02\/casarao-de-le-corbusier-em-paris-tera-mostra-de-mestres-da-arte-brasileira.shtml\" rel=\"nofollow noopener\" target=\"\">Kiki Mazzucchelli <\/a>abre em mar\u00e7o a sua pr\u00f3pria galeria em <a href=\"https:\/\/www1.folha.uol.com.br\/folha-topicos\/sao-paulo\/\" rel=\"nofollow noopener\" target=\"_blank\">S\u00e3o Paulo<\/a>, ao lado da s\u00f3cia Luciana Cardoso, antes uma das diretoras da <a href=\"https:\/\/www1.folha.uol.com.br\/ilustrada\/2025\/10\/artista-mistura-pornografia-com-sacrificio-de-galinha-para-criticar-o-ocidente.shtml\" rel=\"nofollow noopener\" target=\"\">Martins&amp;Montero<\/a>. A Mazzucchelli Cardoso ter\u00e1 um espa\u00e7o desenhado pelos arquitetos do est\u00fadio Palma nos Jardins, cora\u00e7\u00e3o do mercado de <a href=\"https:\/\/www1.folha.uol.com.br\/folha-topicos\/arte\/\" rel=\"nofollow noopener\" target=\"_blank\">arte<\/a>, ao lado de casas como a <a href=\"https:\/\/www1.folha.uol.com.br\/colunas\/plastico\/2025\/08\/galeria-fortes-daloia-gabriel-abre-novo-espaco-nos-jardins-em-sao-paulo.shtml\" rel=\"nofollow noopener\" target=\"\">Fortes D\u2019Aloia &amp; Gabriel<\/a>, a <a href=\"https:\/\/www1.folha.uol.com.br\/ilustrada\/2025\/09\/wilma-martins-combina-os-ambientes-domesticos-com-a-fantasia-em-exposicao.shtml\" rel=\"nofollow noopener\" target=\"\">Galatea<\/a> e a <a href=\"https:\/\/www1.folha.uol.com.br\/ilustrada\/2025\/06\/luisa-strina-a-principal-galerista-do-brasil-mostra-sua-colecao-para-o-publico.shtml\" rel=\"nofollow noopener\" target=\"\">Luisa Strina<\/a>.<\/p>\n<p>Mazzucchelli, ali\u00e1s, come\u00e7ou a trabalhar no mercado de arte na galeria de Strina, uma das marchandes mais poderosas do pa\u00eds, que deixou no ano passado depois de coordenar as mostras e o livro que comemoraram os<a href=\"https:\/\/www1.folha.uol.com.br\/ilustrada\/2024\/12\/virou-moda-gostar-de-arte-diz-luisa-strina-que-celebra-meio-seculo-de-sua-galeria.shtml\" rel=\"nofollow noopener\" target=\"\"> 50 anos de atua\u00e7\u00e3o da casa<\/a>.<\/p>\n<p>Ela tamb\u00e9m foi respons\u00e1vel por levar uma s\u00e9rie de novos artistas ao elenco da Luisa Strina \u2014alguns deles agora devem migrar para a Mazzucchelli Cardoso, como <a href=\"https:\/\/www1.folha.uol.com.br\/ilustrada\/2024\/05\/conheca-fran-chang-artista-que-pinta-a-solidao-em-seda-com-paisagens-exuberantes.shtml\" rel=\"nofollow noopener\" target=\"\">Fran Chang<\/a> e <a href=\"https:\/\/www1.folha.uol.com.br\/ilustrada\/2019\/10\/se-o-css-comecasse-hoje-a-gente-nao-falaria-da-paris-hilton-seriamos-mais-politicos-diz-vocalista.shtml\" rel=\"nofollow noopener\" target=\"\">Lu\u00edsa Matsushita<\/a>. A nova galeria, que pretende trabalhar com oito artistas representados, ainda ter\u00e1 no time <a href=\"https:\/\/www1.folha.uol.com.br\/ilustrada\/2014\/06\/1478022-bienal-da-bahia-e-recriada-quase-50-anos-apos-ditadura-confiscar-obras.shtml\" rel=\"nofollow noopener\" target=\"\">Camila Sposati<\/a>, artista conceitual radicada em Viena, Felipe Seixas e Helo\u00edsa Franco.<\/p>\n<p><strong>LOJINHA<\/strong>\u2002O espa\u00e7o da galeria<a href=\"https:\/\/www1.folha.uol.com.br\/colunas\/plastico\/2024\/12\/nova-galeria-de-arte-quer-ser-templo-punk-entre-as-casas-de-flavio-de-carvalho.shtml\" rel=\"nofollow noopener\" target=\"\"> Yehudi Hollander-Pappi<\/a>, nos Jardins, vai ganhar outra cara no fim do m\u00eas. O artista americano Adam Milner, conhecido por interven\u00e7\u00f5es em espa\u00e7os de exposi\u00e7\u00e3o, como quando construiu uma r\u00e9plica de seu quarto em pleno museu, agora transfere uma loja de quinquilharias do centro da cidade para o espa\u00e7o na alameda Lorena. Entre os objetos, que estar\u00e3o \u00e0 venda como na loja original, Milner vai mostrar fotografias do quarto de seu pai, um soldador que tamb\u00e9m colecionava objetos curiosos.<\/p>\n<p>Em sua obra, Milner investiga as min\u00facias da rotina, a banalidade dos gestos, na tentativa de construir com ambientes replicados e revisitados a experi\u00eancia completa de uma vida, da arquitetura e das cidades.<\/p>\n<p><strong>CIAO<\/strong>\u2002O curador Siddartha Mitter, da equipe de diretores da <a href=\"https:\/\/www1.folha.uol.com.br\/colunas\/plastico\/2026\/01\/o-direito-a-beleza-resiste-a-um-mundo-em-chamas-e-descrente-de-tudo-e-todos.shtml\" rel=\"nofollow noopener\" target=\"\">pr\u00f3xima Bienal de Veneza<\/a>, na <a href=\"https:\/\/www1.folha.uol.com.br\/folha-topicos\/italia\/\" rel=\"nofollow noopener\" target=\"_blank\">It\u00e1lia<\/a>, esteve em S\u00e3o Paulo nos \u00faltimos dias visitando artistas, entre eles <a href=\"https:\/\/www1.folha.uol.com.br\/colunas\/plastico\/2025\/09\/mostra-sobre-debret-no-museu-do-ipiranga-tera-inedito-de-jaime-lauriano.shtml\" rel=\"nofollow noopener\" target=\"\">Jaime Lauriano<\/a>,<a href=\"https:\/\/www1.folha.uol.com.br\/ilustrada\/2026\/01\/antiquada-bienal-de-sao-paulo-sufoca-a-arte-com-curadoria-extravagante.shtml\" rel=\"nofollow noopener\" target=\"\"> L\u00eddia Lisb\u00f4a <\/a>e M\u00f4nica Ventura. A mostra italiana divulga a sua lista de artistas s\u00f3 no m\u00eas que vem, mas agentes do mercado j\u00e1 adiantam que o elenco ter\u00e1 o chileno Alfredo Jaar e <a href=\"https:\/\/www1.folha.uol.com.br\/ilustrada\/2025\/09\/paulo-nazareth-revisita-a-mae-em-exposicao-que-questiona-a-historia-oficial.shtml\" rel=\"nofollow noopener\" target=\"\">Paulo Nazareth<\/a>.<\/p>\n<p class=\"c-context__content\">&#13;<br \/>\n    <strong>LINK PRESENTE:<\/strong> Gostou deste texto? Assinante pode liberar sete acessos gratuitos de qualquer link por dia. Basta clicar no F azul abaixo.&#13;\n  <\/p>\n","protected":false},"excerpt":{"rendered":"Depois de d\u00e9cadas vivendo em Londres, com uma longa trajet\u00f3ria como curadora, Kiki Mazzucchelli abre em mar\u00e7o a&hellip;\n","protected":false},"author":2,"featured_media":226992,"comment_status":"","ping_status":"","sticky":false,"template":"","format":"standard","meta":{"footnotes":""},"categories":[144],"tags":[207,205,206,559,203,201,202,234,204,114,115,445,236,43654,233,32,33,2864,654,3802,636],"class_list":{"0":"post-226991","1":"post","2":"type-post","3":"status-publish","4":"format-standard","5":"has-post-thumbnail","7":"category-arte-e-design","8":"tag-arte","9":"tag-arte-e-design","10":"tag-artedesign","11":"tag-artes-plasticas","12":"tag-arts","13":"tag-arts-and-design","14":"tag-artsanddesign","15":"tag-bienal-de-veneza","16":"tag-design","17":"tag-entertainment","18":"tag-entretenimento","19":"tag-europa","20":"tag-folha","21":"tag-galeria-luisa-strina","22":"tag-italia","23":"tag-portugal","24":"tag-pt","25":"tag-roma","26":"tag-sao-paulo","27":"tag-sao-paulo-estado","28":"tag-uniao-europeia"},"share_on_mastodon":{"url":"https:\/\/pubeurope.com\/@pt\/115889248843190201","error":""},"_links":{"self":[{"href":"https:\/\/www.europesays.com\/pt\/wp-json\/wp\/v2\/posts\/226991","targetHints":{"allow":["GET"]}}],"collection":[{"href":"https:\/\/www.europesays.com\/pt\/wp-json\/wp\/v2\/posts"}],"about":[{"href":"https:\/\/www.europesays.com\/pt\/wp-json\/wp\/v2\/types\/post"}],"author":[{"embeddable":true,"href":"https:\/\/www.europesays.com\/pt\/wp-json\/wp\/v2\/users\/2"}],"replies":[{"embeddable":true,"href":"https:\/\/www.europesays.com\/pt\/wp-json\/wp\/v2\/comments?post=226991"}],"version-history":[{"count":0,"href":"https:\/\/www.europesays.com\/pt\/wp-json\/wp\/v2\/posts\/226991\/revisions"}],"wp:featuredmedia":[{"embeddable":true,"href":"https:\/\/www.europesays.com\/pt\/wp-json\/wp\/v2\/media\/226992"}],"wp:attachment":[{"href":"https:\/\/www.europesays.com\/pt\/wp-json\/wp\/v2\/media?parent=226991"}],"wp:term":[{"taxonomy":"category","embeddable":true,"href":"https:\/\/www.europesays.com\/pt\/wp-json\/wp\/v2\/categories?post=226991"},{"taxonomy":"post_tag","embeddable":true,"href":"https:\/\/www.europesays.com\/pt\/wp-json\/wp\/v2\/tags?post=226991"}],"curies":[{"name":"wp","href":"https:\/\/api.w.org\/{rel}","templated":true}]}}