{"id":226994,"date":"2026-01-13T18:41:07","date_gmt":"2026-01-13T18:41:07","guid":{"rendered":"https:\/\/www.europesays.com\/pt\/226994\/"},"modified":"2026-01-13T18:41:07","modified_gmt":"2026-01-13T18:41:07","slug":"cantora-de-guerreiras-do-k-pop-foi-rejeitada-por-10-anos-antes-do-sucesso","status":"publish","type":"post","link":"https:\/\/www.europesays.com\/pt\/226994\/","title":{"rendered":"Cantora de \u201cGuerreiras do K-pop\u201d foi rejeitada por 10 anos antes do sucesso"},"content":{"rendered":"<p data-start=\"92\" data-end=\"288\" class=\"my-5 break-words group-[.isActiveSource]:text-xl\">A m\u00fasica <strong class=\"group-[.isActiveSource]:text-xl group-[.isActiveSource]:font-bold\">\u201cGolden\u201d<\/strong>, do grupo fict\u00edcio do filme <strong class=\"group-[.isActiveSource]:text-xl group-[.isActiveSource]:font-bold\">\u201cGuerreiras do K-pop\u201d<\/strong>, dispon\u00edvel na plataforma de streaming Netflix, venceu o pr\u00eamio de <strong class=\"group-[.isActiveSource]:text-xl group-[.isActiveSource]:font-bold\">Melhor Can\u00e7\u00e3o Original<\/strong> no<strong class=\"group-[.isActiveSource]:text-xl group-[.isActiveSource]:font-bold\"> Globo de Ouro 2026<\/strong>.<\/p>\n<p data-start=\"290\" data-end=\"471\" class=\"my-5 break-words group-[.isActiveSource]:text-xl\">Ao receber o trof\u00e9u, a cantora sul-coreana-americana<strong class=\"group-[.isActiveSource]:text-xl group-[.isActiveSource]:font-bold\"> Ejae<\/strong>, voz da personagem Rumi, revelou que enfrentou uma d\u00e9cada de rejei\u00e7\u00e3o na ind\u00fastria musical antes de alcan\u00e7ar o sucesso.<\/p>\n<p data-start=\"473\" data-end=\"612\" class=\"my-5 break-words group-[.isActiveSource]:text-xl\">\u201cQuando eu era uma garotinha, trabalhei incansavelmente por 10 anos com o sonho de me tornar uma artista de k-pop e fui rejeitada\u201d, contou.<\/p>\n<p data-start=\"614\" data-end=\"1031\" class=\"my-5 break-words group-[.isActiveSource]:text-xl\">A artista explicou que, ao ouvir que sua voz n\u00e3o era boa o suficiente, encontrou apoio na m\u00fasica e na composi\u00e7\u00e3o para seguir em frente.<\/p>\n<p data-start=\"614\" data-end=\"1031\" class=\"my-5 break-words group-[.isActiveSource]:text-xl\">\u201cEu me apoiei na m\u00fasica e nas composi\u00e7\u00f5es para aguentar tudo isso. Agora estou aqui como cantora e compositora. \u00c9 um sonho se tornando realidade fazer parte de uma m\u00fasica que est\u00e1 ajudando garotas e meninos de todas as idades a superarem suas dificuldades e se aceitarem\u201d, afirmou.<\/p>\n<p>Veja o momento<\/p>\n<blockquote class=\"twitter-tweet !mx-auto\" data-media-max-width=\"560\">\n<p dir=\"ltr\" lang=\"en\" class=\"my-5 break-words group-[.isActiveSource]:text-xl\">\u201cGolden\u201d from Kpop Demon Hunters won Best Original Song at the 2026 Golden Globes. <a href=\"https:\/\/t.co\/rFuRhiiFVl\" class=\"text-red-600 underline hover:text-red-500 font-medium break-words group-[.isActiveSource]:text-xl\" target=\"_blank\" rel=\"noopener noreferrer nofollow\">pic.twitter.com\/rFuRhiiFVl<\/a><\/p>\n<p class=\"my-5 break-words group-[.isActiveSource]:text-xl\">\u2014 EJAE Updates (@EjaeUpdates) <a href=\"https:\/\/twitter.com\/EjaeUpdates\/status\/2010534093163745354?ref_src=twsrc%5Etfw\" class=\"text-red-600 underline hover:text-red-500 font-medium break-words group-[.isActiveSource]:text-xl\" target=\"_blank\" rel=\"noopener noreferrer nofollow\">January 12, 2026<\/a><\/p>\n<\/blockquote>\n<p data-start=\"1033\" data-end=\"1262\" class=\"my-5 break-words group-[.isActiveSource]:text-xl\">Antes do reconhecimento como int\u00e9rprete, Ejae construiu uma carreira s\u00f3lida como compositora de grandes sucessos do k-pop, incluindo faixas para o Red Velvet, como \u201cPsycho\u201d, e para o Aespa, como \u201cDrama\u201d, \u201cArmageddon\u201d e \u201cKill It\u201d.<\/p>\n<p data-start=\"1264\" data-end=\"1484\" class=\"my-5 break-words group-[.isActiveSource]:text-xl\">Por tr\u00e1s do <a href=\"https:\/\/www.cnnbrasil.com.br\/entretenimento\/tudo-o-que-voce-precisa-saber-sobre-guerreiras-do-k-pop\/\" target=\"_blank\" rel=\"noopener noreferrer nofollow\" class=\"text-red-600 underline hover:text-red-500 font-medium break-words group-[.isActiveSource]:text-xl\">sucesso de \u201cGolden\u201d<\/a>, que completou sua <a href=\"https:\/\/www.cnnbrasil.com.br\/entretenimento\/confira-as-10-musicas-de-k-pop-mais-ouvidas-no-mundo-em-2025-no-spotify\/\" target=\"_blank\" rel=\"noopener noreferrer nofollow\" class=\"text-red-600 underline hover:text-red-500 font-medium break-words group-[.isActiveSource]:text-xl\">20\u00aa semana no topo da parada<\/a> mundial da Billboard, est\u00e3o as vozes das personagens interpretadas por cantoras at\u00e9 ent\u00e3o pouco conhecidas: Ejae, Audrey Nuna e Rei Ami.<\/p>\n<p data-start=\"1486\" data-end=\"1703\" class=\"my-5 break-words group-[.isActiveSource]:text-xl\">A produ\u00e7\u00e3o disputava o pr\u00eamio com<a href=\"https:\/\/www.cnnbrasil.com.br\/entretenimento\/miley-cyrus-lanca-clipe-de-dream-as-one-de-avatar-fogo-e-cinzas-veja\/\" target=\"_blank\" rel=\"noopener noreferrer nofollow\" class=\"text-red-600 underline hover:text-red-500 font-medium break-words group-[.isActiveSource]:text-xl\"> \u201cDream as One\u201d, de &#8220;Avatar: Fogo e Cinzas&#8221;<\/a>; \u201cI Lied To You\u201d, de &#8220;Pecadores&#8221;; \u201cNo Place Like Home\u201d; <a href=\"https:\/\/www.cnnbrasil.com.br\/entretenimento\/wicked-2-contara-com-duas-musicas-ineditas\/\" class=\"text-red-600 underline hover:text-red-500 font-medium break-words group-[.isActiveSource]:text-xl\" target=\"_self\" rel=\"nofollow noopener\">\u201cThe Girl in the Bubble\u201d, de &#8220;Wicked: Parte 2&#8221;<\/a>; e \u201cTrain Dreams\u201d de &#8220;Sonhos de Trem&#8221;.<\/p>\n<p data-start=\"1705\" data-end=\"1875\" class=\"my-5 break-words group-[.isActiveSource]:text-xl\">Ao final, a artista dedicou a vit\u00f3ria a todos \u201cque t\u00eam as portas fechadas para si\u201d. \u201cPosso dizer com confian\u00e7a que rejei\u00e7\u00e3o \u00e9 redirecionamento. Nunca desistam\u201d, concluiu.<\/p>\n<p data-start=\"1877\" data-end=\"2039\" class=\"my-5 break-words group-[.isActiveSource]:text-xl\">Al\u00e9m da conquista na categoria musical, \u201cGuerreiras do K-pop\u201d tamb\u00e9m <a href=\"https:\/\/www.cnnbrasil.com.br\/entretenimento\/guerreiras-do-k-pop-desbanca-pixar-e-leva-dois-premios-no-globo-de-ouro\/\" target=\"_blank\" rel=\"noopener noreferrer nofollow\" class=\"text-red-600 underline hover:text-red-500 font-medium break-words group-[.isActiveSource]:text-xl\">levou o pr\u00eamio de Melhor Anima\u00e7\u00e3o<\/a>, superando dois filmes da Pixar entre os indicados.<\/p>\n<p>Escute o hit &#8220;Golden&#8221;<\/p>\n<p><script async src=\"https:\/\/platform.twitter.com\/widgets.js\" charset=\"utf-8\"><\/script><\/p>\n","protected":false},"excerpt":{"rendered":"A m\u00fasica \u201cGolden\u201d, do grupo fict\u00edcio do filme \u201cGuerreiras do K-pop\u201d, dispon\u00edvel na plataforma de streaming Netflix, venceu&hellip;\n","protected":false},"author":2,"featured_media":226995,"comment_status":"","ping_status":"","sticky":false,"template":"","format":"standard","meta":{"footnotes":""},"categories":[141],"tags":[114,115,149,150,32,33],"class_list":{"0":"post-226994","1":"post","2":"type-post","3":"status-publish","4":"format-standard","5":"has-post-thumbnail","7":"category-musica","8":"tag-entertainment","9":"tag-entretenimento","10":"tag-music","11":"tag-musica","12":"tag-portugal","13":"tag-pt"},"share_on_mastodon":{"url":"https:\/\/pubeurope.com\/@pt\/115889260786482018","error":""},"_links":{"self":[{"href":"https:\/\/www.europesays.com\/pt\/wp-json\/wp\/v2\/posts\/226994","targetHints":{"allow":["GET"]}}],"collection":[{"href":"https:\/\/www.europesays.com\/pt\/wp-json\/wp\/v2\/posts"}],"about":[{"href":"https:\/\/www.europesays.com\/pt\/wp-json\/wp\/v2\/types\/post"}],"author":[{"embeddable":true,"href":"https:\/\/www.europesays.com\/pt\/wp-json\/wp\/v2\/users\/2"}],"replies":[{"embeddable":true,"href":"https:\/\/www.europesays.com\/pt\/wp-json\/wp\/v2\/comments?post=226994"}],"version-history":[{"count":0,"href":"https:\/\/www.europesays.com\/pt\/wp-json\/wp\/v2\/posts\/226994\/revisions"}],"wp:featuredmedia":[{"embeddable":true,"href":"https:\/\/www.europesays.com\/pt\/wp-json\/wp\/v2\/media\/226995"}],"wp:attachment":[{"href":"https:\/\/www.europesays.com\/pt\/wp-json\/wp\/v2\/media?parent=226994"}],"wp:term":[{"taxonomy":"category","embeddable":true,"href":"https:\/\/www.europesays.com\/pt\/wp-json\/wp\/v2\/categories?post=226994"},{"taxonomy":"post_tag","embeddable":true,"href":"https:\/\/www.europesays.com\/pt\/wp-json\/wp\/v2\/tags?post=226994"}],"curies":[{"name":"wp","href":"https:\/\/api.w.org\/{rel}","templated":true}]}}