{"id":226996,"date":"2026-01-13T18:42:10","date_gmt":"2026-01-13T18:42:10","guid":{"rendered":"https:\/\/www.europesays.com\/pt\/226996\/"},"modified":"2026-01-13T18:42:10","modified_gmt":"2026-01-13T18:42:10","slug":"avatar-3-ainda-e-um-sucesso-mas-rei-do-mundo-james-cameron-nao-escapou-a-crise-dos-cinemas","status":"publish","type":"post","link":"https:\/\/www.europesays.com\/pt\/226996\/","title":{"rendered":"&#8220;Avatar 3&#8221; ainda \u00e9 um sucesso, mas &#8220;rei do mundo&#8221; James Cameron n\u00e3o escapou \u00e0 crise dos cinemas"},"content":{"rendered":"<p>Na cerim\u00f3nia dos \u00d3scares de 1998, James Cameron proclamou-se em palco o &#8220;rei do mundo&#8221; ap\u00f3s o triunfo de &#8220;Titanic&#8221;, reproduzindo a c\u00e9lebre frase da personagem de Leonardo DiCaprio.<\/p>\n<p>Em tr\u00eas d\u00e9cadas que se seguiram, o cineasta construiu um curr\u00edculo que lhe deu a reputa\u00e7\u00e3o de &#8220;rei Midas&#8221; em Hollywood: \u00e9 o \u00fanico da hist\u00f3ria a ter tr\u00eas filmes com receitas de bilheteira superior a 2 mil milh\u00f5es de d\u00f3lares em todo o mundo, gra\u00e7as ao vencedor de 11 \u00d3scares e aos filmes da saga &#8220;Avatar&#8221; de 2009 e 2022.<\/p>\n<p>No entanto, Cameron n\u00e3o conseguiu escapar \u00e0 realidade da matem\u00e1tica: o terceiro filme da saga de fic\u00e7\u00e3o cient\u00edfica e fantasia \u00e9 um grande sucesso nos cinemas, mas \u00e9 evidente que o seu impacto comercial est\u00e1 significativamente atr\u00e1s dos seus antecessores.<\/p>\n<p>Lan\u00e7ado nos cinemas na semana de 15 de dezembro, &#8220;Avatar: Fogo e Cinzas&#8221; arrecadou 343 milh\u00f5es de d\u00f3lares nas bilheteiras da Am\u00e9rica do Norte e 1,2 mil milh\u00f5es de d\u00f3lares a n\u00edvel mundial nos primeiros 24 dias.<\/p>\n<p>O filme anterior, &#8220;O Caminho da \u00c1gua&#8221;,que terminou nos 2,3 mil milh\u00f5es, estava nos 518 milh\u00f5es nos EUA e Canad\u00e1 e 1,71 mil milh\u00f5es no mercado global ap\u00f3s quatro fins de semana (o primeiro &#8220;Avatar&#8221; estava com um total de 1,33 mil milh\u00f5es).\u00a0<\/p>\n<p>Em Portugal, onde as &#8220;contas&#8221; mais claras de fazem nos bilhetes vendidos, o contraste tamb\u00e9m \u00e9 claro: 758.742 espectadores para o segundo filme nos primeiros 25 dias e 473.567 espectadores nos primeiros 26 dias para o terceiro.<\/p>\n<p>S\u00e3o n\u00fameros impressionantes para qualquer produ\u00e7\u00e3o de Hollywood, mas confirmam a eros\u00e3o da saga cujos filmes tamb\u00e9m s\u00e3o muito caros.\u00a0<\/p>\n<p>\t\t<img decoding=\"async\" src=\"https:\/\/www.europesays.com\/pt\/wp-content\/uploads\/2026\/01\/1768329730_574_thumbs.web.sapo.io.webp\"  alt=\"Avatar: Fogo e Cinzas\" loading=\"true\"\/><\/p>\n<p>      Avatar: Fogo e Cinzas<br \/>\n      Cr\u00e9ditos: 20th Century Studios<\/p>\n<p>\u201cA antiga matem\u00e1tica das sequelas dizia que, a cada novo filme, perdia-se cerca de um ter\u00e7o da bilheteira\u201d, diz o analista Richard Rushfield na mais recente edi\u00e7\u00e3o da publica\u00e7\u00e3o do Substack &#8220;The Ankler&#8221;.<\/p>\n<p>E acrescenta: &#8220;Tivemos estas mega sagas que desafiaram isso, mas sinto que est\u00e3o a desafiar a gravidade, para usar uma express\u00e3o na moda, e eventualmente a gravidade volta a impor-se. Eventualmente, trope\u00e7a-se um pouco\u201d.<\/p>\n<p>Com 1,2 mil milh\u00f5es de receitas at\u00e9 agora, os analistas estimam que &#8220;Fogo e Cinzas&#8221; j\u00e1 atingiu o ponto de equil\u00edbrio para a Disney come\u00e7ar a ter retorno do seu investimento, tendo em conta um or\u00e7amento de produ\u00e7\u00e3o estimado em 400 milh\u00f5es de d\u00f3lares, al\u00e9m dos custos de marketing.<\/p>\n<p>Mas o consenso \u00e9 que os n\u00fameros finais fiquem entre os 1,5 e 1,7 mil milh\u00f5es a n\u00edvel global, abrindo a possibilidade de &#8220;Zootr\u00f3polis 2&#8221;, outro t\u00edtulo da Disney, j\u00e1 nos 1,65 mil milh\u00f5es e com bons n\u00fameros no seu oitavo fim de semana de exibi\u00e7\u00e3o, se tornar o mais rent\u00e1vel de Hollywood em 2025.<\/p>\n<p>Apesar de estarem previstos mais dois filmes para os cinemas, com data de estreia a 21 de dezembro de 2029 e 19 de dezembro de 2031, Cameron disse em v\u00e1rias entrevistas que n\u00e3o eram uma certeza absoluta porque \u00e9 preciso prestar aten\u00e7\u00e3o ao lado financeiro.<\/p>\n<p>Acrescentou que estava preparado para a possibilidade de colocar um ponto final na saga caso as receitas de bilheteira de &#8220;Fogo e Cinzas&#8221; n\u00e3o justificassem o elevado investimento.<\/p>\n<p>&#8220;N\u00e3o sei se a saga vai al\u00e9m disto. Espero que sim. Mas, sabem, provamos o sucesso comercial a cada novo filme&#8221;, disse \u00e0 Entertainment Weekly.<\/p>\n<p>E acrescentou algo que se tornou viral: &#8220;Eis a situa\u00e7\u00e3o. Se n\u00e3o conseguirmos fazer o 4 e o 5, por qualquer motivo, farei uma confer\u00eancia de imprensa e digo-vos o que t\u00ednhamos planeado&#8221;.<\/p>\n<p>O cineasta tamb\u00e9m tem destacado que o mercado de cinema mudou com o crescimento do streaming e o impacto da pandemia: segundo a sua an\u00e1lise, as quebras de espectadores estabilizaram nos 30 a 35%, sem sinais de cair mais, mas tamb\u00e9m sem recuperar.<\/p>\n<p>&#8220;E isso pode representar toda a margem de lucro de um filme como &#8216;Avatar&#8217;. Por isso, vamos deixar a poeira assentar, talvez lucremos um pouco, talvez n\u00e3o. Mas vamos analisar o modelo de neg\u00f3cio e ver como podemos melhor\u00e1-lo, talvez reduzindo os custos com alguma nova tecnologia. Esse ser\u00e1 o meu foco&#8221;, explicou \u00e0 publica\u00e7\u00e3o &#8216;online&#8217; Deadline.<\/p>\n<p><strong>VEJA O TRAILER.<\/strong><\/p>\n","protected":false},"excerpt":{"rendered":"Na cerim\u00f3nia dos \u00d3scares de 1998, James Cameron proclamou-se em palco o &#8220;rei do mundo&#8221; ap\u00f3s o triunfo&hellip;\n","protected":false},"author":2,"featured_media":206938,"comment_status":"","ping_status":"","sticky":false,"template":"","format":"standard","meta":{"footnotes":""},"categories":[140],"tags":[114,115,147,148,146,32,33],"class_list":{"0":"post-226996","1":"post","2":"type-post","3":"status-publish","4":"format-standard","5":"has-post-thumbnail","7":"category-filmes","8":"tag-entertainment","9":"tag-entretenimento","10":"tag-film","11":"tag-filmes","12":"tag-movies","13":"tag-portugal","14":"tag-pt"},"share_on_mastodon":{"url":"https:\/\/pubeurope.com\/@pt\/115889264681527707","error":""},"_links":{"self":[{"href":"https:\/\/www.europesays.com\/pt\/wp-json\/wp\/v2\/posts\/226996","targetHints":{"allow":["GET"]}}],"collection":[{"href":"https:\/\/www.europesays.com\/pt\/wp-json\/wp\/v2\/posts"}],"about":[{"href":"https:\/\/www.europesays.com\/pt\/wp-json\/wp\/v2\/types\/post"}],"author":[{"embeddable":true,"href":"https:\/\/www.europesays.com\/pt\/wp-json\/wp\/v2\/users\/2"}],"replies":[{"embeddable":true,"href":"https:\/\/www.europesays.com\/pt\/wp-json\/wp\/v2\/comments?post=226996"}],"version-history":[{"count":0,"href":"https:\/\/www.europesays.com\/pt\/wp-json\/wp\/v2\/posts\/226996\/revisions"}],"wp:featuredmedia":[{"embeddable":true,"href":"https:\/\/www.europesays.com\/pt\/wp-json\/wp\/v2\/media\/206938"}],"wp:attachment":[{"href":"https:\/\/www.europesays.com\/pt\/wp-json\/wp\/v2\/media?parent=226996"}],"wp:term":[{"taxonomy":"category","embeddable":true,"href":"https:\/\/www.europesays.com\/pt\/wp-json\/wp\/v2\/categories?post=226996"},{"taxonomy":"post_tag","embeddable":true,"href":"https:\/\/www.europesays.com\/pt\/wp-json\/wp\/v2\/tags?post=226996"}],"curies":[{"name":"wp","href":"https:\/\/api.w.org\/{rel}","templated":true}]}}