{"id":227001,"date":"2026-01-13T18:45:06","date_gmt":"2026-01-13T18:45:06","guid":{"rendered":"https:\/\/www.europesays.com\/pt\/227001\/"},"modified":"2026-01-13T18:45:06","modified_gmt":"2026-01-13T18:45:06","slug":"renata-reis-expoe-situacao-surreal-apos-funeral-de-maycon-douglas-e-esta-foi-a-medida-drastica-que-tomou-tvi","status":"publish","type":"post","link":"https:\/\/www.europesays.com\/pt\/227001\/","title":{"rendered":"Renata Reis exp\u00f5e situa\u00e7\u00e3o \u00absurreal\u00bb ap\u00f3s funeral de Maycon Douglas. E esta foi a medida dr\u00e1stica que tomou &#8211; TVI"},"content":{"rendered":"<ol>\n<li><a href=\"https:\/\/news.google.com\/rss\/articles\/CBMi_AFBVV95cUxOSkd4YkRPMDlOQmJ1RDFlekZDc09IOGxEOXp5X1lnWEhCT05taFVta2dDMmwzRXFjV2JMX3FzWlo2eEZ4T0NWTjh3NHM1YkhobmxvTFAzYjYyWUNKR1Z5WkE5OXJzQnplNmtUSld4TEp5ZmZINGcwUzJOOG5kcWU2SUlYdDl4QWZfcVhrUWhOZTZmWUJxS2FvNjllNE84LXR2VERQN3ZaY0lFdkdMcUE4ODkwa0FBSmtMYUttSDRJMW0wMFhlMmtubXNXT2dtSjJFNktOcFBCc0FmVEhSZG93cDJOMmZBRGVUc0g2ZGxDNDYxR240SkhhcncwZ0g?oc=5\" target=\"_blank\" rel=\"nofollow noopener\">Renata Reis exp\u00f5e situa\u00e7\u00e3o \u00absurreal\u00bb ap\u00f3s funeral de Maycon Douglas. E esta foi a medida dr\u00e1stica que tomou<\/a>&nbsp;&nbsp;TVI<\/li>\n<li><a href=\"https:\/\/news.google.com\/rss\/articles\/CBMiggJBVV95cUxPODQ4SzR6bW5taC1saHhtS0NGbkZtRmV4a2N6M0pNV3I3aUpuTHVIZUJGckVhX0wyUVRhSTV4ZlRYdExLZDlDaWhPWUN5dVQxbFVOQjh4aFVuZDh4TG1vcC1QMnlZd1JqV3dZOG94cWFLUlY0bTk5V0VWVnUtMDdieVUxS2FOTFhKYm9qT0xGVVkwQVdsTTJ4WkpsWU83X1EtUWtlUnFpRHoxR1JHZmdXVDVENC1vcERnMjVEdUthREE5azF5dS1sNjBoOHpuOU51b3RrWlRsS1hkRFlhOVE2Q0RkLVUwallfQ0dTNVVPSjdqQVA0YU1CZ3lMdjJTRndhcHc?oc=5\" target=\"_blank\" rel=\"nofollow noopener\">Corpo de brasileiro famoso em reality \u00e9 cremado em Portugal e TV revela causa da morte<\/a>&nbsp;&nbsp;Terra<\/li>\n<li><a href=\"https:\/\/news.google.com\/rss\/articles\/CBMiygFBVV95cUxQb0xxeHkxdFBnMnlVMnVPZmxFVjI4bzViZ0xaYmNtZHBKV3dOR3FTdDd5NTBuQUc4S0lIT25ES09aSnhqdmtST2xLYnpMNklmOXpIS0x3T1dPeE5UcWxlRkpGUTMwVWV2VklWWXFxZ01LZTM0Y3U3RWljM2tYRVFma0JmZHMybkl1ZFBWR1FWWm1QaERqMjhOTmhnY2x4VXI4QnFuZTNtdjhDQUZqRDFLb1hMVjJlS0JfZ1V2azZTWnVETXVEZ1JPd3pB0gHYAUFVX3lxTE8yeGhia1YzUDE0ZFFDOWJGaFF3ZU5BVTNOV0dsM1V3d0pUSUktTHppRXlRWURFTDhfRVUtZUxCQmxtZnZYOHRnNVRvcGdYN2pxUHpMMUcwWmRIcW4tUEZYQ2lhVmV5TEdJLXJ2b0JqWjZxanlFMWN3NUEtamM1Mk1sbjR6ME9kMi1sR0VTQjE5RHh5ZDRkTmU3bGROTC05SFlkT0NUbjB6NHlKUVlISTQyb3phX2ZMMmtOSFk0Q1gxd3hyV2tzMGF2eFRFV1hGZmV0d1c5LURINA?oc=5\" target=\"_blank\" rel=\"nofollow noopener\">DJ brasileiro \u00e9 encontrado morto em Portugal; caso \u00e9 investigado como homic\u00eddio<\/a>&nbsp;&nbsp;G1<\/li>\n<li><a href=\"https:\/\/news.google.com\/rss\/articles\/CBMisAFBVV95cUxQYW5SV3UwWG5TNHdXZWh6VFdhLUo4N3hYdVJETXBIRGdrQjlVVUNNZDZLTzdNam0tMWpsdWhQdUFnS21HX0RoOTh5d0lnZk95ZjFDVWhsZUVKZklIbkF4Szl2RVpDOWYwN1dEQTNQSWNtcGpLTGk0VzNldHRQcU9TZVlpX0NVdERjam5LUUhueHVnYjlJRGU2OU5lSTJqNnRiTGJsY2Q0dEFPZWhTNHAzSg?oc=5\" target=\"_blank\" rel=\"nofollow noopener\">Dj brasileiro \u00e9 encontrado morto em Portugal ap\u00f3s sete dias desaparecido<\/a>&nbsp;&nbsp;Estad\u00e3o<\/li>\n<li><a href=\"https:\/\/news.google.com\/rss\/articles\/CBMiuwFBVV95cUxPMWJrY1F6Y04wMl9NNEh0cmQyNGMwbzQtcllkd216SGdZVlFSejFnSFJCdHBBUE8wRXVTU1dESTh3cy1fQ2VsMG5UVWF4S1J1Mzdmdm5HNlJZVWdCLXFvU2hFcUNuOVFUZ25kVVdKZGJtTEk0cE85bU5pSFlKd1pVSm1QaHhzUDNGMFk1TXh0R0YtVmR0UHdsb1ppWWVFMzQ0WUFlamZPeE5qbDZFUXp2a2xlbTVJRURLODdz?oc=5\" target=\"_blank\" rel=\"nofollow noopener\">Corpo do DJ brasileiro Maycon Douglas \u00e9 encontrado em praia de Portugal<\/a>&nbsp;&nbsp;R\u00e1dio Itatiaia<\/li>\n<\/ol>\n","protected":false},"excerpt":{"rendered":"Renata Reis exp\u00f5e situa\u00e7\u00e3o \u00absurreal\u00bb ap\u00f3s funeral de Maycon Douglas. E esta foi a medida dr\u00e1stica que tomou&nbsp;&nbsp;TVI&hellip;\n","protected":false},"author":2,"featured_media":225042,"comment_status":"","ping_status":"","sticky":false,"template":"","format":"standard","meta":{"footnotes":""},"categories":[85],"tags":[114,115,32,33],"class_list":{"0":"post-227001","1":"post","2":"type-post","3":"status-publish","4":"format-standard","5":"has-post-thumbnail","7":"category-entretenimento","8":"tag-entertainment","9":"tag-entretenimento","10":"tag-portugal","11":"tag-pt"},"share_on_mastodon":{"url":"https:\/\/pubeurope.com\/@pt\/115889276362578677","error":""},"_links":{"self":[{"href":"https:\/\/www.europesays.com\/pt\/wp-json\/wp\/v2\/posts\/227001","targetHints":{"allow":["GET"]}}],"collection":[{"href":"https:\/\/www.europesays.com\/pt\/wp-json\/wp\/v2\/posts"}],"about":[{"href":"https:\/\/www.europesays.com\/pt\/wp-json\/wp\/v2\/types\/post"}],"author":[{"embeddable":true,"href":"https:\/\/www.europesays.com\/pt\/wp-json\/wp\/v2\/users\/2"}],"replies":[{"embeddable":true,"href":"https:\/\/www.europesays.com\/pt\/wp-json\/wp\/v2\/comments?post=227001"}],"version-history":[{"count":0,"href":"https:\/\/www.europesays.com\/pt\/wp-json\/wp\/v2\/posts\/227001\/revisions"}],"wp:featuredmedia":[{"embeddable":true,"href":"https:\/\/www.europesays.com\/pt\/wp-json\/wp\/v2\/media\/225042"}],"wp:attachment":[{"href":"https:\/\/www.europesays.com\/pt\/wp-json\/wp\/v2\/media?parent=227001"}],"wp:term":[{"taxonomy":"category","embeddable":true,"href":"https:\/\/www.europesays.com\/pt\/wp-json\/wp\/v2\/categories?post=227001"},{"taxonomy":"post_tag","embeddable":true,"href":"https:\/\/www.europesays.com\/pt\/wp-json\/wp\/v2\/tags?post=227001"}],"curies":[{"name":"wp","href":"https:\/\/api.w.org\/{rel}","templated":true}]}}