{"id":227006,"date":"2026-01-13T18:49:07","date_gmt":"2026-01-13T18:49:07","guid":{"rendered":"https:\/\/www.europesays.com\/pt\/227006\/"},"modified":"2026-01-13T18:49:07","modified_gmt":"2026-01-13T18:49:07","slug":"valenca-ainda-atiraram-a-droga-para-fora-do-carro-mas-a-gnr-topou-tudo","status":"publish","type":"post","link":"https:\/\/www.europesays.com\/pt\/227006\/","title":{"rendered":"Valen\u00e7a: Ainda atiraram a droga para fora do carro\u2026 mas a GNR topou tudo"},"content":{"rendered":"<p>A GNR deteve em Valen\u00e7a<strong> dois jovens, de 20 e 21 anos\u00a0por tr\u00e1fico de estupefacientes.<\/strong><\/p>\n<p>\u00a0<\/p>\n<p>No decorrer de uma a\u00e7\u00e3o de patrulhamento, <strong>os militares abordaram uma viatura estacionada numa zona pouco iluminada, com dois ocupantes no seu interior.<\/strong><\/p>\n<p>\u00a0<\/p>\n<p>\u201cDurante a a\u00e7\u00e3o policial, foi verificado <strong>o arremesso de um objeto para o exterior do ve\u00edculo, o qual continha produto estupefaciente e foi de imediato localizado,<\/strong> culminando na apreens\u00e3o de 207 doses de can\u00e1bis\u201d, descreve a GNR.<\/p>\n<p>\u00a0<\/p>\n<p>Os suspeitos foram detidos, constitu\u00eddos arguidos e os factos comunicados ao Tribunal Judicial de Valen\u00e7a.<\/p>\n<p>\u00a0<\/p>\n<p>[cr\u00e9dito fotografia: ilustrativa\/DR]<\/p>\n","protected":false},"excerpt":{"rendered":"A GNR deteve em Valen\u00e7a dois jovens, de 20 e 21 anos\u00a0por tr\u00e1fico de estupefacientes. \u00a0 No decorrer&hellip;\n","protected":false},"author":2,"featured_media":227007,"comment_status":"","ping_status":"","sticky":false,"template":"","format":"standard","meta":{"footnotes":""},"categories":[10],"tags":[27,28,15,16,14,25,26,21,22,12,13,19,20,32,23,24,33,17,18,29,30,31],"class_list":{"0":"post-227006","1":"post","2":"type-post","3":"status-publish","4":"format-standard","5":"has-post-thumbnail","7":"category-portugal","8":"tag-breaking-news","9":"tag-breakingnews","10":"tag-featured-news","11":"tag-featurednews","12":"tag-headlines","13":"tag-latest-news","14":"tag-latestnews","15":"tag-main-news","16":"tag-mainnews","17":"tag-news","18":"tag-noticias","19":"tag-noticias-principais","20":"tag-noticiasprincipais","21":"tag-portugal","22":"tag-principais-noticias","23":"tag-principaisnoticias","24":"tag-pt","25":"tag-top-stories","26":"tag-topstories","27":"tag-ultimas","28":"tag-ultimas-noticias","29":"tag-ultimasnoticias"},"share_on_mastodon":{"url":"https:\/\/pubeurope.com\/@pt\/115889292183026313","error":""},"_links":{"self":[{"href":"https:\/\/www.europesays.com\/pt\/wp-json\/wp\/v2\/posts\/227006","targetHints":{"allow":["GET"]}}],"collection":[{"href":"https:\/\/www.europesays.com\/pt\/wp-json\/wp\/v2\/posts"}],"about":[{"href":"https:\/\/www.europesays.com\/pt\/wp-json\/wp\/v2\/types\/post"}],"author":[{"embeddable":true,"href":"https:\/\/www.europesays.com\/pt\/wp-json\/wp\/v2\/users\/2"}],"replies":[{"embeddable":true,"href":"https:\/\/www.europesays.com\/pt\/wp-json\/wp\/v2\/comments?post=227006"}],"version-history":[{"count":0,"href":"https:\/\/www.europesays.com\/pt\/wp-json\/wp\/v2\/posts\/227006\/revisions"}],"wp:featuredmedia":[{"embeddable":true,"href":"https:\/\/www.europesays.com\/pt\/wp-json\/wp\/v2\/media\/227007"}],"wp:attachment":[{"href":"https:\/\/www.europesays.com\/pt\/wp-json\/wp\/v2\/media?parent=227006"}],"wp:term":[{"taxonomy":"category","embeddable":true,"href":"https:\/\/www.europesays.com\/pt\/wp-json\/wp\/v2\/categories?post=227006"},{"taxonomy":"post_tag","embeddable":true,"href":"https:\/\/www.europesays.com\/pt\/wp-json\/wp\/v2\/tags?post=227006"}],"curies":[{"name":"wp","href":"https:\/\/api.w.org\/{rel}","templated":true}]}}