{"id":227032,"date":"2026-01-13T19:03:13","date_gmt":"2026-01-13T19:03:13","guid":{"rendered":"https:\/\/www.europesays.com\/pt\/227032\/"},"modified":"2026-01-13T19:03:13","modified_gmt":"2026-01-13T19:03:13","slug":"mae-e-filha-agredidas-por-dois-homens-em-clinica-veterinaria-na-maia","status":"publish","type":"post","link":"https:\/\/www.europesays.com\/pt\/227032\/","title":{"rendered":"M\u00e3e e filha agredidas por dois homens em cl\u00ednica veterin\u00e1ria na Maia"},"content":{"rendered":"<p data-remotead-prev-elm=\"true\" data-remotead-elm-id=\"inread\">Segundo a vers\u00e3o relatada pela filha da dona da cl\u00ednica, o conflito teve origem em alegadas difama\u00e7\u00f5es nas redes sociais e numa sequ\u00eancia de amea\u00e7as dirigidas \u00e0 propriet\u00e1ria da cl\u00ednica, que j\u00e1 se tinham repetido por diversas vezes.<\/p>\n<p>Cerca das 20 horas, um homem deslocou-se \u00e0 cl\u00ednica, onde ter\u00e1 amea\u00e7ado e empurrado a propriet\u00e1ria e depois afirmado que iria buscar uma arma de calibre .38 para &#8220;furar os joelhos&#8221; \u00e0 v\u00edtima. Pouco depois, a filha da propriet\u00e1ria dirigiu-se ao local com o objectivo de tentar resolver a situa\u00e7\u00e3o.<\/p>\n<p>J\u00e1 no interior da cl\u00ednica, o filho do agressor ter\u00e1 destru\u00eddo a c\u00e2mara de videovigil\u00e2ncia e cuspido na cara da propriet\u00e1ria. Ter-se-\u00e1 seguido uma agress\u00e3o f\u00edsica \u00e0s duas mulheres, alegadamente perpetrada por pai e filho.<\/p>\n<p data-remotead-prev-elm=\"true\" data-remotead-elm-id=\"centro1\"><img decoding=\"async\" class=\"ngx-body\" guid=\"6e36f9e5-d796-48ed-a678-6270bbe96966\" src=\"https:\/\/www.europesays.com\/pt\/wp-content\/uploads\/2026\/01\/1768330993_591_image.webp.webp\" width=\"100%\"\/><br \/><img decoding=\"async\" class=\"ngx-body\" guid=\"67896d0c-4f7f-4ddb-b2e2-5a831a4d3eee\" src=\"https:\/\/www.europesays.com\/pt\/wp-content\/uploads\/2026\/01\/1768330993_372_image.webp.webp\" width=\"100%\"\/><\/p>\n<p>O estabelecimento ficou com danos consider\u00e1veis, incluindo a porta e a montra partidas, a c\u00e2mara de vigil\u00e2ncia destru\u00edda e v\u00e1rios equipamentos e pe\u00e7as de mobili\u00e1rio inutilizados.<\/p>\n<p>As v\u00edtimas sofreram ferimentos significativos: uma delas apresentava um ferimento na cabe\u00e7a, hematomas extensos no rosto e queixas de dores intensas na zona das costelas, tendo sido submetida a exames para despiste de fraturas e les\u00f5es internas.<\/p>\n<p data-remotead-prev-elm=\"true\" data-remotead-elm-id=\"centro2\">Ambas foram transportadas para o Hospital de S\u00e3o Jo\u00e3o, no Porto, onde deram entrada j\u00e1 depois da meia-noite.<\/p>\n<p>Ao local acorreram elementos da PSP, os Bombeiros de Moreira da Maia e o INEM. O caso est\u00e1 a ser investigado pelas autoridades.<\/p>\n<p><img decoding=\"async\" class=\"ngx-body\" guid=\"e6aaf814-ab5d-4464-9082-d82293d2c3b0\" src=\"https:\/\/www.europesays.com\/pt\/wp-content\/uploads\/2026\/01\/1768330993_414_image.webp.webp\" width=\"100%\"\/><\/p>\n","protected":false},"excerpt":{"rendered":"Segundo a vers\u00e3o relatada pela filha da dona da cl\u00ednica, o conflito teve origem em alegadas difama\u00e7\u00f5es nas&hellip;\n","protected":false},"author":2,"featured_media":227033,"comment_status":"","ping_status":"","sticky":false,"template":"","format":"standard","meta":{"footnotes":""},"categories":[10],"tags":[27,28,15,16,14,603,25,26,26654,21,22,12,13,19,20,32,23,24,33,17,18,29,30,31],"class_list":{"0":"post-227032","1":"post","2":"type-post","3":"status-publish","4":"format-standard","5":"has-post-thumbnail","7":"category-portugal","8":"tag-breaking-news","9":"tag-breakingnews","10":"tag-featured-news","11":"tag-featurednews","12":"tag-headlines","13":"tag-justica","14":"tag-latest-news","15":"tag-latestnews","16":"tag-maia","17":"tag-main-news","18":"tag-mainnews","19":"tag-news","20":"tag-noticias","21":"tag-noticias-principais","22":"tag-noticiasprincipais","23":"tag-portugal","24":"tag-principais-noticias","25":"tag-principaisnoticias","26":"tag-pt","27":"tag-top-stories","28":"tag-topstories","29":"tag-ultimas","30":"tag-ultimas-noticias","31":"tag-ultimasnoticias"},"share_on_mastodon":{"url":"https:\/\/pubeurope.com\/@pt\/115889347309991066","error":""},"_links":{"self":[{"href":"https:\/\/www.europesays.com\/pt\/wp-json\/wp\/v2\/posts\/227032","targetHints":{"allow":["GET"]}}],"collection":[{"href":"https:\/\/www.europesays.com\/pt\/wp-json\/wp\/v2\/posts"}],"about":[{"href":"https:\/\/www.europesays.com\/pt\/wp-json\/wp\/v2\/types\/post"}],"author":[{"embeddable":true,"href":"https:\/\/www.europesays.com\/pt\/wp-json\/wp\/v2\/users\/2"}],"replies":[{"embeddable":true,"href":"https:\/\/www.europesays.com\/pt\/wp-json\/wp\/v2\/comments?post=227032"}],"version-history":[{"count":0,"href":"https:\/\/www.europesays.com\/pt\/wp-json\/wp\/v2\/posts\/227032\/revisions"}],"wp:featuredmedia":[{"embeddable":true,"href":"https:\/\/www.europesays.com\/pt\/wp-json\/wp\/v2\/media\/227033"}],"wp:attachment":[{"href":"https:\/\/www.europesays.com\/pt\/wp-json\/wp\/v2\/media?parent=227032"}],"wp:term":[{"taxonomy":"category","embeddable":true,"href":"https:\/\/www.europesays.com\/pt\/wp-json\/wp\/v2\/categories?post=227032"},{"taxonomy":"post_tag","embeddable":true,"href":"https:\/\/www.europesays.com\/pt\/wp-json\/wp\/v2\/tags?post=227032"}],"curies":[{"name":"wp","href":"https:\/\/api.w.org\/{rel}","templated":true}]}}