{"id":227042,"date":"2026-01-13T19:09:11","date_gmt":"2026-01-13T19:09:11","guid":{"rendered":"https:\/\/www.europesays.com\/pt\/227042\/"},"modified":"2026-01-13T19:09:11","modified_gmt":"2026-01-13T19:09:11","slug":"o-classico-do-thrash-metal-que-fez-prika-amaral-da-nervosa-querer-tocar-guitarra","status":"publish","type":"post","link":"https:\/\/www.europesays.com\/pt\/227042\/","title":{"rendered":"O cl\u00e1ssico do thrash metal que fez Prika Amaral, da Nervosa, querer tocar guitarra"},"content":{"rendered":"<p>A guitarrista e vocalista <a href=\"https:\/\/whiplash.net\/bandas\/p\/prikaamaral.html\" class=\"hotwords\" rel=\"nofollow noopener\" target=\"_blank\">Prika Amaral<\/a> figura entre os grandes nomes do metal brasileiro. Na ativa h\u00e1 mais de 15 anos, a musicista \u00e9 conhecida pelo trabalho desempenhado \u00e0 frente da <a href=\"https:\/\/whiplash.net\/bandas\/n\/nervosa.html\" class=\"hotwords\" rel=\"nofollow noopener\" target=\"_blank\">Nervosa<\/a>, banda fundada por ela em 2010.<\/p>\n<p>A proposta sonora da <a href=\"https:\/\/whiplash.net\/bandas\/n\/nervosa.html\" class=\"hotwords\" rel=\"nofollow noopener\" target=\"_blank\">Nervosa<\/a> transita entre o thrash e o death metal. Dito isso, n\u00e3o chega a ser surpresa o fato de que um dos grandes marcos do thrash metal tenha despertado em Prika o desejo de tocar <a href=\"https:\/\/whiplash.net\/temas\/i\/instrumentos.html\" class=\"hotwords\" rel=\"nofollow noopener\" target=\"_blank\">guitarra<\/a>.<\/p>\n<p><a href=\"https:\/\/whiplash.net\/bandas\/m\/metallica.html\" class=\"linkBotao\" rel=\"nofollow noopener\" target=\"_blank\">Metallica &#8211; Mais Novidades<\/a><br \/><a target=\"_blank\" href=\"https:\/\/www.europesays.com\/pt\/wp-content\/uploads\/2025\/09\/nervosa_prikaamaral_napalm.jpg\"><img loading=\"lazy\" decoding=\"async\" src=\"https:\/\/www.europesays.com\/pt\/wp-content\/uploads\/2025\/09\/nervosa_prikaamaral_napalm.jpg\" class=\"widthConstrained\" width=\"700\" height=\"500\" alt=\"Foto: Napalm Records\"\/><\/a>Foto: Napalm Records<\/p>\n<p>CONTINUA DEPOIS DA PUBLICIDADE &#8211; CLI<\/p>\n<p>&#13;<br \/>\n&#13;<br \/>\n&#13;<br \/>\n&#13;<br \/>\n&#13;<br \/>\n&#13;<br \/>\n&#13;<br \/>\n&#13;<br \/>\n<a href=\"https:\/\/whiplash.net\/materias\/whiplash\/027002.html\" rel=\"nofollow noopener\" target=\"_blank\"><img decoding=\"async\" src=\"https:\/\/www.europesays.com\/pt\/wp-content\/uploads\/2026\/01\/1767746289_757_anunciar_diabo_336x280.gif\" loading=\"lazy\" width=\"336\" height=\"280\" class=\"widthConstrained\" style=\"background-color:#000000;display:block;\" alt=\"Anunciar bandas e shows de Rock e Heavy Metal\"\/><\/a>&#13;<\/p>\n<p>Prika concedeu entrevista ao <a href=\"https:\/\/www.instagram.com\/p\/DTaixhTEQgZ\/\" rel=\"nofollow noopener\" target=\"_blank\">perfil &#8220;Vida de Metal&#8221;<\/a> e foi convidada a citar cinco discos essenciais de heavy metal. Um dos trabalhos mencionados pela artista foi &#8220;Kill &#8216;Em All&#8221; (1983), \u00e1lbum de estreia do Metallica, que exerceu papel decisivo em sua forma\u00e7\u00e3o musical.<\/p>\n<p>&#8220;Esse disco foi o que me fez querer tocar guitarra. Quando ouvi o riff de &#8216;Seek and Destroy&#8217;, foi ali que eu entendi: &#8216;\u00c9 isso que eu quero fazer&#8217;.<\/p>\n<p>A ess\u00eancia do &#8216;Kill &#8216;Em All&#8217; \u00e9 o que mais me inspira. Tudo ali \u00e9 org\u00e2nico. N\u00e3o tem estrat\u00e9gia, n\u00e3o tem f\u00f3rmula. \u00c9 s\u00f3 intui\u00e7\u00e3o, vontade e amor pelo que eles escutavam. E at\u00e9 hoje, tanto as composi\u00e7\u00f5es quanto as grava\u00e7\u00f5es soam absurdamente fortes.&#8221;<\/p>\n<p>CONTINUA DEPOIS DA PUBLICIDADE &#8211; GOO<\/p>\n<p>&#13;<br \/>\n&#13;<br \/>\n&#13;<br \/>\n&#13;<br \/>\n<a href=\"https:\/\/whiplash.net\/materias\/whiplash\/027002.html\" rel=\"nofollow noopener\" target=\"_blank\"><img decoding=\"async\" src=\"https:\/\/www.europesays.com\/pt\/wp-content\/uploads\/2026\/01\/1767746289_757_anunciar_diabo_336x280.gif\" loading=\"lazy\" width=\"336\" height=\"280\" alt=\"Anunciar no Whiplash.Net\"\/><\/a>&#13;<br \/>\n&#13;<br \/>\n&#13;<br \/>\n&#13;<br \/>\n&#13;<br \/>\n&#13;<br \/>\n<a href=\"https:\/\/whiplash.net\/materias\/whiplash\/027002.html\" rel=\"nofollow noopener\" target=\"_blank\"><img decoding=\"async\" src=\"https:\/\/www.europesays.com\/pt\/wp-content\/uploads\/2026\/01\/1767746289_757_anunciar_diabo_336x280.gif\" loading=\"lazy\" width=\"336\" height=\"280\" class=\"widthConstrained\" style=\"background-color:#000000;display:block;\" alt=\"Anunciar bandas e shows de Rock e Heavy Metal\"\/><\/a>&#13;<\/p>\n<p>&#8220;Kill &#8216;Em All&#8221; re\u00fane algumas m\u00fasicas que se tornaram cl\u00e1ssicos incontest\u00e1veis do <a href=\"https:\/\/whiplash.net\/bandas\/m\/metallica.html\" class=\"hotwords\" rel=\"nofollow noopener\" target=\"_blank\">Metallica<\/a>, como &#8220;The Four Horsemen&#8221; e &#8220;Seek and Destroy&#8221;. Quatro faixas do \u00e1lbum contam com contribui\u00e7\u00f5es de <a href=\"https:\/\/whiplash.net\/bandas\/d\/davemustaine.html\" class=\"hotwords\" rel=\"nofollow noopener\" target=\"_blank\">Dave Mustaine<\/a>, guitarrista que mais tarde fundaria o <a href=\"https:\/\/whiplash.net\/bandas\/m\/megadeth.html\" class=\"hotwords\" rel=\"nofollow noopener\" target=\"_blank\">Megadeth<\/a>.<\/p>\n<p>CONTINUA DEPOIS DA PUBLICIDADE &#8211; CLI<\/p>\n<p>&#13;<br \/>\n&#13;<br \/>\n&#13;<br \/>\n&#13;<br \/>\n&#13;<br \/>\n&#13;<br \/>\n&#13;<br \/>\n&#13;<br \/>\n<a href=\"https:\/\/whiplash.net\/materias\/whiplash\/027002.html\" rel=\"nofollow noopener\" target=\"_blank\"><img decoding=\"async\" src=\"https:\/\/www.europesays.com\/pt\/wp-content\/uploads\/2026\/01\/1767746289_757_anunciar_diabo_336x280.gif\" loading=\"lazy\" width=\"336\" height=\"280\" class=\"widthConstrained\" style=\"background-color:#000000;display:block;\" alt=\"Anunciar bandas e shows de Rock e Heavy Metal\"\/><\/a>&#13;<\/p>\n<p>O trabalho mais recente da <a href=\"https:\/\/whiplash.net\/bandas\/n\/nervosa.html\" class=\"hotwords\" rel=\"nofollow noopener\" target=\"_blank\">Nervosa<\/a> \u00e9 &#8220;Jailbreak&#8221; (2023), que marcou uma nova fase na trajet\u00f3ria da banda. Uma nova m\u00fasica do grupo, ainda sem t\u00edtulo divulgado, ser\u00e1 lan\u00e7ada no dia 27 de janeiro.<\/p>\n<p>CONTINUA DEPOIS DA PUBLICIDADE &#8211; GOO<\/p>\n<p>&#13;<br \/>\n&#13;<br \/>\n&#13;<br \/>\n&#13;<br \/>\n<a href=\"https:\/\/whiplash.net\/materias\/whiplash\/027002.html\" rel=\"nofollow noopener\" target=\"_blank\"><img decoding=\"async\" src=\"https:\/\/www.europesays.com\/pt\/wp-content\/uploads\/2026\/01\/1767746289_757_anunciar_diabo_336x280.gif\" loading=\"lazy\" width=\"336\" height=\"280\" alt=\"Anunciar no Whiplash.Net\"\/><\/a>&#13;<br \/>\n&#13;<br \/>\n&#13;<br \/>\n&#13;<br \/>\n&#13;<br \/>\n&#13;<br \/>\n<a href=\"https:\/\/whiplash.net\/materias\/whiplash\/027002.html\" rel=\"nofollow noopener\" target=\"_blank\"><img decoding=\"async\" src=\"https:\/\/www.europesays.com\/pt\/wp-content\/uploads\/2026\/01\/1767746289_757_anunciar_diabo_336x280.gif\" loading=\"lazy\" width=\"336\" height=\"280\" class=\"widthConstrained\" style=\"background-color:#000000;display:block;\" alt=\"Anunciar bandas e shows de Rock e Heavy Metal\"\/><\/a>&#13;<\/p>\n<p><script async src=\"\/\/www.instagram.com\/embed.js\"><\/script><\/p>\n","protected":false},"excerpt":{"rendered":"A guitarrista e vocalista Prika Amaral figura entre os grandes nomes do metal brasileiro. Na ativa h\u00e1 mais&hellip;\n","protected":false},"author":2,"featured_media":63046,"comment_status":"","ping_status":"","sticky":false,"template":"","format":"standard","meta":{"footnotes":""},"categories":[141],"tags":[114,115,149,150,32,33],"class_list":{"0":"post-227042","1":"post","2":"type-post","3":"status-publish","4":"format-standard","5":"has-post-thumbnail","7":"category-musica","8":"tag-entertainment","9":"tag-entretenimento","10":"tag-music","11":"tag-musica","12":"tag-portugal","13":"tag-pt"},"share_on_mastodon":{"url":"https:\/\/pubeurope.com\/@pt\/115889370882901112","error":""},"_links":{"self":[{"href":"https:\/\/www.europesays.com\/pt\/wp-json\/wp\/v2\/posts\/227042","targetHints":{"allow":["GET"]}}],"collection":[{"href":"https:\/\/www.europesays.com\/pt\/wp-json\/wp\/v2\/posts"}],"about":[{"href":"https:\/\/www.europesays.com\/pt\/wp-json\/wp\/v2\/types\/post"}],"author":[{"embeddable":true,"href":"https:\/\/www.europesays.com\/pt\/wp-json\/wp\/v2\/users\/2"}],"replies":[{"embeddable":true,"href":"https:\/\/www.europesays.com\/pt\/wp-json\/wp\/v2\/comments?post=227042"}],"version-history":[{"count":0,"href":"https:\/\/www.europesays.com\/pt\/wp-json\/wp\/v2\/posts\/227042\/revisions"}],"wp:featuredmedia":[{"embeddable":true,"href":"https:\/\/www.europesays.com\/pt\/wp-json\/wp\/v2\/media\/63046"}],"wp:attachment":[{"href":"https:\/\/www.europesays.com\/pt\/wp-json\/wp\/v2\/media?parent=227042"}],"wp:term":[{"taxonomy":"category","embeddable":true,"href":"https:\/\/www.europesays.com\/pt\/wp-json\/wp\/v2\/categories?post=227042"},{"taxonomy":"post_tag","embeddable":true,"href":"https:\/\/www.europesays.com\/pt\/wp-json\/wp\/v2\/tags?post=227042"}],"curies":[{"name":"wp","href":"https:\/\/api.w.org\/{rel}","templated":true}]}}