{"id":227051,"date":"2026-01-13T19:14:10","date_gmt":"2026-01-13T19:14:10","guid":{"rendered":"https:\/\/www.europesays.com\/pt\/227051\/"},"modified":"2026-01-13T19:14:10","modified_gmt":"2026-01-13T19:14:10","slug":"cientista-foi-a-escola-do-lagarteiro-abrir-horizontes-a-quem-ainda-esta-a-descobrir-o-mundo","status":"publish","type":"post","link":"https:\/\/www.europesays.com\/pt\/227051\/","title":{"rendered":"Cientista foi a escola do Lagarteiro &#8220;abrir horizontes&#8221; a quem ainda est\u00e1 a descobrir o mundo"},"content":{"rendered":"<p>&#13;<br \/>\n&#13;<br \/>\n&#13;<br \/>\n\t&#13;<br \/>\n\t&#13;<br \/>\n&#13;<br \/>\n\t&#13;<br \/>\n&#13;<br \/>\n\t&#13;<br \/>\n&#13;<\/p>\n<p>\tCientista foi a escola do Lagarteiro &#8220;abrir horizontes&#8221; a quem ainda est\u00e1 a descobrir o mundo &#8211; JPN<\/p>\n<p>\t\t\t&#13;<br \/>\n&#13;<br \/>\n<a href=\"https:\/\/www.jpn.up.pt\/cdn-cgi\/content?id=1Lsqp3FU6p45IrDpDoylg.TFHElCVXbdSm2hIFOL3Fo-1768331649-1.1.1.1-zKk5CxsPtYJgDvpK933X7ic9PHXKwXBRUFidBY.MBmc\" aria-hidden=\"true\" rel=\"nofollow noopener\" style=\"display: none !important; visibility: hidden !important\" target=\"_blank\">&#13;<br \/>\n&#13;<br \/>\n&#13;<br \/>\n&#13;<br \/>\n&#13;<br \/>\n&#13;<br \/>\n&#13;<br \/>\n&#13;<\/p>\n<p>&#13;<br \/>\n\t\t&#13;<\/p>\n<p>Este site utiliza cookies para permitir uma melhor experi\u00eancia por parte do utilizador. Ao navegar no site estar\u00e1 a consentir a sua utiliza\u00e7\u00e3o.OkN\u00e3oLer mais<\/p>\n<p>Eliminar cookies&#13;\n\t\t\t<\/p>\n<p>\t\t&#13;<br \/>\n\t\t&#13;<br \/>\n&#13;<\/p>\n","protected":false},"excerpt":{"rendered":"&#13; &#13; &#13; &#13; &#13; &#13; &#13; &#13; &#13; &#13; Cientista foi a escola do Lagarteiro &#8220;abrir horizontes&#8221;&hellip;\n","protected":false},"author":2,"featured_media":227052,"comment_status":"","ping_status":"","sticky":false,"template":"","format":"standard","meta":{"footnotes":""},"categories":[84],"tags":[109,107,108,32,33,105,103,104,106,110],"class_list":{"0":"post-227051","1":"post","2":"type-post","3":"status-publish","4":"format-standard","5":"has-post-thumbnail","7":"category-ciencia-e-tecnologia","8":"tag-ciencia","9":"tag-ciencia-e-tecnologia","10":"tag-cienciaetecnologia","11":"tag-portugal","12":"tag-pt","13":"tag-science","14":"tag-science-and-technology","15":"tag-scienceandtechnology","16":"tag-technology","17":"tag-tecnologia"},"share_on_mastodon":{"url":"https:\/\/pubeurope.com\/@pt\/115889390447703825","error":""},"_links":{"self":[{"href":"https:\/\/www.europesays.com\/pt\/wp-json\/wp\/v2\/posts\/227051","targetHints":{"allow":["GET"]}}],"collection":[{"href":"https:\/\/www.europesays.com\/pt\/wp-json\/wp\/v2\/posts"}],"about":[{"href":"https:\/\/www.europesays.com\/pt\/wp-json\/wp\/v2\/types\/post"}],"author":[{"embeddable":true,"href":"https:\/\/www.europesays.com\/pt\/wp-json\/wp\/v2\/users\/2"}],"replies":[{"embeddable":true,"href":"https:\/\/www.europesays.com\/pt\/wp-json\/wp\/v2\/comments?post=227051"}],"version-history":[{"count":0,"href":"https:\/\/www.europesays.com\/pt\/wp-json\/wp\/v2\/posts\/227051\/revisions"}],"wp:featuredmedia":[{"embeddable":true,"href":"https:\/\/www.europesays.com\/pt\/wp-json\/wp\/v2\/media\/227052"}],"wp:attachment":[{"href":"https:\/\/www.europesays.com\/pt\/wp-json\/wp\/v2\/media?parent=227051"}],"wp:term":[{"taxonomy":"category","embeddable":true,"href":"https:\/\/www.europesays.com\/pt\/wp-json\/wp\/v2\/categories?post=227051"},{"taxonomy":"post_tag","embeddable":true,"href":"https:\/\/www.europesays.com\/pt\/wp-json\/wp\/v2\/tags?post=227051"}],"curies":[{"name":"wp","href":"https:\/\/api.w.org\/{rel}","templated":true}]}}